{"id":261512,"date":"2025-11-29T05:14:14","date_gmt":"2025-11-29T05:14:14","guid":{"rendered":"https:\/\/www.europesays.com\/es\/261512\/"},"modified":"2025-11-29T05:14:14","modified_gmt":"2025-11-29T05:14:14","slug":"el-espanyol-busca-chollos-de-cara-a-enero","status":"publish","type":"post","link":"https:\/\/www.europesays.com\/es\/261512\/","title":{"rendered":"El Espanyol busca &#8216;chollos&#8217; de cara a enero"},"content":{"rendered":"<p data-gtm-element-container=\"modulo-texto-link\" class=\"paragraph\">A poco m\u00e1s de un mes (1 de enero) de que se abra la puerta del mercado de invierno, el Espanyol no descarta que pueda llegar alg\u00fan refuerzo para apuntalar alguna posici\u00f3n del equipo de <strong>Manolo Gonz\u00e1lez. El propio presidente Alan Pace <\/strong>ya lo avanz\u00f3 en la Junta de Accionistas, recordando que \u00abestamos a las puertas del mercado de invierno y estamos preparados para afrontarlo. Tenemos una relaci\u00f3n muy fluida con la direcci\u00f3n deportiva y el entrenador, muy buena comunicaci\u00f3n y, como he dicho desde nuestra llegada, escucharemos y <strong>analizaremos cuales son las necesidades para intentar, con nuestros recursos<\/strong>, dar las mejores herramientas al cuerpo t\u00e9cnico y al equipo\u201d.<\/p>\n<p data-gtm-element-container=\"modulo-texto-link\" class=\"paragraph\">El director deportivo <strong>Fran Garagarza sigue recuper\u00e1ndose<\/strong> del grave infarto que sufri\u00f3 el 4 de noviembre pero su equipo sigue trabajando duro y en<strong> coordinaci\u00f3n constante con Manolo<\/strong> por si finalmente, se decide que deben llegar caras nuevas.\u00a0<\/p>\n<p data-gtm-element-container=\"modulo-texto-link\" class=\"paragraph\">En dicho escenario, <strong>el propio Pace tambi\u00e9n abri\u00f3 una ventana<\/strong> cuando desliz\u00f3 que la proximidad del Mundial de verano podr\u00eda propiciar que hubiera buenas oportunidades este enero. \u00abEste mercado tendr\u00e1 unas particularidades especiales por el Mundial pues igual se abren oportunidades ya que<strong> habr\u00e1 jugadores que buscan ir al Mundial y se quieren revalorizar\u00bb,<\/strong> dej\u00f3 caer.<\/p>\n<p>    Lee tambi\u00e9n<\/p>\n<p data-gtm-element-container=\"modulo-texto-link\" class=\"paragraph\">Para la direcci\u00f3n deportiva<strong> el gran &#8216;fichaje&#8217; de enero ser\u00e1 Javi Puado,<\/strong> que podr\u00eda llegar al \u00faltimo partido antes del par\u00f3n navide\u00f1o, la visita a San Mam\u00e9s, pero que tendr\u00e1 ya muchas opciones de estar en el primer partido de 2026, nada m\u00e1s y nada menos que<strong> el derbi ante el Barcelona<\/strong> en el RCDE Stadium a principios de enero.<\/p>\n<p data-gtm-element-container=\"modulo-texto-link\" class=\"paragraph\">Pese a todo ya se empiezan a filtrar los nombres de algunos futbolistas que estar\u00edan en el radar del Espanyol. La direcci\u00f3n deportiva no para. Uno de ellos es <strong>el centrocampista marroqu\u00ed Rayan Touzghar de 22 a\u00f1os<\/strong>. Seg\u00fan el diario L230fr, el club perico habr\u00eda preguntado por el medio del Pau FC, una de las revelaciones de la Ligue 2 francesa.<\/p>\n<p data-gtm-element-container=\"modulo-texto-link\" class=\"paragraph\">No lo tendr\u00e1 f\u00e1cil el Espanyol caso de que el inter\u00e9s acabe cogiendo fuerza. El jugador tambi\u00e9n<strong> interesa a Lens, Brest, Niza y Wydad<\/strong>, lo que convierte la operaci\u00f3n en una puja complicada para enero. De consumarse, ser\u00eda un fichaje\/cesi\u00f3n que deber\u00eda entrar dentro de los estrictos par\u00e1metros econ\u00f3micos que todav\u00eda atenazan los movimientos de la direcci\u00f3n deportiva.\u00a0<\/p>\n<p data-gtm-element-container=\"modulo-texto-link\" class=\"paragraph\">Seg\u00fan detalla Le360.fr, <strong>Touzghar, internacional con la Sub&#8217;20 de Marruecos,<\/strong> \u00abparticip\u00f3 con su club en 13 partidos, brindando dos asistencias y anotando un gol\u00bb. Est\u00e1 en la \u00f3rbita de una direcci\u00f3n deportiva que sigue depositando sus tent\u00e1culos en piezas apetecibles, futbolistas j\u00f3venes y con mucho margen de crecimiento, l\u00e9ase <strong>Riedel.\u00a0<\/strong><\/p>\n","protected":false},"excerpt":{"rendered":"A poco m\u00e1s de un mes (1 de enero) de que se abra la puerta del mercado de&hellip;\n","protected":false},"author":2,"featured_media":261513,"comment_status":"","ping_status":"","sticky":false,"template":"","format":"standard","meta":{"footnotes":""},"categories":[268],"tags":[168,25,24,280,282,281,23,167],"class_list":{"0":"post-261512","1":"post","2":"type-post","3":"status-publish","4":"format-standard","5":"has-post-thumbnail","7":"category-futbol","8":"tag-deportes","9":"tag-es","10":"tag-espana","11":"tag-football","12":"tag-futbol","13":"tag-soccer","14":"tag-spain","15":"tag-sports"},"share_on_mastodon":{"url":"https:\/\/pubeurope.com\/@es\/115631283513313975","error":""},"_links":{"self":[{"href":"https:\/\/www.europesays.com\/es\/wp-json\/wp\/v2\/posts\/261512","targetHints":{"allow":["GET"]}}],"collection":[{"href":"https:\/\/www.europesays.com\/es\/wp-json\/wp\/v2\/posts"}],"about":[{"href":"https:\/\/www.europesays.com\/es\/wp-json\/wp\/v2\/types\/post"}],"author":[{"embeddable":true,"href":"https:\/\/www.europesays.com\/es\/wp-json\/wp\/v2\/users\/2"}],"replies":[{"embeddable":true,"href":"https:\/\/www.europesays.com\/es\/wp-json\/wp\/v2\/comments?post=261512"}],"version-history":[{"count":0,"href":"https:\/\/www.europesays.com\/es\/wp-json\/wp\/v2\/posts\/261512\/revisions"}],"wp:featuredmedia":[{"embeddable":true,"href":"https:\/\/www.europesays.com\/es\/wp-json\/wp\/v2\/media\/261513"}],"wp:attachment":[{"href":"https:\/\/www.europesays.com\/es\/wp-json\/wp\/v2\/media?parent=261512"}],"wp:term":[{"taxonomy":"category","embeddable":true,"href":"https:\/\/www.europesays.com\/es\/wp-json\/wp\/v2\/categories?post=261512"},{"taxonomy":"post_tag","embeddable":true,"href":"https:\/\/www.europesays.com\/es\/wp-json\/wp\/v2\/tags?post=261512"}],"curies":[{"name":"wp","href":"https:\/\/api.w.org\/{rel}","templated":true}]}}