{"id":261520,"date":"2025-11-29T05:21:09","date_gmt":"2025-11-29T05:21:09","guid":{"rendered":"https:\/\/www.europesays.com\/es\/261520\/"},"modified":"2025-11-29T05:21:09","modified_gmt":"2025-11-29T05:21:09","slug":"alucinando-con-el-animal-osobor","status":"publish","type":"post","link":"https:\/\/www.europesays.com\/es\/261520\/","title":{"rendered":"Alucinando con el &#8216;animal&#8217; Osobor"},"content":{"rendered":"<p style=\"\">La nueva <strong>Espa\u00f1a<\/strong>, la de <strong>Chus Mateo<\/strong>, dio un primer paso <a href=\"https:\/\/www.abc.es\/deportes\/baloncesto\/dinamarca-espana-directo-clasificacion-mundial-baloncesto-20251127184747-di.html\" target=\"_self\" data-voc-vtm-id=\"in-text-traffic\" title=\"ante Dinamarca\" rel=\"nofollow noopener\">ante Dinamarca<\/a> digno de menci\u00f3n. Hubo fallos que corregir, como el desacierto en el triple o las desconexiones en el \u00faltimo cuarto, pero, en general, las sensaciones fueron de frescura absoluta.  &#8230; Agresivos, voraces en la b\u00fasqueda del aro rival y con un importante poder\u00edo en el rebote, los pupilos del t\u00e9cnico madrile\u00f1o no tuvieron problemas para imponerse a los n\u00f3rdicos y sellar su primera victoria en el camino al <strong>Mundial de 2027<\/strong> (ma\u00f1ana ser\u00e1 Georgia el rival). Y si hay un jugador que ejemplific\u00f3 todo lo que quiere implementar el ex del Real Madrid en la selecci\u00f3n nacional, ese fue <strong>Great Osobor<\/strong> (22 a\u00f1os). El navarro, en su primera aparici\u00f3n de rojo y amarillo, sum\u00f3 12 puntos, ocho rebotes, dos robos y una retah\u00edla de jugadas estratosf\u00e9ricas que enmudecieron a los presentes en el <strong>Farum Park<\/strong> de Copenhague. <\/p>\n<p class=\"voc-p\" style=\"\">\u00abTengo muchas esperanzas puestas en \u00e9l. Pero han jugado bien tanto \u00e9l como sus compa\u00f1eros. Hay cosas que tiene que mejorar, porque es joven. Tiene uno contra uno, genera juego pero necesita aprender a competir al l\u00edmite de la posesi\u00f3n. Aun as\u00ed, estoy encantado de tenerle aqu\u00ed\u00bb, asegur\u00f3 <strong>Mateo<\/strong> en rueda de prensa, exigente con su nueva perla aunque consciente de que su perfil, ahora mismo, es \u00fanico en el baloncesto nacional. <\/p>\n<p class=\"voc-p\" style=\"\">De hecho, el t\u00e9cnico, antes de anunciar su primera convocatoria el pasado d\u00eda 18, se desplaz\u00f3 a Alemania para entrevistarse con el jugador del <strong>Science City Jaena<\/strong>, donde milita desde el pasado verano. En la charla, qued\u00f3 absolutamente claro que Mateo ve\u00eda a Osobor como una pieza fundamental <a href=\"https:\/\/www.abc.es\/deportes\/baloncesto\/revolucion-seleccion-espanola-baloncesto-chus-mateo-20251118141433-nt.html\" target=\"_self\" data-voc-vtm-id=\"in-text-traffic\" title=\"de su nuevo proyecto\" rel=\"nofollow noopener\">de su nuevo proyecto<\/a>, y los resultados no han tardado en llegar. A su ya constatada calidad y poder\u00edo f\u00edsico (su compa\u00f1ero <strong>Oriol Paul\u00ed<\/strong> lo calific\u00f3 de \u00abanimal\u00bb tras su estreno en Dinamarca), desde la Federaci\u00f3n aseguran que ha ca\u00eddo de pie, absolutamente integrado en un grupo y un cuerpo t\u00e9cnico que destacan, adem\u00e1s, su educaci\u00f3n y respeto. <\/p>\n<p class=\"voc-p\" style=\"\">No pod\u00eda escap\u00e1rsele <strong>Osobor<\/strong> a Espa\u00f1a, un equipo anta\u00f1o glorioso pero que ha encadenado tres torneos (Mundial de 2023, Juegos Ol\u00edmpicos de 2024 y Eurobasket de 2025) sin pasar de la fase de grupos. La inyecci\u00f3n de sangre nueva era obligada y el p\u00edvot, en tan solo un partido con la selecci\u00f3n, parece haberse convertido en uno de los principales motores de la nueva Espa\u00f1a. <\/p>\n<p class=\"voc-p\" style=\"\">Que <strong>Osobor<\/strong> defienda al combinado nacional es, pese a todo, el resultado de un c\u00famulo de casualidades. Sus padres llegaron hace d\u00e9cadas <a href=\"https:\/\/www.abc.es\/deportes\/baloncesto\/great-osobor-millonario-alumno-criminologia-estrella-oculta-20240514042937-nt.html\" target=\"_self\" data-voc-vtm-id=\"in-text-traffic\" title=\"desde Nigeria\" rel=\"nofollow noopener\">desde Nigeria<\/a> y, para iniciar una nueva vida, eligieron el sur de <strong>Navarra<\/strong> como destino, concretamente <strong>Murchante<\/strong>, un pueblo de apenas 5.000 habitantes. All\u00ed, en 2002, vino al mundo Great, que en castellano significa &#8216;genial&#8217; o &#8216;grande&#8217;, toda una declaraci\u00f3n de intenciones por parte de sus progenitores, uno taxista y otra cuidadora de personas mayores. El caso es que cuando el peque\u00f1o ten\u00eda solo dos a\u00f1os, toda la familia, incluidas sus hermanas, se mudaron a <strong>Tudela<\/strong>, lugar donde la canasta comenzar\u00eda a captar la atenci\u00f3n de aquel formidable joven.<\/p>\n<p class=\"voc-p\" style=\"\">Como es tradici\u00f3n es este pa\u00eds, el f\u00fatbol fue su primera opci\u00f3n. Era bueno, met\u00eda muchos goles como delantero aunque, como \u00e9l mismo ha reconocido, sus constantes estirones (ahora alcanza los 203 cent\u00edmetros adem\u00e1s de 105 kilos) le acabaron acercando al baloncesto. Se estren\u00f3 en el <strong>G\u00e9nesis de Tudela<\/strong> y, con rapidez, comenz\u00f3 a ascender categor\u00edas adem\u00e1s de disputar alg\u00fan torneo auton\u00f3mico con la selecci\u00f3n de Navarra. El problema fue que, en 2015, a su padre le surgi\u00f3 una oportunidad de trabajo en <strong>Bradford<\/strong>, Inglaterra, y todos los Osobor cruzaron el Canal de la Mancha.<\/p>\n<p class=\"voc-p\" style=\"\">En cualquier caso, poco import\u00f3 la escasa tradici\u00f3n del pa\u00eds anglosaj\u00f3n en cuanto a la canasta se refiere. Great era un tif\u00f3n incontrolable y no tardaron los ojeadores estadounidenses en fijarse en \u00e9l. Con 18 ya estaba en la liga universitaria<strong> (NCAA)<\/strong>, donde firm\u00f3 grandes temporadas en Montana, Utah y Washington, siempre de la mano de su inseparable mentor, el entrenador americano <strong>Danny Sprinkle<\/strong>, pues cada vez que cambiaba de trabajo, el fichaje de Osobor era su \u00fanica petici\u00f3n innegociable. Incluso, lleg\u00f3 a ser el mejor la competici\u00f3n cuando firm\u00f3 un contrato que le report\u00f3 dos millones de d\u00f3lares. <\/p>\n<p class=\"voc-p\" style=\"\">Su camino, poco habitual aunque muy acorde con los tiempos modernos, pod\u00eda haberle llevado a los brazos de cualquier otro combinado nacional. Sin embargo, en los \u00faltimos a\u00f1os, siempre que se le ha puesto un micr\u00f3fono delante, ha asegurado que tiene dos sue\u00f1os en esta vida: jugar en la <strong>NBA<\/strong> y defender a Espa\u00f1a con la selecci\u00f3n. El primero llegar\u00e1 con el tiempo pero el segundo, desde el pasado mi\u00e9rcoles, ya es una realidad absoluta.<\/p>\n","protected":false},"excerpt":{"rendered":"La nueva Espa\u00f1a, la de Chus Mateo, dio un primer paso ante Dinamarca digno de menci\u00f3n. Hubo fallos&hellip;\n","protected":false},"author":2,"featured_media":261521,"comment_status":"","ping_status":"","sticky":false,"template":"","format":"standard","meta":{"footnotes":""},"categories":[93],"tags":[168,25,24,16027,2362,524,16028,23,167],"class_list":{"0":"post-261520","1":"post","2":"type-post","3":"status-publish","4":"format-standard","5":"has-post-thumbnail","7":"category-deportes","8":"tag-deportes","9":"tag-es","10":"tag-espana","11":"tag-great","12":"tag-motor","13":"tag-nuevo","14":"tag-osobor","15":"tag-spain","16":"tag-sports"},"share_on_mastodon":{"url":"https:\/\/pubeurope.com\/@es\/115631310948512913","error":""},"_links":{"self":[{"href":"https:\/\/www.europesays.com\/es\/wp-json\/wp\/v2\/posts\/261520","targetHints":{"allow":["GET"]}}],"collection":[{"href":"https:\/\/www.europesays.com\/es\/wp-json\/wp\/v2\/posts"}],"about":[{"href":"https:\/\/www.europesays.com\/es\/wp-json\/wp\/v2\/types\/post"}],"author":[{"embeddable":true,"href":"https:\/\/www.europesays.com\/es\/wp-json\/wp\/v2\/users\/2"}],"replies":[{"embeddable":true,"href":"https:\/\/www.europesays.com\/es\/wp-json\/wp\/v2\/comments?post=261520"}],"version-history":[{"count":0,"href":"https:\/\/www.europesays.com\/es\/wp-json\/wp\/v2\/posts\/261520\/revisions"}],"wp:featuredmedia":[{"embeddable":true,"href":"https:\/\/www.europesays.com\/es\/wp-json\/wp\/v2\/media\/261521"}],"wp:attachment":[{"href":"https:\/\/www.europesays.com\/es\/wp-json\/wp\/v2\/media?parent=261520"}],"wp:term":[{"taxonomy":"category","embeddable":true,"href":"https:\/\/www.europesays.com\/es\/wp-json\/wp\/v2\/categories?post=261520"},{"taxonomy":"post_tag","embeddable":true,"href":"https:\/\/www.europesays.com\/es\/wp-json\/wp\/v2\/tags?post=261520"}],"curies":[{"name":"wp","href":"https:\/\/api.w.org\/{rel}","templated":true}]}}