{"id":261522,"date":"2025-11-29T05:23:16","date_gmt":"2025-11-29T05:23:16","guid":{"rendered":"https:\/\/www.europesays.com\/es\/261522\/"},"modified":"2025-11-29T05:23:16","modified_gmt":"2025-11-29T05:23:16","slug":"cincuenta-anos-de-the-koln-concert-de-keith-jarrett-el-superventas-mas-imprevisto-de-la-historia-del-jazz-cultura","status":"publish","type":"post","link":"https:\/\/www.europesays.com\/es\/261522\/","title":{"rendered":"Cincuenta a\u00f1os de \u2018The K\u00f6ln Concert\u2019, de Keith Jarrett, el superventas m\u00e1s imprevisto de la historia del jazz | Cultura"},"content":{"rendered":"<p class=\"\">En una de las m\u00e1s memorables escenas del cine de los noventa, en su cl\u00e1sica pel\u00edcula Caro Diario, <a href=\"https:\/\/elpais.com\/eps\/2023-09-08\/nanni-moretti-la-izquierda-tendra-que-ocuparse-de-los-ultimos-de-la-fila-acordarse-del-motivo-por-el-que-nacio.html\" target=\"_blank\" rel=\"noreferrer nofollow noopener\" title=\"https:\/\/elpais.com\/eps\/2023-09-08\/nanni-moretti-la-izquierda-tendra-que-ocuparse-de-los-ultimos-de-la-fila-acordarse-del-motivo-por-el-que-nacio.html\">el cineasta Nanni Moretti<\/a> conduce su Vespa por las calles de Roma con el emocionante inicio de <a href=\"https:\/\/elpais.com\/icon\/2025-05-19\/koln-75-como-un-hombre-al-limite-y-un-piano-estropeado-crearon-el-disco-de-jazz-en-solitario-mas-vendido-de-la-historia.html\" target=\"_blank\" rel=\"noreferrer nofollow noopener\" title=\"https:\/\/elpais.com\/icon\/2025-05-19\/koln-75-como-un-hombre-al-limite-y-un-piano-estropeado-crearon-el-disco-de-jazz-en-solitario-mas-vendido-de-la-historia.html\">The K\u00f6ln Concert<\/a> acompa\u00f1ando lo que se ve en la pantalla. Es una secuencia que dura nada menos que seis minutos, en los que la imagen se ve propulsada por una m\u00fasica que embelesa al espectador y refleja por qu\u00e9 este \u00e1lbum, cuyo contenido fue completamente improvisado por un solista de <a href=\"https:\/\/elpais.com\/noticias\/jazz\/\" target=\"_blank\" rel=\"noreferrer nofollow noopener\" title=\"https:\/\/elpais.com\/noticias\/jazz\/\">jazz<\/a>, se convirti\u00f3 inesperadamente en el <a href=\"https:\/\/elpais.com\/icon\/2025-05-19\/koln-75-como-un-hombre-al-limite-y-un-piano-estropeado-crearon-el-disco-de-jazz-en-solitario-mas-vendido-de-la-historia.html\" target=\"_blank\" rel=\"noreferrer nofollow noopener\" title=\"https:\/\/elpais.com\/icon\/2025-05-19\/koln-75-como-un-hombre-al-limite-y-un-piano-estropeado-crearon-el-disco-de-jazz-en-solitario-mas-vendido-de-la-historia.html\">disco de piano m\u00e1s exitoso de la historia<\/a>.<\/p>\n<p class=\"\">M\u00e1s all\u00e1 de sus cualidades musicales, su magia reside en lo imprevisto, en un c\u00famulo de circunstancias que cincelaron una pieza musical cuya trascendencia era imposible de calibrar, ni antes ni justo despu\u00e9s del recital. El propio concepto interpretativo de <a href=\"https:\/\/elpais.com\/noticias\/keith-jarrett\/\" target=\"_blank\" rel=\"noreferrer nofollow noopener\" title=\"https:\/\/elpais.com\/noticias\/keith-jarrett\/\">Jarrett<\/a>, que ten\u00eda 30 a\u00f1os (hoy 80, nacido en Pensilvania), sentarse al piano con pr\u00e1cticamente ninguna idea prevista y sin ninguna composici\u00f3n sobre la que tocar, e improvisar durante m\u00e1s de una hora en una est\u00e9tica surgida de muchas influencias y alejada de la abstracci\u00f3n del free jazz, es un desaf\u00edo a lo fortuito y a la capacidad creativa del artista en las circunstancias en que se encuentre en el momento de la actuaci\u00f3n. Si cuando comienza a tocar tiene fr\u00edo, le duele la cabeza, est\u00e1 en un buen momento personal o acaba de recibir una mala noticia, eso acabar\u00e1 marcando lo que suene a continuaci\u00f3n mucho m\u00e1s de lo que lo har\u00eda con cualquier programa convenientemente ensayado.<\/p>\n<p><img decoding=\"auto\" class=\"_re lazyload a_m-h\" height=\"276\"  width=\"414\"  src=\"https:\/\/www.europesays.com\/es\/wp-content\/uploads\/2025\/11\/AFEYC4QRJBA5VLWIQTFGZTQV6U.jpg\" loading=\"lazy\"\/>El m\u00fasico Keith Jarrett se present\u00f3 en 1975 en San Francisco.Tom Copi<\/p>\n<p class=\"\">En el caso de <a href=\"https:\/\/elpais.com\/eps\/2025-06-26\/la-mujer-que-obro-el-milagro-con-keith-jarrett.html\" target=\"_blank\" rel=\"noreferrer nofollow noopener\" title=\"https:\/\/elpais.com\/eps\/2025-06-26\/la-mujer-que-obro-el-milagro-con-keith-jarrett.html\">The K\u00f6ln Concert<\/a>, la m\u00edstica del marco vital en el que se cre\u00f3 ha ayudado con los a\u00f1os a apuntalar su leyenda: una historia que se ha contado muchas veces y que a principios de este a\u00f1o se vio dramatizada en la pel\u00edcula K\u00f6ln 75 (que no cont\u00f3 con el respaldo ni la aprobaci\u00f3n de Jarrett ni su discogr\u00e1fica). El pianista estaba exhausto tras un trayecto de muchas horas en coche y sin dormir por un intenso dolor de espalda, con malestar por una cena que le sent\u00f3 particularmente mal y obligado a tocar con un min\u00fasculo piano de media cola para pr\u00e1cticas, que estaba en mal estado y que fue imposible de afinar totalmente. Todo ello estuvo a punto de provocar la cancelaci\u00f3n del concierto, pero este finalmente ocurri\u00f3 y, a pesar de que tanto Jarrett como su <a href=\"https:\/\/elpais.com\/cultura\/2019\/12\/27\/babelia\/1577464136_048578.html\" target=\"_blank\" rel=\"noreferrer nofollow noopener\" title=\"https:\/\/elpais.com\/cultura\/2019\/12\/27\/babelia\/1577464136_048578.html\">productor y fundador del sello ECM, Manfred Eicher<\/a>, no le ve\u00edan mucho sentido a grabar un recital con un piano semejante, aprovechando que los ingenieros y el equipo de grabaci\u00f3n estaban all\u00ed decidieron registrarlo igualmente. El resto es historia.<\/p>\n<p class=\"\">Aunque enseguida se convirti\u00f3 en su \u00e1lbum m\u00e1s popular, casi devorando al artista, que a lo largo de los a\u00f1os ha tratado de distanciarse de \u00e9l, <a href=\"https:\/\/elpais.com\/espana\/catalunya\/2025-03-29\/acordes-de-nostalgia-con-keith-jarret.html\" target=\"_blank\" rel=\"noreferrer nofollow noopener\" title=\"https:\/\/elpais.com\/espana\/catalunya\/2025-03-29\/acordes-de-nostalgia-con-keith-jarret.html\">The K\u00f6ln Concert<\/a> est\u00e1 lejos de ser el mejor registro de Jarrett, y podr\u00edamos decir que musicalmente ni siquiera est\u00e1 entre sus cimas creativas. Pero tiene algo especial, de eso no hay duda. Probablemente, su mayor virtud es su accesibilidad y su milagrosa capacidad para seducir f\u00e1cilmente a todo tipo de audiencias. No es jazz, ni m\u00fasica cl\u00e1sica, ni folk, ni pop, ni g\u00f3spel, pero tiene elementos de todo ello y, cuando el disco se public\u00f3 el 30 de noviembre de 1975, el p\u00fablico general estaba preparado para largas exposiciones instrumentales gracias al rock progresivo y al \u00e9xito de propuestas como las de <a href=\"https:\/\/elpais.com\/especiales\/2019\/pink-floyd-leyenda-rock\/\" target=\"_blank\" rel=\"noreferrer nofollow noopener\" title=\"https:\/\/elpais.com\/especiales\/2019\/pink-floyd-leyenda-rock\/\">Pink Floyd<\/a> o <a href=\"https:\/\/elpais.com\/cultura\/2023-06-18\/tubular-bells-principio-y-final-para-mike-oldfield.html\" target=\"_blank\" rel=\"noreferrer nofollow noopener\" title=\"https:\/\/elpais.com\/cultura\/2023-06-18\/tubular-bells-principio-y-final-para-mike-oldfield.html\">Mike Oldfield<\/a>, y el mundo del jazz hab\u00eda abierto ya sus fronteras a diferentes tipos de fusiones.<\/p>\n<p><img decoding=\"auto\" class=\"_re lazyload a_m-h\" height=\"413\"  width=\"414\"  src=\"https:\/\/www.europesays.com\/es\/wp-content\/uploads\/2025\/11\/CSMVLFWA4JEKZJHYXP2OSCNRTM.jpg\" loading=\"lazy\"\/>Portada del disco &#8216;The K\u00f6ln Concert&#8217; (1975), de Keith Jarrett. <\/p>\n<p class=\"\">Hay que recordar tambi\u00e9n que a esas alturas de su carrera Jarrett no era un reci\u00e9n llegado, y estaba haciendo muchas m\u00e1s cosas que trabajar en ese tit\u00e1nico formato de improvisaci\u00f3n extensa a piano solo con el que cre\u00f3 The K\u00f6ln Concert. Hab\u00edan pasado poco m\u00e1s de tres a\u00f1os desde que dej\u00f3 definitivamente el grupo de Miles Davis, y en ese lapso ya hab\u00eda formado su colosal cuarteto junto a Dewey Redman, Charlie Haden y Paul Motian, que desde el principio de su existencia cre\u00f3 algunos de los mejores \u00e1lbumes de jazz de los 70; acababa de estrenar su Cuarteto europeo junto a Jan Garbarek, Palle Danielsson y Jon Christensen con su obra maestra Belonging; y hab\u00eda publicado dos \u00e1lbumes a piano solo que pavimentaron el camino hacia el concierto en Colonia: el seminal Facing You, con el que debut\u00f3 en ECM, y el extraordinario Solo Concerts: Bremen\/Lausanne, grabado solo a\u00f1o y medio antes que The K\u00f6ln Concert.<\/p>\n<p class=\"\">El inesperado \u00e9xito de este tercer disco en solitario legitim\u00f3 la atrevida propuesta de Jarrett, y seguramente tambi\u00e9n varios anhelos creativos que desarroll\u00f3 en a\u00f1os venideros, con la fortaleza de haberse convertido en un artista que, sin ser masivo, gozaba de una enorme popularidad. No es il\u00f3gico pensar que sin el impacto de The K\u00f6ln Concert su discograf\u00eda tal vez no albergar\u00eda m\u00e1s de una veintena de \u00e1lbumes en solitario, y obras maestras como el monumental Sun Bear Concerts \u2014m\u00e1s de seis horas de m\u00fasica excelsa, extra\u00edda de cinco conciertos en solitario grabados en Jap\u00f3n a finales de 1976\u2014 no hubiesen podido ser publicadas. The K\u00f6ln Concert dio alas al pianista para construir una de las carreras m\u00e1s brillantes que ha dado la m\u00fasica improvisada.<\/p>\n<p><img decoding=\"auto\" class=\"_re lazyload a_m-v\" height=\"508\"  width=\"414\"  src=\"https:\/\/www.europesays.com\/es\/wp-content\/uploads\/2025\/11\/QJZL3IFFCZB4XHQDIMPTQK7VSI.jpg\" loading=\"lazy\"\/>Keith Jarrett, en 1975.  David Redfern (Redferns)<\/p>\n<p class=\"\">Pero la trascendencia del \u00e1lbum va mucho m\u00e1s all\u00e1 de la propia carrera de Jarrett. <a href=\"https:\/\/elpais.com\/babelia\/2021-07-31\/cuando-el-paraiso-del-jazz-estaba-en-europa.html\" target=\"_blank\" rel=\"noreferrer nofollow noopener\" title=\"https:\/\/elpais.com\/babelia\/2021-07-31\/cuando-el-paraiso-del-jazz-estaba-en-europa.html\">Si ECM ha sido capital para definir gran parte del jazz contempor\u00e1neo<\/a>, ha sido tambi\u00e9n gracias al espaldarazo que le dio el \u00e9xito del \u00e1lbum. La disquera llevaba seis a\u00f1os activa cuando apareci\u00f3 The K\u00f6ln Concert, con algunos \u00e1lbumes muy destacados en su haber, e incluso alg\u00fan \u00e9xito, como el debut de <a href=\"https:\/\/elpais.com\/cultura\/2008\/07\/10\/actualidad\/1215640806_850215.html\" target=\"_blank\" rel=\"noreferrer nofollow noopener\" title=\"https:\/\/elpais.com\/cultura\/2008\/07\/10\/actualidad\/1215640806_850215.html\">Return To Forever<\/a> de Chick Corea. Pero, a partir de ese momento, la importancia e influencia de ECM marc\u00f3 buena parte del devenir del jazz en Europa, gracias a una particular sensibilidad art\u00edstica y a una refrescante innovaci\u00f3n est\u00e9tica en los dise\u00f1os de sus \u00e1lbumes. La sobriedad de la portada de The K\u00f6ln Concert tambi\u00e9n es parte de su car\u00e1cter y de la apuesta art\u00edstica del sello, que a lo largo de la d\u00e9cada edit\u00f3 decenas de \u00e1lbumes fabulosos cuyas portadas, siempre con un rotundo pulso art\u00edstico, estaban completamente alejadas de la est\u00e9tica que hab\u00eda envuelto al jazz norteamericano en d\u00e9cadas pasadas.<\/p>\n<p class=\"\">50 a\u00f1os despu\u00e9s, Jarrett es uno de los m\u00fasicos m\u00e1s importantes del siglo XX y ECM se mantiene como el sello con la n\u00f3mina de artistas m\u00e1s s\u00f3lida del jazz. Para celebrar la efem\u00e9ride han publicado una edici\u00f3n especial 50 aniversario del \u00e1lbum en vinilo, con un libreto de contenido in\u00e9dito y una l\u00e1mina con un retrato de Jarrett y su firma impresa. El contenido musical es el mismo, porque no tendr\u00eda sentido cambiarle nada. Ser\u00eda extirparle la magia que lo convirti\u00f3 en uno de los m\u00e1s extra\u00f1os hitos mundiales de la m\u00fasica: una hora de improvisaci\u00f3n en piano solo que consigui\u00f3 entrar en millones de hogares y marcar a diferentes generaciones sin que nadie pudiese preverlo.<\/p>\n","protected":false},"excerpt":{"rendered":"En una de las m\u00e1s memorables escenas del cine de los noventa, en su cl\u00e1sica pel\u00edcula Caro Diario,&hellip;\n","protected":false},"author":2,"featured_media":261523,"comment_status":"","ping_status":"","sticky":false,"template":"","format":"standard","meta":{"footnotes":""},"categories":[91],"tags":[218,208,209,20062,65254,146,147,25,24,723,65253,185,725,23],"class_list":{"0":"post-261522","1":"post","2":"type-post","3":"status-publish","4":"format-standard","5":"has-post-thumbnail","7":"category-entretenimiento","8":"tag-canciones","9":"tag-conciertos","10":"tag-cultura","11":"tag-discos-musica","12":"tag-ecm","13":"tag-entertainment","14":"tag-entretenimiento","15":"tag-es","16":"tag-espana","17":"tag-jazz","18":"tag-keith-jarrett","19":"tag-musica","20":"tag-musicos","21":"tag-spain"},"share_on_mastodon":{"url":"https:\/\/pubeurope.com\/@es\/115631319245318597","error":""},"_links":{"self":[{"href":"https:\/\/www.europesays.com\/es\/wp-json\/wp\/v2\/posts\/261522","targetHints":{"allow":["GET"]}}],"collection":[{"href":"https:\/\/www.europesays.com\/es\/wp-json\/wp\/v2\/posts"}],"about":[{"href":"https:\/\/www.europesays.com\/es\/wp-json\/wp\/v2\/types\/post"}],"author":[{"embeddable":true,"href":"https:\/\/www.europesays.com\/es\/wp-json\/wp\/v2\/users\/2"}],"replies":[{"embeddable":true,"href":"https:\/\/www.europesays.com\/es\/wp-json\/wp\/v2\/comments?post=261522"}],"version-history":[{"count":0,"href":"https:\/\/www.europesays.com\/es\/wp-json\/wp\/v2\/posts\/261522\/revisions"}],"wp:featuredmedia":[{"embeddable":true,"href":"https:\/\/www.europesays.com\/es\/wp-json\/wp\/v2\/media\/261523"}],"wp:attachment":[{"href":"https:\/\/www.europesays.com\/es\/wp-json\/wp\/v2\/media?parent=261522"}],"wp:term":[{"taxonomy":"category","embeddable":true,"href":"https:\/\/www.europesays.com\/es\/wp-json\/wp\/v2\/categories?post=261522"},{"taxonomy":"post_tag","embeddable":true,"href":"https:\/\/www.europesays.com\/es\/wp-json\/wp\/v2\/tags?post=261522"}],"curies":[{"name":"wp","href":"https:\/\/api.w.org\/{rel}","templated":true}]}}