{"id":261526,"date":"2025-11-29T05:26:11","date_gmt":"2025-11-29T05:26:11","guid":{"rendered":"https:\/\/www.europesays.com\/es\/261526\/"},"modified":"2025-11-29T05:26:11","modified_gmt":"2025-11-29T05:26:11","slug":"maduro-ordena-a-fuerza-aerea-estar-lista-para-la-defensa-dw-28-11-2025","status":"publish","type":"post","link":"https:\/\/www.europesays.com\/es\/261526\/","title":{"rendered":"Maduro ordena a fuerza a\u00e9rea estar \u00ablista\u00bb para la defensa \u2013 DW \u2013 28\/11\/2025"},"content":{"rendered":"<p>El presidente de <a class=\"internal-link\" href=\"https:\/\/www.dw.com\/es\/venezuela\/t-17410652\" rel=\"nofollow noopener\" target=\"_blank\">Venezuela<\/a>, <a class=\"internal-link\" href=\"https:\/\/www.dw.com\/es\/nicol\u00e1s-maduro\/t-17409336\" rel=\"nofollow noopener\" target=\"_blank\">Nicol\u00e1s Maduro<\/a>, orden\u00f3 el jueves (27.11.2025) a los miembros de la fuerza a\u00e9rea estar \u00abalertas y listos\u00bb en caso de que su pa\u00eds se declare como \u00abrep\u00fablica en armas\u00bb, en un contexto marcado por la tensi\u00f3n con Estados Unidos tras su despliegue militar en el Caribe.<\/p>\n<p>\u00abLes pido estar siempre imperturbables en su serenidad, alertas, listos y dispuestos a defender nuestros derechos como naci\u00f3n, como patria libre y soberana, y s\u00e9 que jam\u00e1s le fallar\u00e1n a Venezuela, s\u00e9 que Venezuela cuenta con ustedes\u00bb, dijo Maduro, en un video grabado dirigido a los militares.<\/p>\n<p>En este sentido, prometi\u00f3 que, si la historia exigiera que el pa\u00eds suramericano se declare \u00abuna rep\u00fablica en armas\u00bb, tendr\u00eda \u00abun solo destino: la victoria\u00bb.<\/p>\n<p>Vestido con un traje verde olivo y una gorra roja, Maduro habl\u00f3 en un acto por el 105 aniversario de la Aviaci\u00f3n Militar Bolivariana, transmitido por el canal estatal VTV.<\/p>\n<blockquote class=\"tweet embed\" data-id=\"1994103974031417601\"\/>\n<p>Dijo que\u00a0desde hace 17 semanas fuerzas extranjeras\u00a0\u00abimperialistas amenazan continuamente con alterar la paz\u00bb en el Caribe, en Venezuela y en el resto de Suram\u00e9rica, \u00abbajo falsos y extravagantes argumentos\u00bb.<\/p>\n<p>Sin embargo, el pueblo venezolano no se atemoriza y \u00abse ha preparado con serenidad imperturbable para defender su patria\u00bb, agreg\u00f3 al recordar las jornadas de alistamiento de civiles para recibir preparaci\u00f3n militar y los ejercicios castrenses efectuados en el territorio.<\/p>\n<p>Bajo el argumento de combatir el narcotr\u00e1fico y perseguir a supuestos\u00a0narcoterroristas, Washington mantiene un <a class=\"internal-link\" href=\"https:\/\/www.dw.com\/es\/escalada-venezuela-estados-unidos\/a-74486870\" rel=\"nofollow noopener\" target=\"_blank\">despliegue militar en el Caribe recientemente reforzado<\/a> con la llegada de su mayor portaaviones, el USS Gerald R. Ford.<\/p>\n<p>El lunes, el Departamento de Estado\u00a0design\u00f3 al llamado Cartel de los Soles como grupo terrorista extranjero. La administraci\u00f3n de Donald Trump asegura que lo lidera Maduro junto con altos mandos del Ej\u00e9rcito y el Gobierno venezolano, aunque Caracas ha advertido que se trata de un \u00abinvento\u00bb.<\/p>\n<p>A este escenario de tensiones se ha sumado desde el pasado s\u00e1bado una nueva crisis debido a\u00a0la cancelaci\u00f3n de vuelos internacionales, luego de que Estados Unidos instara a \u00abextremar la precauci\u00f3n\u00bb al sobrevolar el territorio de Venezuella y el sur del Caribe.<\/p>\n<p>En respuesta, <a class=\"internal-link\" href=\"https:\/\/www.dw.com\/es\/venezuela-revoca-concesi\u00f3n-a-aerol\u00edneas-que-cancelaron-rutas\/a-74914570\" rel=\"nofollow noopener\" target=\"_blank\">Caracas revoc\u00f3 el mi\u00e9rcoles las concesiones<\/a> a las aerol\u00edneas Iberia, TAP, Turkish Airlines, Avianca, Latam Colombia y Gol, a las que acus\u00f3 de apoyar los planes de Estados Unidos.<\/p>\n<p>gs (efe, afp, El Nacional)<\/p>\n<p>Tensi\u00f3n entre EE. UU. y Venezuela<video id=\"video-74931453\" controls=\"\" playsinline=\"\" preload=\"none\" poster=\"data:image\/png;base64,iVBORw0KGgoAAAANSUhEUgAAAAEAAAABCAQAAAC1HAwCAAAAC0lEQVR42mNkYAAAAAYAAjCB0C8AAAAASUVORK5CYII=\" data-id=\"74931453\" data-posterurl=\"https:\/\/static.dw.com\/image\/74871413_605.webp\" data-duration=\"03:05\"><\/p>\n<p class=\"vjs-no-js\">To view this video please enable JavaScript, and consider upgrading to a web browser that <a href=\"https:\/\/videojs.com\/html5-video-support\/\" target=\"_blank\" rel=\"nofollow noopener\">supports HTML5 video<\/a><\/p>\n<p><\/video><\/p>\n","protected":false},"excerpt":{"rendered":"El presidente de Venezuela, Nicol\u00e1s Maduro, orden\u00f3 el jueves (27.11.2025) a los miembros de la fuerza a\u00e9rea estar&hellip;\n","protected":false},"author":2,"featured_media":261527,"comment_status":"","ping_status":"","sticky":false,"template":"","format":"standard","meta":{"footnotes":""},"categories":[42],"tags":[17,18,13,14,11,61,62,63,64,19,20,9,10,15,16,12,21,22,65,66,67],"class_list":{"0":"post-261526","1":"post","2":"type-post","3":"status-publish","4":"format-standard","5":"has-post-thumbnail","7":"category-internacional","8":"tag-breaking-news","9":"tag-breakingnews","10":"tag-featured-news","11":"tag-featurednews","12":"tag-headlines","13":"tag-internacional","14":"tag-international","15":"tag-international-news","16":"tag-internationalnews","17":"tag-latest-news","18":"tag-latestnews","19":"tag-news","20":"tag-noticias","21":"tag-noticias-destacadas","22":"tag-noticiasdestacadas","23":"tag-titulares","24":"tag-ultimas-noticias","25":"tag-ultimasnoticias","26":"tag-world","27":"tag-world-news","28":"tag-worldnews"},"share_on_mastodon":{"url":"https:\/\/pubeurope.com\/@es\/115631330811939194","error":""},"_links":{"self":[{"href":"https:\/\/www.europesays.com\/es\/wp-json\/wp\/v2\/posts\/261526","targetHints":{"allow":["GET"]}}],"collection":[{"href":"https:\/\/www.europesays.com\/es\/wp-json\/wp\/v2\/posts"}],"about":[{"href":"https:\/\/www.europesays.com\/es\/wp-json\/wp\/v2\/types\/post"}],"author":[{"embeddable":true,"href":"https:\/\/www.europesays.com\/es\/wp-json\/wp\/v2\/users\/2"}],"replies":[{"embeddable":true,"href":"https:\/\/www.europesays.com\/es\/wp-json\/wp\/v2\/comments?post=261526"}],"version-history":[{"count":0,"href":"https:\/\/www.europesays.com\/es\/wp-json\/wp\/v2\/posts\/261526\/revisions"}],"wp:featuredmedia":[{"embeddable":true,"href":"https:\/\/www.europesays.com\/es\/wp-json\/wp\/v2\/media\/261527"}],"wp:attachment":[{"href":"https:\/\/www.europesays.com\/es\/wp-json\/wp\/v2\/media?parent=261526"}],"wp:term":[{"taxonomy":"category","embeddable":true,"href":"https:\/\/www.europesays.com\/es\/wp-json\/wp\/v2\/categories?post=261526"},{"taxonomy":"post_tag","embeddable":true,"href":"https:\/\/www.europesays.com\/es\/wp-json\/wp\/v2\/tags?post=261526"}],"curies":[{"name":"wp","href":"https:\/\/api.w.org\/{rel}","templated":true}]}}