{"id":261528,"date":"2025-11-29T05:27:08","date_gmt":"2025-11-29T05:27:08","guid":{"rendered":"https:\/\/www.europesays.com\/es\/261528\/"},"modified":"2025-11-29T05:27:08","modified_gmt":"2025-11-29T05:27:08","slug":"los-socios-del-gobierno-mantienen-su-apoyo-pero-crece-la-preocupacion-espana","status":"publish","type":"post","link":"https:\/\/www.europesays.com\/es\/261528\/","title":{"rendered":"Los socios del Gobierno mantienen su apoyo pero crece la preocupaci\u00f3n | Espa\u00f1a"},"content":{"rendered":"<p class=\"\">Los socios parlamentarios del Gobierno miden mucho sus palabras tras el impacto de la <a href=\"https:\/\/elpais.com\/espana\/2025-11-27\/el-juez-envia-a-abalos-y-a-koldo-garcia-prision-preventiva.html\" target=\"_self\" rel=\"nofollow noopener\" title=\"https:\/\/elpais.com\/espana\/2025-11-27\/el-juez-envia-a-abalos-y-a-koldo-garcia-prision-preventiva.html\">entrada en prisi\u00f3n del exministro y exn\u00famero tres del PSOE Jos\u00e9 Luis \u00c1balos<\/a>. La tesis general es que nada ha cambiado respecto a lo que ya formularon tras el encarcelamiento del <a href=\"https:\/\/elpais.com\/espana\/2025-11-19\/cerdan-al-salir-de-la-carcel-hay-muchas-manipulaciones-confio-que-la-verdad-se-imponga.html\" target=\"_self\" rel=\"nofollow noopener\" title=\"https:\/\/elpais.com\/espana\/2025-11-19\/cerdan-al-salir-de-la-carcel-hay-muchas-manipulaciones-confio-que-la-verdad-se-imponga.html\">tambi\u00e9n ex secretario de Organizaci\u00f3n socialista Santos Cerd\u00e1n<\/a>: su apoyo al Gobierno permanece intacto mientras no se demuestre que, adem\u00e1s de corrupci\u00f3n personal, detr\u00e1s hab\u00eda una trama de financiaci\u00f3n del PSOE. Pero la cautela en las manifestaciones p\u00fablicas trasluce la preocupaci\u00f3n por el encadenamiento de noticias desfavorables para el Ejecutivo y la evidencia de que la mayor\u00eda parlamentaria se ha desvanecido, confirmada el jueves por <a href=\"https:\/\/elpais.com\/espana\/2025-11-27\/el-congreso-debate-la-senda-de-deficit-del-gobierno-el-paso-previo-a-la-presentacion-de-los-presupuestos.html\" target=\"_self\" rel=\"nofollow noopener\" title=\"https:\/\/elpais.com\/espana\/2025-11-27\/el-congreso-debate-la-senda-de-deficit-del-gobierno-el-paso-previo-a-la-presentacion-de-los-presupuestos.html\">la derrota del primer tr\u00e1mite en el proceso de elaboraci\u00f3n de los Presupuestos<\/a>. En el Congreso cada vez se ve m\u00e1s dif\u00edcil la posibilidad de que Pedro S\u00e1nchez agote la legislatura. <\/p>\n<p class=\"\">El PNV, el aliado m\u00e1s fiable del Gobierno desde la moci\u00f3n de censura de 2018, viene emitiendo hace algunas semanas se\u00f1ales de cierta incomodidad. Su presidente, Aitor Esteban, ya dijo d\u00edas atr\u00e1s, en una entrevista en elDiario.es, que si \u00e9l fuera S\u00e1nchez empezar\u00eda a pensar en una fecha para las elecciones. Este viernes, abordado por los periodistas, volvi\u00f3 a constatar: \u201cHay una inestabilidad parlamentaria que hace pr\u00e1cticamente imposible conseguir una mayor\u00eda\u201d. Y a\u00f1adi\u00f3: \u201cLas costuras del Estado se est\u00e1n tensando e incluso rompiendo mucho\u201d, en alusi\u00f3n expresa a los encarcelamientos de \u00c1balos y de Cerd\u00e1n, unidos a la fragilidad parlamentaria del Gobierno. Pero Esteban no fue m\u00e1s all\u00e1 de contraponer la situaci\u00f3n en Madrid a la \u201cmayor\u00eda estable\u201d que sostiene en Euskadi <a href=\"https:\/\/elpais.com\/espana\/2024-06-10\/pnv-y-pse-cierran-un-acuerdo-para-gobernar-en-coalicion-en-el-pais-vasco.html\" target=\"_self\" rel=\"nofollow noopener\" title=\"https:\/\/elpais.com\/espana\/2024-06-10\/pnv-y-pse-cierran-un-acuerdo-para-gobernar-en-coalicion-en-el-pais-vasco.html\">el Ejecutivo de coalici\u00f3n entre PNV y PSOE<\/a>, una de las circunstancias que dificultar\u00edan una hipot\u00e9tica ruptura con S\u00e1nchez. <\/p>\n<p class=\"\">La l\u00ednea roja de los nacionalistas vascos est\u00e1 en el mismo sitio que la de todos los dem\u00e1s: que apareciesen pruebas de una corrupci\u00f3n institucional del PSOE. Fuentes parlamentarias de ERC se ratificaron este viernes en esa posici\u00f3n, ya reiterada la v\u00edspera por Gabriel Rufi\u00e1n, portavoz del partido en el Congreso. Rufi\u00e1n, siempre activo en las redes sociales, solo se asom\u00f3 este viernes para comentar con sarcasmo unas palabras en Barcelona del l\u00edder del PP, Alberto N\u00fa\u00f1ez Feij\u00f3o, en las que ped\u00eda a la patronal catalana apoyo para convencer a Junts e incluso a la propia ERC a fin de que <a href=\"https:\/\/elpais.com\/espana\/catalunya\/2025-11-28\/feijoo-pide-a-los-empresarios-catalanes-que-presionen-a-junts-para-una-mocion-de-censura.html\" target=\"_self\" rel=\"nofollow noopener\" title=\"https:\/\/elpais.com\/espana\/catalunya\/2025-11-28\/feijoo-pide-a-los-empresarios-catalanes-que-presionen-a-junts-para-una-mocion-de-censura.html\">apoyen una moci\u00f3n de censura contra S\u00e1nchez.<\/a> \u201cDe Puigdemont a prisi\u00f3n a Puigdemont v\u00f3tame la moci\u00f3n\u201d, se burl\u00f3 Rufi\u00e1n. Esquerra est\u00e1 volcada en las negociaciones con el Gobierno en busca <a href=\"https:\/\/elpais.com\/espana\/catalunya\/2025-11-11\/erc-amplia-hasta-febrero-el-plazo-para-negociar-la-nueva-financiacion-con-los-socialistas.html\" target=\"_self\" rel=\"nofollow noopener\" title=\"https:\/\/elpais.com\/espana\/catalunya\/2025-11-11\/erc-amplia-hasta-febrero-el-plazo-para-negociar-la-nueva-financiacion-con-los-socialistas.html\">de una nueva f\u00f3rmula de financiaci\u00f3n para Catalu\u00f1a,<\/a> lo que, a salvo de otras novedades judiciales, aleja cualquier atisbo de una hipot\u00e9tica ruptura. <\/p>\n<p class=\"\">EH Bildu ni se ha pronunciado p\u00fablicamente y desde su grupo parlamentario el \u00fanico mensaje oficial es que \u201cla legislatura contin\u00faa\u201d. La izquierda abertzale se ha convertido en un f\u00e9rreo aliado de S\u00e1nchez. Esta semana se ha visto en medio de la refriega tras asegurar el tambi\u00e9n encarcelado Koldo Garc\u00eda \u2014y luego el propio \u00c1balos\u2014 que el presidente <a href=\"https:\/\/elpais.com\/espana\/2025-11-26\/abalos-confirma-la-reunion-de-sanchez-con-otegi-en-visperas-de-la-decision-sobre-su-encarcelamiento.html\" target=\"_self\" rel=\"nofollow noopener\" title=\"https:\/\/elpais.com\/espana\/2025-11-26\/abalos-confirma-la-reunion-de-sanchez-con-otegi-en-visperas-de-la-decision-sobre-su-encarcelamiento.html\">se entrevist\u00f3 en secreto en 2018 con el l\u00edder de EH Bildu, Arnaldo Otegi,<\/a> para recabar su apoyo a la moci\u00f3n de censura contra Mariano Rajoy. Otegi lo ha desmentido tan categ\u00f3ricamente que ha ofrecido su dimisi\u00f3n en caso de que alguien pruebe lo contrario. Este episodio es invocado entre los abertzales para restar importancia a hipot\u00e9ticas denuncias futuras de \u00c1balos.<\/p>\n<p class=\"\">La formaci\u00f3n de Otegi ha mostrado gran contrariedad por la derrota parlamentaria del Gobierno, el pasado jueves, en la votaci\u00f3n sobre los objetivos de d\u00e9ficit para 2026. Su diputado Oskar Matute deplor\u00f3 en el debate que algunos grupos tratasen de aprovechar para una \u201cexhibici\u00f3n de fuerza\u201d, en transparente referencia a Junts, cuyo voto en contra result\u00f3 decisivo para tumbar la propuesta.<\/p>\n<p class=\"\">La otra gran fisura en la mayor\u00eda que invisti\u00f3 a S\u00e1nchez es Podemos, que se abstuvo en la misma votaci\u00f3n. El encarcelamiento de \u00c1balos ha servido al partido de Ione Belarra para reafirmar su discurso <a href=\"https:\/\/elpais.com\/espana\/2025-10-08\/podemos-lleva-al-limite-su-perfil-de-oposicion-y-pone-en-riesgo-el-desembolso-de-10000-millones.html\" target=\"_self\" rel=\"nofollow noopener\" title=\"https:\/\/elpais.com\/espana\/2025-10-08\/podemos-lleva-al-limite-su-perfil-de-oposicion-y-pone-en-riesgo-el-desembolso-de-10000-millones.html\">de abierta oposici\u00f3n al Gobierno<\/a>, pero sin dar ning\u00fan paso para tumbarlo o precipitar elecciones. Fuentes de Podemos se limitan a reiterar que se trata de un caso grave de corrupci\u00f3n que va m\u00e1s all\u00e1 de personas concretas y a reprochar que no se hayan dado explicaciones ni adoptado medidas.<\/p>\n<p class=\"\">Ya dentro del Gobierno, el socio minoritario, Sumar, ha optado tambi\u00e9n por la cautela, sin pronunciarse abiertamente sobre los efectos pol\u00edticos del ingreso de \u00c1balos en Soto del Real. Un caso sobre el que lleva meses marcando distancias con el PSOE y que causa notoria preocupaci\u00f3n. Su l\u00ednea roja es la misma que la de los dem\u00e1s: una posible financiaci\u00f3n ilegal. Lo reiter\u00f3 este viernes el l\u00edder de IU, Antonio Ma\u00edllo, que asegur\u00f3 que \u201ctendr\u00e1 que dilucidarse\u201d si el caso de corrupci\u00f3n \u201cva m\u00e1s all\u00e1\u201d de \u00c1balos, Cerd\u00e1n y Koldo. \u201cNo cuestionamos las decisiones judiciales, lo que queremos es que se haga justicia r\u00e1pido y sepamos la verdad. Ojal\u00e1 sea tan r\u00e1pido el procedimiento como lo ha sido con el fiscal general del Estado\u201d, apostill\u00f3. <\/p>\n<p class=\"\">En Movimiento Sumar, el partido de los cercanos a la vicepresidenta Yolanda D\u00edaz, se limitan a afirmar que se trata de un paso m\u00e1s en un procedimiento en marcha, aunque reiteran su deseo de que se investigue hasta el final y \u201ccaiga quien tenga que caer\u201d. D\u00edaz tambi\u00e9n ha sido objeto de los ataques de \u00c1balos, que denunci\u00f3 que \u201cpersonas sin derecho\u201d a ello usaron la vivienda oficial de la tambi\u00e9n ministra de Trabajo durante la pandemia. \u201cLo que vaya diciendo un personaje investigado y acorralado me merece todo el desprecio\u201d, le replic\u00f3 el ministro de Cultura, Ernest Urtasun.<\/p>\n<p class=\"\">La voz cr\u00edtica contra la prisi\u00f3n preventiva ordenada por el juez del Tribunal Supremo Leopoldo Puente la puso este viernes el secretario primero de la Mesa del Congreso, Gerardo Pisarello. \u201cHemos de saber c\u00f3mo act\u00faan los jueces. Hay cosas que chirr\u00edan un poco\u201d, afirm\u00f3 en TV3, antes de cuestionar que ahora el juez considere que \u201cexiste un riesgo de fuga\u201d que antes no ve\u00eda. \u201cEs la primera vez que un juez toma una decisi\u00f3n as\u00ed con un diputado\u201d y esto \u201caltera las mayor\u00edas parlamentarias\u201d. Tambi\u00e9n un d\u00eda antes, el diputado de Comprom\u00eds en Sumar, Alberto Ib\u00e1\u00f1ez, se mostr\u00f3 esc\u00e9ptico con la necesidad de mandar a \u00c1balos a la c\u00e1rcel de forma preventiva. <\/p>\n<p class=\"\">Yolanda D\u00edaz, de visita este viernes en Ciudad de M\u00e9xico, conden\u00f3 la petici\u00f3n de Feij\u00f3o a los empresarios catalanes para que le ayuden presionando a Junts y a ERC para poder presentar una moci\u00f3n de censura contra S\u00e1nchez. \u201cEs grav\u00edsimo, ha perdido toda la credibilidad democr\u00e1tica\u201d, se\u00f1al\u00f3 la vicepresidenta segunda. En paralelo, ha asegurado que no le preocupan las mayor\u00edas parlamentarias si \u00c1balos es suspendido para las votaciones de PSOE y Sumar, informa <b>Micaela Varela<\/b>.<\/p>\n<p class=\"\">En todo caso, la tesis que sostiene su grupo es que pese a las dificultades de la legislatura, el Ejecutivo todav\u00eda tiene margen para pelear algunas normas y avanzar a la vez v\u00eda decreto en el Consejo de Ministros, sin tener que pasar por el Congreso. Creen, adem\u00e1s, que el Gobierno no puede agotar el mandato sin intervenir el mercado de la vivienda para regular el precio de los alquileres y abordar el principal problema que tienen los ciudadanos. <\/p>\n","protected":false},"excerpt":{"rendered":"Los socios parlamentarios del Gobierno miden mucho sus palabras tras el impacto de la entrada en prisi\u00f3n del&hellip;\n","protected":false},"author":2,"featured_media":261529,"comment_status":"","ping_status":"","sticky":false,"template":"","format":"standard","meta":{"footnotes":""},"categories":[8],"tags":[41504,62995,28284,17,18,4334,4456,44031,13451,6324,25,24,13,14,5394,65255,11,39991,5610,19,20,9,10,15,16,6067,15079,1699,23,4453,12,21,22],"class_list":{"0":"post-261528","1":"post","2":"type-post","3":"status-publish","4":"format-standard","5":"has-post-thumbnail","7":"category-espana","8":"tag-aitor-esteban","9":"tag-antonio-maillo-canadas","10":"tag-arnaldo-otegi","11":"tag-breaking-news","12":"tag-breakingnews","13":"tag-caso-koldo","14":"tag-congreso-diputados","15":"tag-eaj-pnv","16":"tag-eh-bildu","17":"tag-erc","18":"tag-es","19":"tag-espana","20":"tag-featured-news","21":"tag-featurednews","22":"tag-gabriel-rufian","23":"tag-gerardo-pisarello","24":"tag-headlines","25":"tag-izquierda-unida","26":"tag-jose-luis-abalos","27":"tag-latest-news","28":"tag-latestnews","29":"tag-news","30":"tag-noticias","31":"tag-noticias-destacadas","32":"tag-noticiasdestacadas","33":"tag-podemos","34":"tag-prision-preventiva","35":"tag-psoe","36":"tag-spain","37":"tag-sumar","38":"tag-titulares","39":"tag-ultimas-noticias","40":"tag-ultimasnoticias"},"share_on_mastodon":{"url":"","error":"Validation failed: Text character limit of 500 exceeded"},"_links":{"self":[{"href":"https:\/\/www.europesays.com\/es\/wp-json\/wp\/v2\/posts\/261528","targetHints":{"allow":["GET"]}}],"collection":[{"href":"https:\/\/www.europesays.com\/es\/wp-json\/wp\/v2\/posts"}],"about":[{"href":"https:\/\/www.europesays.com\/es\/wp-json\/wp\/v2\/types\/post"}],"author":[{"embeddable":true,"href":"https:\/\/www.europesays.com\/es\/wp-json\/wp\/v2\/users\/2"}],"replies":[{"embeddable":true,"href":"https:\/\/www.europesays.com\/es\/wp-json\/wp\/v2\/comments?post=261528"}],"version-history":[{"count":0,"href":"https:\/\/www.europesays.com\/es\/wp-json\/wp\/v2\/posts\/261528\/revisions"}],"wp:featuredmedia":[{"embeddable":true,"href":"https:\/\/www.europesays.com\/es\/wp-json\/wp\/v2\/media\/261529"}],"wp:attachment":[{"href":"https:\/\/www.europesays.com\/es\/wp-json\/wp\/v2\/media?parent=261528"}],"wp:term":[{"taxonomy":"category","embeddable":true,"href":"https:\/\/www.europesays.com\/es\/wp-json\/wp\/v2\/categories?post=261528"},{"taxonomy":"post_tag","embeddable":true,"href":"https:\/\/www.europesays.com\/es\/wp-json\/wp\/v2\/tags?post=261528"}],"curies":[{"name":"wp","href":"https:\/\/api.w.org\/{rel}","templated":true}]}}