{"id":261530,"date":"2025-11-29T05:28:18","date_gmt":"2025-11-29T05:28:18","guid":{"rendered":"https:\/\/www.europesays.com\/es\/261530\/"},"modified":"2025-11-29T05:28:18","modified_gmt":"2025-11-29T05:28:18","slug":"las-juventudes-de-vox-convocan-una-protesta-en-ferraz-el-domingo-y-a-solo-unos-metros-de-la-que-organiza-el-pp","status":"publish","type":"post","link":"https:\/\/www.europesays.com\/es\/261530\/","title":{"rendered":"Las juventudes de Vox convocan una protesta en Ferraz el domingo y a solo unos metros de la que organiza el PP"},"content":{"rendered":"<p class=\"article-text\">\n        Revuelta, la marca de las juventudes de Vox, ha convocado para este domingo una protesta en la calle de Ferraz de Madrid, justo enfrente de la sede del PSOE, con el lema \u201ctodos contra una organizaci\u00f3n criminal\u201d, en alusi\u00f3n a la de los socialistas. La concentraci\u00f3n se producir\u00e1 a apenas 200 metros que la que <a href=\"https:\/\/www.eldiario.es\/politica\/feijoo-convoca-manifestacion-pedro-sanchez-encarcelamiento-abalos_1_12803039.html\" target=\"_blank\" data-mrf-recirculation=\"links-noticia\" class=\"link\" rel=\"nofollow noopener\">ha convocado el PP para ese mismo d\u00eda<\/a> en el Temblo de Debod de la capital. Esta \u00faltima ser\u00e1 a las 12.00 horas y la de las juventudes de Vox, a las 13.00, seg\u00fan ha informado la citada organizaci\u00f3n este viernes en sus redes sociales.\n    <\/p>\n<p>    <a href=\"https:\/\/www.eldiario.es\/politica\/juez-tribunal-supremo-envia-prision-provisional-jose-luis-abalos-koldo-garcia_1_12801994.html\" data-mrf-recirculation=\"saber-mas\" data-dl-event=\"saber-mas\" rel=\"nofollow noopener\" target=\"_blank\"><\/p>\n<p class=\"know-more__title\">El juez del Supremo env\u00eda a prisi\u00f3n provisional a \u00c1balos y Koldo Garc\u00eda ante el \u00abextremo\u00bb riesgo de fuga<\/p>\n<p>            <img decoding=\"async\" class=\"lazy\" loading=\"lazy\" data-src=\"https:\/\/static.eldiario.es\/clip\/b3cf784d-ddc1-4fd0-b090-2f08a9c3b75d_16-9-aspect-ratio_default_0.jpg\" src=\"data:image\/svg+xml,%3Csvg xmlns=\" http:=\"\" viewbox=\"0 0 880 495\" alt=\"El juez del Supremo env\u00eda a prisi\u00f3n provisional a \u00c1balos y Koldo Garc\u00eda ante el &quot;extremo&quot; riesgo de fuga\"\/><\/p>\n<p>                        <\/a><\/p>\n<p class=\"article-text\">\n        Precisamente este viernes Lla portavoz de Vox en el Congreso, Pepa Mill\u00e1n, ha confirmado que su partido no participar\u00e1 en la manifestaci\u00f3n convocada el jueves por el l\u00edder del PP, Alberto N\u00fa\u00f1ez Feij\u00f3o, al considerar porque se trata de \u201cuna tomadura de pelo\u201d. \u201cEl Partido Popular, que convoca manifestaciones los domingos, pero entre semana se sienta con el PSOE a pactar y a charlar como si aqu\u00ed no pasara nada. As\u00ed que nosotros no vamos a participar en esa tomadura de pelo. Nosotros estaremos personados en los juzgados, como estamos hasta ahora, para que el gobierno asuma su responsabilidad criminal\u201d, ha espetado.\n    <\/p>\n<p class=\"article-text\">\n        En este sentido, Mill\u00e1n ha recordado que Feij\u00f3o convoca una manifestaci\u00f3n el domingo para \u201cprotestar contra el Partido Socialista\u201d, pero el mi\u00e9rcoles, d\u00eda 3, \u201ctiene como una especie de ponencia con el se\u00f1or Page del Partido Socialista\u201d, en alusi\u00f3n al presidente de Castilla-La Mancha, Emiliano Garc\u00eda Page. \u201cEntonces aqu\u00ed, \u00bfa qu\u00e9 estamos jugando?\u201d, se ha preguntado la diputada de Vox.\n    <\/p>\n<p class=\"article-text\">\n        \u201cEs que no se puede enga\u00f1ar as\u00ed a los espa\u00f1oles. Si lo que tenemos delante es una mafia, pues es una mafia. O es que uno se sienta a charlar con la mafia. Lo que tiene que hacer el se\u00f1or Page, si no est\u00e1 de acuerdo con su partido, es irse. Pero lo que no se puede hacer es que los dos grandes partidos, a estas alturas, sigan enga\u00f1ando a los espa\u00f1oles, cuando enfrente tenemos a un gobierno que se comporta como una absoluta mafia\u201d, ha subrayado.\n    <\/p>\n<p class=\"article-text\">\n        En declaraciones a los medios, se ha referido a que, en los \u00faltimos siete d\u00edas, el pa\u00eds ha vivido \u201cuno de los episodios m\u00e1s dantescos y lamentables de la ristra de desprop\u00f3sitos de este Gobierno absolutamente corrupto\u201d, en alusi\u00f3n a la condena del fiscal general del Estado, \u201ccondenado por utilizar su poder para beneficiar al Gobierno\u201d, ha dicho, y a la entrada en la c\u00e1rcel del exsecretario de Organizaci\u00f3n y exministro de Transportes, Jos\u00e9 Luis \u00c1balos y su asesor Koldo.\n    <\/p>\n<p>    <a href=\"https:\/\/www.eldiario.es\/politica\/feijoo-convoca-manifestacion-pedro-sanchez-encarcelamiento-abalos_1_12803039.html\" data-mrf-recirculation=\"saber-mas-abajo\" data-dl-event=\"saber-mas-abajo\" rel=\"nofollow noopener\" target=\"_blank\"><\/p>\n<p class=\"know-more__title\">Feij\u00f3o convoca una manifestaci\u00f3n contra Pedro S\u00e1nchez tras el encarcelamiento de \u00c1balos\n<\/p>\n<p>            <img decoding=\"async\" class=\"lazy\" loading=\"lazy\" data-src=\"https:\/\/static.eldiario.es\/clip\/5738b112-8896-4461-8253-19e65b047bd2_16-9-aspect-ratio_default_0.jpg\" src=\"data:image\/svg+xml,%3Csvg xmlns=\" http:=\"\" viewbox=\"0 0 880 495\" alt=\"Feij\u00f3o convoca una manifestaci\u00f3n contra Pedro S\u00e1nchez tras el encarcelamiento de \u00c1balos\"\/><\/p>\n<p>                        <\/a><\/p>\n<p class=\"article-text\">\n        \u201cEstamos ante un gobierno que es el fruto del pacto entre bandas, entre la banda del Partido Socialista y la banda de Otegi, tal y como han declarado. Casualmente toda la informaci\u00f3n que va saliendo resulta ser cierta\u201d, ha resaltado Mill\u00e1n, que ha insistido en que \u201cestamos ante un gobierno absolutamente asfixiado por la corrupci\u00f3n que se dedica a cambiar las leyes a la medida de los delincuentes y que se dedica a premiar a los que son como S\u00e1nchez, a los que utiliza como sus esbirros para hacer el trabajo sucio\u201d.\n    <\/p>\n","protected":false},"excerpt":{"rendered":"Revuelta, la marca de las juventudes de Vox, ha convocado para este domingo una protesta en la calle&hellip;\n","protected":false},"author":2,"featured_media":261531,"comment_status":"","ping_status":"","sticky":false,"template":"","format":"standard","meta":{"footnotes":""},"categories":[5],"tags":[17,18,18926,1053,25,24,13,14,65257,11,65256,19,20,915,9,10,15,16,11339,956,7602,23,12,21,22,624],"class_list":{"0":"post-261530","1":"post","2":"type-post","3":"status-publish","4":"format-standard","5":"has-post-thumbnail","7":"category-titulares","8":"tag-breaking-news","9":"tag-breakingnews","10":"tag-convocan","11":"tag-domingo","12":"tag-es","13":"tag-espana","14":"tag-featured-news","15":"tag-featurednews","16":"tag-ferraz","17":"tag-headlines","18":"tag-juventudes","19":"tag-latest-news","20":"tag-latestnews","21":"tag-metros","22":"tag-news","23":"tag-noticias","24":"tag-noticias-destacadas","25":"tag-noticiasdestacadas","26":"tag-organiza","27":"tag-pp","28":"tag-protesta","29":"tag-spain","30":"tag-titulares","31":"tag-ultimas-noticias","32":"tag-ultimasnoticias","33":"tag-vox"},"share_on_mastodon":{"url":"https:\/\/pubeurope.com\/@es\/115631338514385545","error":""},"_links":{"self":[{"href":"https:\/\/www.europesays.com\/es\/wp-json\/wp\/v2\/posts\/261530","targetHints":{"allow":["GET"]}}],"collection":[{"href":"https:\/\/www.europesays.com\/es\/wp-json\/wp\/v2\/posts"}],"about":[{"href":"https:\/\/www.europesays.com\/es\/wp-json\/wp\/v2\/types\/post"}],"author":[{"embeddable":true,"href":"https:\/\/www.europesays.com\/es\/wp-json\/wp\/v2\/users\/2"}],"replies":[{"embeddable":true,"href":"https:\/\/www.europesays.com\/es\/wp-json\/wp\/v2\/comments?post=261530"}],"version-history":[{"count":0,"href":"https:\/\/www.europesays.com\/es\/wp-json\/wp\/v2\/posts\/261530\/revisions"}],"wp:featuredmedia":[{"embeddable":true,"href":"https:\/\/www.europesays.com\/es\/wp-json\/wp\/v2\/media\/261531"}],"wp:attachment":[{"href":"https:\/\/www.europesays.com\/es\/wp-json\/wp\/v2\/media?parent=261530"}],"wp:term":[{"taxonomy":"category","embeddable":true,"href":"https:\/\/www.europesays.com\/es\/wp-json\/wp\/v2\/categories?post=261530"},{"taxonomy":"post_tag","embeddable":true,"href":"https:\/\/www.europesays.com\/es\/wp-json\/wp\/v2\/tags?post=261530"}],"curies":[{"name":"wp","href":"https:\/\/api.w.org\/{rel}","templated":true}]}}