{"id":261534,"date":"2025-11-29T05:37:11","date_gmt":"2025-11-29T05:37:11","guid":{"rendered":"https:\/\/www.europesays.com\/es\/261534\/"},"modified":"2025-11-29T05:37:11","modified_gmt":"2025-11-29T05:37:11","slug":"el-alaves-lleva-convocado-a-barcelona-a-un-juvenil-bilbaino-que-arrebato-al-athletic","status":"publish","type":"post","link":"https:\/\/www.europesays.com\/es\/261534\/","title":{"rendered":"El Alav\u00e9s lleva convocado a Barcelona a un juvenil bilba\u00edno que arrebat\u00f3 al Athletic"},"content":{"rendered":"<p><img fetchpriority=\"high\" class=\"v-a-img\" src=\"https:\/\/www.europesays.com\/es\/wp-content\/uploads\/2025\/11\/izei hernandez jg monterrey-k2zE-R7CPhwJKlaUmwzH3hl42FGI-1200x840@El Correo.jpg\" loading=\"eager\" decoding=\"async\" alt=\"Izei Hern\u00e1ndez en un partido la pasada campa\u00f1a con el Santutxu.\"  width=\"1200\" height=\"840\"\/><\/p>\n<p>Izei Hern\u00e1ndez en un partido la pasada campa\u00f1a con el Santutxu.          JB Monterrey        <\/p>\n<p>Izei Hern\u00e1ndez, de 18 a\u00f1os, jugaba en el Santutxu hace unos meses y ahora tiene la posibilidad de debutar en Primera con los vitorianos<\/p>\n<p><a class=\"v-mdl-ath__fig-a\" href=\"https:\/\/www.elcorreo.com\/autor\/javier-ortiz-de-lazcano-634.html\" title=\"Javier Ortiz de Lazcano\" rel=\"nofollow noopener\" target=\"_blank\"><br \/>\n<img decoding=\"async\" class=\"v-mdl-ath__img\" src=\"https:\/\/www.europesays.com\/es\/wp-content\/uploads\/2025\/08\/autor-634-foto-2.jpeg\" alt=\"Javier Ortiz de Lazcano\"\/><br \/>\n<\/a><\/p>\n<p class=\"v-mdl-ath__p v-mdl-ath__p--6\">\nS\u00e1bado, 29 de noviembre 2025, 00:14<\/p>\n<p class=\"v-p\">El Alav\u00e9s ha incluido en su lista para visitar este s\u00e1bado al Barcelona a una de las perlas de su filial: Izei Hern\u00e1ndez, extremo bilba\u00edno que en febrero cumpli\u00f3 18 a\u00f1os y al que el club vitoriano fich\u00f3 el pasado a\u00f1o tras imponerse al inter\u00e9s del Athletic y de la Real Sociedad. <\/p>\n<p class=\"v-p\">La decisi\u00f3n de Eduardo Coudet de llevar a a Barcelona al juvenil confirma que el t\u00e9cnico argentino ve en \u00e9l un futbolista con recorrido inmediato y abre incluso la puerta a un posible debut en el Camp Nou o, si no, en el partido de Copa del pr\u00f3ximo martes en Portugalete.<\/p>\n<p class=\"v-p\">Hern\u00e1ndez, que tiene contrato hasta 2027, es una de las grandes apuestas de futuro del Alav\u00e9s. Pese a ser juvenil, juega en el filial. En su primera temporada ha disputado diez partidos en Segunda RFEF, en los que ha dejado una asistencia y actuaciones que han reforzado la percepci\u00f3n en Ibaia de que su progresi\u00f3n es acelerada. Lo l\u00f3gico es que el club valore una ampliaci\u00f3n de su contrato.<\/p>\n<p class=\"v-p\">El joven atacante creci\u00f3 en el Santutxu, donde fue dirigido por Ibai G\u00f3mez, exjugador del Athletic y del propio Alav\u00e9s. La relaci\u00f3n va m\u00e1s all\u00e1: el padre de Ibai, &#8216;Mitxelo&#8217;, tambi\u00e9n ejerci\u00f3 como entrenador del padre de Izei. Amabas familias quedan as\u00ed unidas por esa singular cadena generacional.<\/p>\n<p class=\"v-p\">En abril de 2024, EL CORREO inform\u00f3 de que el jugador se iba al Alav\u00e9s pese a que tanto el Athletic como la Real le segu\u00edan muy. El jugador lleg\u00f3 incluso a entrenar varias veces en Lezama, y durante unos d\u00edas se dio por hecho su fichaje por el Athletic tras publicarlo &#8216;La cantera de Lezama&#8217;. Sin embargo, el Alav\u00e9s se hab\u00eda movido con rapidez y cerr\u00f3 el acuerdo.<\/p>\n<p>Reporta un error<\/p>\n","protected":false},"excerpt":{"rendered":"Izei Hern\u00e1ndez en un partido la pasada campa\u00f1a con el Santutxu. JB Monterrey Izei Hern\u00e1ndez, de 18 a\u00f1os,&hellip;\n","protected":false},"author":2,"featured_media":261535,"comment_status":"","ping_status":"","sticky":false,"template":"","format":"standard","meta":{"footnotes":""},"categories":[268],"tags":[1334,38515,2182,210,11974,9848,168,25,24,280,282,3133,6414,281,23,167],"class_list":{"0":"post-261534","1":"post","2":"type-post","3":"status-publish","4":"format-standard","5":"has-post-thumbnail","7":"category-futbol","8":"tag-alaves","9":"tag-arrebato","10":"tag-athletic","11":"tag-barcelona","12":"tag-bilbaino","13":"tag-convocado","14":"tag-deportes","15":"tag-es","16":"tag-espana","17":"tag-football","18":"tag-futbol","19":"tag-juvenil","20":"tag-lleva","21":"tag-soccer","22":"tag-spain","23":"tag-sports"},"share_on_mastodon":{"url":"https:\/\/pubeurope.com\/@es\/115631374175162432","error":""},"_links":{"self":[{"href":"https:\/\/www.europesays.com\/es\/wp-json\/wp\/v2\/posts\/261534","targetHints":{"allow":["GET"]}}],"collection":[{"href":"https:\/\/www.europesays.com\/es\/wp-json\/wp\/v2\/posts"}],"about":[{"href":"https:\/\/www.europesays.com\/es\/wp-json\/wp\/v2\/types\/post"}],"author":[{"embeddable":true,"href":"https:\/\/www.europesays.com\/es\/wp-json\/wp\/v2\/users\/2"}],"replies":[{"embeddable":true,"href":"https:\/\/www.europesays.com\/es\/wp-json\/wp\/v2\/comments?post=261534"}],"version-history":[{"count":0,"href":"https:\/\/www.europesays.com\/es\/wp-json\/wp\/v2\/posts\/261534\/revisions"}],"wp:featuredmedia":[{"embeddable":true,"href":"https:\/\/www.europesays.com\/es\/wp-json\/wp\/v2\/media\/261535"}],"wp:attachment":[{"href":"https:\/\/www.europesays.com\/es\/wp-json\/wp\/v2\/media?parent=261534"}],"wp:term":[{"taxonomy":"category","embeddable":true,"href":"https:\/\/www.europesays.com\/es\/wp-json\/wp\/v2\/categories?post=261534"},{"taxonomy":"post_tag","embeddable":true,"href":"https:\/\/www.europesays.com\/es\/wp-json\/wp\/v2\/tags?post=261534"}],"curies":[{"name":"wp","href":"https:\/\/api.w.org\/{rel}","templated":true}]}}