{"id":261536,"date":"2025-11-29T05:38:14","date_gmt":"2025-11-29T05:38:14","guid":{"rendered":"https:\/\/www.europesays.com\/es\/261536\/"},"modified":"2025-11-29T05:38:14","modified_gmt":"2025-11-29T05:38:14","slug":"javier-calvo-se-reencuentra-con-javier-ambrossi-en-grecia-tras-su-ruptura-y-publica-una-imagen-la-trama-se-complica","status":"publish","type":"post","link":"https:\/\/www.europesays.com\/es\/261536\/","title":{"rendered":"Javier Calvo se reencuentra con Javier Ambrossi en Grecia tras su ruptura y publica una imagen: \u201cLa trama se complica\u201d"},"content":{"rendered":"<p><img alt=\"Javier Ambrossi y Javier Calvo,\" class=\"global-image\" decoding=\"async\" fetchpriority=\"high\" height=\"1200\" loading=\"eager\" src=\"https:\/\/www.europesays.com\/es\/wp-content\/uploads\/2025\/11\/6HUVVZR7W5AJXH6RJR5OQDXMSQ.jpg\" width=\"1600\"\/>Javier Ambrossi y Javier Calvo, en imagen de archivo (Europa Press)<\/p>\n<p class=\"paragraph\">La ruptura de Javier Calvo y Javier Ambrossi, la pareja art\u00edstica conocida como los Javis, desat\u00f3 toda una serie de <a rel=\"noopener noreferrer nofollow\" href=\"https:\/\/www.infobae.com\/espana\/2025\/11\/20\/sale-a-la-luz-nueva-informacion-sobre-los-javis-y-su-ruptura-calvo-es-el-que-peor-lo-esta-pasando\/\" target=\"_self\" title=\"https:\/\/www.infobae.com\/espana\/2025\/11\/20\/sale-a-la-luz-nueva-informacion-sobre-los-javis-y-su-ruptura-calvo-es-el-que-peor-lo-esta-pasando\/\">rumores sobre los motivos<\/a> y la situaci\u00f3n sentimental actual de ambos. Sin embargo, los directores ya avisaban de que segu\u00edan siendo \u201c<b>mejores amigos<\/b>\u201d y que su relaci\u00f3n de amistad estaba intacta. As\u00ed lo ha confirmado Javier Calvo publicando una fotograf\u00eda de su expareja en su cuenta de Instagram.<\/p>\n<p class=\"paragraph\">Tras las grabaciones de La bola negra, la pr\u00f3xima pel\u00edcula de la pareja, Calvo ha aprovechado su etapa de solter\u00eda para viajar mucho. En primer lugar, <a rel=\"noopener noreferrer nofollow\" href=\"https:\/\/www.infobae.com\/espana\/2025\/11\/24\/javier-calvo-se-pronuncia-sobre-su-ruptura-con-ambrossi-y-los-rumores-de-romance-con-guitarricadelafuente-es-mi-hermano-somos-familia\/\" target=\"_self\" title=\"https:\/\/www.infobae.com\/espana\/2025\/11\/24\/javier-calvo-se-pronuncia-sobre-su-ruptura-con-ambrossi-y-los-rumores-de-romance-con-guitarricadelafuente-es-mi-hermano-somos-familia\/\">se fue a M\u00e9xico<\/a> con sus amigas Yenesi y Elena Rodr\u00edguez, donde se reencontr\u00f3 con otro de sus amigos y protagonista de su largometraje, el cantante <b>Guitarricadelafuente<\/b>. Despu\u00e9s de su vuelta de Latinoam\u00e9rica, el actor se ha enzarzado en otro viaje tambi\u00e9n acompa\u00f1ado de Rodr\u00edguez, pero esta vez por Europa. La sorpresa ha llegado cuando Calvo ha desvelado al tercer compa\u00f1ero de vacaciones.<\/p>\n<p class=\"paragraph\">El int\u00e9rprete de Fer en F\u00edsica o Qu\u00edmica ha publicado en sus stories una imagen de su exnovio, Javier Ambrossi, junto a Elena Rodr\u00edguez en Grecia. Con conocimiento del revuelo que causar\u00eda la imagen, el director y productor ha bromeado escribiendo un breve mensaje: \u201c<b>La trama se complica<\/b>\u201d.<\/p>\n<p><img alt=\"'Storie' de Javier Calvo con\" class=\"global-image\" decoding=\"async\" fetchpriority=\"low\" height=\"897\" loading=\"lazy\" src=\"https:\/\/www.europesays.com\/es\/wp-content\/uploads\/2025\/11\/Q6W3CHDVVVDG7HOMOODCMJZ4LY.png\" width=\"507\"\/>&#8216;Storie&#8217; de Javier Calvo con Javier Ambrossi y Elena Rodr\u00edguez (Instagram)<\/p>\n<p class=\"paragraph\">En la instant\u00e1nea, su compa\u00f1era de Suma Content le pasa un brazo por el hombro al que hasta hace muy poco era su pareja. Adem\u00e1s, Ambrossi lleva puesta una camiseta en la que se lee \u201cI love my girlfriend\u201d, que se traduce como \u201c<b>amo a mi novia<\/b>\u201d. Toda una declaraci\u00f3n de intenciones para dar a entender una relaci\u00f3n ficticia entre \u00e9l y Rodr\u00edguez en pleno revuelo medi\u00e1tico.<\/p>\n<p class=\"paragraph\">Despu\u00e9s de que la noticia de su ruptura acaparase todos los titulares, Ambrossi fue el primero en pronunciarse ante los micr\u00f3fonos de Europa Press: \u201cNo hay que tenerle miedo a los cambios. Estoy contento y \u00e9l tambi\u00e9n\u201d. De hecho, asegur\u00f3 que su relaci\u00f3n laboral se mantendr\u00eda intacta: \u201cTenemos miles de proyectos juntos. <b>Somos s\u00faper amigos<\/b>. Era mi mejor amigo antes de ser mi pareja, va a seguir siendo as\u00ed\u201d.<\/p>\n<p>Javier Calvo y Javier Ambrossi nos invitan a su nueva casa en Madrid<\/p>\n<p class=\"paragraph\">En su vuelta de su viaje a M\u00e9xico, Calvo tambi\u00e9n tuvo la oportunidad de dar su versi\u00f3n, que no distaba mucho de la de su expareja. \u201cHombre, somos mejores amigos, lo \u00e9ramos antes de estar juntos y lo seguimos siendo. Es <b>la persona m\u00e1s importante de mi vida<\/b> todav\u00eda\u201d, reiter\u00f3 desde el aeropuerto. Asegur\u00f3 que seguir\u00edan siendo del mismo \u201cgrupo de amigos\u201d, como se ha podido observar en su viaje junto a su compa\u00f1era creativa Elena Rodr\u00edguez.<\/p>\n<p class=\"paragraph\">Por otro lado, Calvo se mostr\u00f3 abierto a explorar nuevos caminos: \u201cSiempre hay que estar abierto al amor\u201d. No obstante, se encarg\u00f3 de desmentir<b> su relaci\u00f3n con Guitarricadelafuente<\/b>: \u201cLlevo no s\u00e9 cu\u00e1ntos meses rodando con \u00c1lvaro. Es una de las personas m\u00e1s incre\u00edbles que conozco. Su novio es incre\u00edble. Somos amigu\u00edsimos, somos hermanos, somos familia\u201d.<\/p>\n<p class=\"paragraph\">Lo que ni afirm\u00f3 ni neg\u00f3 fue la relaci\u00f3n con <b>el artista El Bugg<\/b>, sobre la que respondi\u00f3 con una carcajada. Pero s\u00ed zanj\u00f3 otro de los temas sobre los que m\u00e1s se ha especulado, <a rel=\"noopener noreferrer nofollow\" href=\"https:\/\/www.infobae.com\/espana\/2025\/11\/11\/que-pasara-con-la-casa-de-los-javis-tras-su-ruptura-una-mansion-con-biblioteca-de-dos-pisos-gran-piscina-y-discoteca\/\" target=\"_self\" title=\"https:\/\/www.infobae.com\/espana\/2025\/11\/11\/que-pasara-con-la-casa-de-los-javis-tras-su-ruptura-una-mansion-con-biblioteca-de-dos-pisos-gran-piscina-y-discoteca\/\">la venta de su casa<\/a>: \u201cF\u00edjate, esa noticia es mentira. No se ha puesto a la venta todav\u00eda\u201d.<\/p>\n","protected":false},"excerpt":{"rendered":"Javier Ambrossi y Javier Calvo, en imagen de archivo (Europa Press) La ruptura de Javier Calvo y Javier&hellip;\n","protected":false},"author":2,"featured_media":261537,"comment_status":"","ping_status":"","sticky":false,"template":"","format":"standard","meta":{"footnotes":""},"categories":[174],"tags":[255,146,147,25,24,256,23],"class_list":{"0":"post-261536","1":"post","2":"type-post","3":"status-publish","4":"format-standard","5":"has-post-thumbnail","7":"category-famosos","8":"tag-celebrities","9":"tag-entertainment","10":"tag-entretenimiento","11":"tag-es","12":"tag-espana","13":"tag-famosos","14":"tag-spain"},"share_on_mastodon":{"url":"https:\/\/pubeurope.com\/@es\/115631378470189954","error":""},"_links":{"self":[{"href":"https:\/\/www.europesays.com\/es\/wp-json\/wp\/v2\/posts\/261536","targetHints":{"allow":["GET"]}}],"collection":[{"href":"https:\/\/www.europesays.com\/es\/wp-json\/wp\/v2\/posts"}],"about":[{"href":"https:\/\/www.europesays.com\/es\/wp-json\/wp\/v2\/types\/post"}],"author":[{"embeddable":true,"href":"https:\/\/www.europesays.com\/es\/wp-json\/wp\/v2\/users\/2"}],"replies":[{"embeddable":true,"href":"https:\/\/www.europesays.com\/es\/wp-json\/wp\/v2\/comments?post=261536"}],"version-history":[{"count":0,"href":"https:\/\/www.europesays.com\/es\/wp-json\/wp\/v2\/posts\/261536\/revisions"}],"wp:featuredmedia":[{"embeddable":true,"href":"https:\/\/www.europesays.com\/es\/wp-json\/wp\/v2\/media\/261537"}],"wp:attachment":[{"href":"https:\/\/www.europesays.com\/es\/wp-json\/wp\/v2\/media?parent=261536"}],"wp:term":[{"taxonomy":"category","embeddable":true,"href":"https:\/\/www.europesays.com\/es\/wp-json\/wp\/v2\/categories?post=261536"},{"taxonomy":"post_tag","embeddable":true,"href":"https:\/\/www.europesays.com\/es\/wp-json\/wp\/v2\/tags?post=261536"}],"curies":[{"name":"wp","href":"https:\/\/api.w.org\/{rel}","templated":true}]}}