{"id":261538,"date":"2025-11-29T05:39:09","date_gmt":"2025-11-29T05:39:09","guid":{"rendered":"https:\/\/www.europesays.com\/es\/261538\/"},"modified":"2025-11-29T05:39:09","modified_gmt":"2025-11-29T05:39:09","slug":"el-museo-del-louvre-subira-un-45-el-precio-de-sus-entradas-para-los-visitantes-de-fuera-de-la-ue","status":"publish","type":"post","link":"https:\/\/www.europesays.com\/es\/261538\/","title":{"rendered":"El Museo del Louvre subir\u00e1 un 45% el precio de sus entradas para los visitantes de fuera de la UE"},"content":{"rendered":"<p class=\"c-paragraph\">Las entradas para acceder al Museo del Louvre en Par\u00eds (Francia) subir\u00e1n su precio un 45% en el caso de los recorridos individuales a partir del pr\u00f3ximo 14 de enero de 2026<b> para los visitantes fuera del Espacio Econ\u00f3mico Europeo (EEE).<\/b><\/p>\n<p class=\"c-paragraph\">As\u00ed, el billete para recorridos individuales <b>costar\u00e1 32 euros el pr\u00f3ximo a\u00f1o, frente a los 22 euros actuales,<\/b> mientras que tambi\u00e9n subir\u00e1 el precio de los grupos con gu\u00edas acreditados, hasta los 28 euros, donde tambi\u00e9n el n\u00famero de participantes se limitar\u00e1 ahora a 20 personas, seg\u00fan ha confirmado un portavoz del museo a Europa Press.<\/p>\n<p class=\"c-paragraph\">Adem\u00e1s del famoso museo, <b>esta medida afecta a varias instituciones culturales nacionales m\u00e1s, entre ellas el Palacio de Versalles<\/b>, el Centro de Monumentos Nacionales (Sainte Chapelle), la \u00d3pera de Par\u00eds y el Palacio de Chambord.<\/p>\n<p class=\"c-paragraph\">A principios de 2025, <b>la ministra francesa de Cultura, Rachida Dati,<\/b> anunci\u00f3 la aplicaci\u00f3n de tarifas diferenciadas para los visitantes del EEE y los visitantes no pertenecientes al EEE en varios establecimientos.<\/p>\n<p class=\"c-paragraph\">Se espera que esta subida de precios aumente los ingresos de la instituci\u00f3n entre 15 y 20 millones de euros al a\u00f1o, que se destinar\u00e1n, en particular, a los planes maestros t\u00e9cnicos dentro del marco del proyecto Louvre &#8211; Nouvelle Renaissance, <b>cuyo objetivo es modernizar y transformar el museo para dar respuesta a sus problemas estructurales.<\/b><\/p>\n<p class=\"c-paragraph\">En 2024, el Museo del Louvre <b>recibi\u00f3 un total de 8,7 millones de visitantes, de los cuales el 77% proced\u00eda del extranjero<\/b>. En enero de 2024, el precio de la entrada para todos los visitantes se aument\u00f3 de 17 a 22 euros.<\/p>\n","protected":false},"excerpt":{"rendered":"Las entradas para acceder al Museo del Louvre en Par\u00eds (Francia) subir\u00e1n su precio un 45% en el&hellip;\n","protected":false},"author":2,"featured_media":261539,"comment_status":"","ping_status":"","sticky":false,"template":"","format":"standard","meta":{"footnotes":""},"categories":[173],"tags":[18596,229,233,231,230,232,234,146,147,25,24,9212,470,23,8614,16743],"class_list":{"0":"post-261538","1":"post","2":"type-post","3":"status-publish","4":"format-standard","5":"has-post-thumbnail","7":"category-arte-y-diseno","8":"tag-18596","9":"tag-arte","10":"tag-arte-y-diseno","11":"tag-arts","12":"tag-arts-and-design","13":"tag-design","14":"tag-diseno","15":"tag-entertainment","16":"tag-entretenimiento","17":"tag-es","18":"tag-espana","19":"tag-louvre","20":"tag-museo","21":"tag-spain","22":"tag-subira","23":"tag-un"},"share_on_mastodon":{"url":"https:\/\/pubeurope.com\/@es\/115631381720382332","error":""},"_links":{"self":[{"href":"https:\/\/www.europesays.com\/es\/wp-json\/wp\/v2\/posts\/261538","targetHints":{"allow":["GET"]}}],"collection":[{"href":"https:\/\/www.europesays.com\/es\/wp-json\/wp\/v2\/posts"}],"about":[{"href":"https:\/\/www.europesays.com\/es\/wp-json\/wp\/v2\/types\/post"}],"author":[{"embeddable":true,"href":"https:\/\/www.europesays.com\/es\/wp-json\/wp\/v2\/users\/2"}],"replies":[{"embeddable":true,"href":"https:\/\/www.europesays.com\/es\/wp-json\/wp\/v2\/comments?post=261538"}],"version-history":[{"count":0,"href":"https:\/\/www.europesays.com\/es\/wp-json\/wp\/v2\/posts\/261538\/revisions"}],"wp:featuredmedia":[{"embeddable":true,"href":"https:\/\/www.europesays.com\/es\/wp-json\/wp\/v2\/media\/261539"}],"wp:attachment":[{"href":"https:\/\/www.europesays.com\/es\/wp-json\/wp\/v2\/media?parent=261538"}],"wp:term":[{"taxonomy":"category","embeddable":true,"href":"https:\/\/www.europesays.com\/es\/wp-json\/wp\/v2\/categories?post=261538"},{"taxonomy":"post_tag","embeddable":true,"href":"https:\/\/www.europesays.com\/es\/wp-json\/wp\/v2\/tags?post=261538"}],"curies":[{"name":"wp","href":"https:\/\/api.w.org\/{rel}","templated":true}]}}