{"id":261544,"date":"2025-11-29T05:44:18","date_gmt":"2025-11-29T05:44:18","guid":{"rendered":"https:\/\/www.europesays.com\/es\/261544\/"},"modified":"2025-11-29T05:44:18","modified_gmt":"2025-11-29T05:44:18","slug":"bellingham-hace-pensar-a-xabi","status":"publish","type":"post","link":"https:\/\/www.europesays.com\/es\/261544\/","title":{"rendered":"Bellingham hace pensar a Xabi"},"content":{"rendered":"<p class=\"\">Para muchos y despu\u00e9s de lo que hizo en su primera temporada en el Real Madrid, <b>23 goles y 13 asistencias,<\/b> es el <b>centrocampista total.<\/b> Para otros, un jugador tan bueno como inclasificable, mitad centrocampista, mitad delantero. Y para <b>Xabi Alonso, <\/b><a href=\"https:\/\/as.com\/futbol\/primera\/bellingham-solucion-y-problema-n\/\" target=\"_self\" rel=\"nofollow noopener\" title=\"https:\/\/as.com\/futbol\/primera\/bellingham-solucion-y-problema-n\/\"><b>una bendici\u00f3n y un quebradero de cabeza<\/b><\/a> al mismo tiempo. La ubicaci\u00f3n del ingl\u00e9s, ex del Borussia, ha ocupado desde que lleg\u00f3 mucho tiempo en la cabeza del t\u00e9cnico tolosarra, que empez\u00f3 la temporada diciendo que le ve\u00eda m\u00e1s <b>\u201ccomo un centrocampista\u201d<\/b> y que sin embargo ha terminado acerc\u00e1ndolo al gol, poni\u00e9ndolo por detr\u00e1s de <b>Mbapp\u00e9<\/b>.<\/p>\n<p><a href=\"https:\/\/as.com\/resultados\/ficha\/deportista\/jude_bellingham\/47694\/\" rel=\"nofollow noopener\" target=\"_blank\"><img decoding=\"async\" src=\"https:\/\/www.europesays.com\/es\/wp-content\/uploads\/2025\/11\/1764395056_262_47694.png\" alt=\"Bellingham hace pensar a Xabi\" height=\"80\" width=\"80\"  loading=\"lazy\" data-error-image=\"https:\/\/static.as.com\/dist\/resources\/images\/placeholder-player.png\"\/><\/a><\/p>\n<p class=\"\"><a href=\"https:\/\/as.com\/futbol\/primera\/bellingham-tres-meses-fuera-n\/\" target=\"_self\" rel=\"nofollow noopener\" title=\"https:\/\/as.com\/futbol\/primera\/bellingham-tres-meses-fuera-n\/\"><b>Despu\u00e9s de la operaci\u00f3n a la que fue sometido en el hombro,<\/b><\/a> la presente est\u00e1 siendo una temporada an\u00f3mala para el internacional ingl\u00e9s. <b>Acortando mucho los plazos<\/b> de recuperaci\u00f3n establecidos fue convocado por primera vez para el quinto encuentro de la temporada, el primero de Champions, ante el <b>Marsella<\/b>, el 16 de septiembre.<\/p>\n<p class=\"\">Pero no jug\u00f3. Tan s\u00f3lo acumul\u00f3 un pu\u00f1ado de minutos (1\u2019 y 19\u2019 respectivamente) ante Espanyol y Levante antes de ser <b>titular, por sorpresa, en el Metropolitano.<\/b> La estrepitosa derrota (5-2) le puso en el centro del debate. Xabi pudo haber adelantado demasiado su primera aparici\u00f3n en el once inicial.<\/p>\n<p class=\"\">Desde entonces<b> Bellingham ha jugado todos los encuentros.<\/b> Y todos como titular a excepci\u00f3n de dos, el del Kairat y el \u00faltimo ante el <b>Olympiacos. Este, el \u00faltimo, <\/b><a href=\"https:\/\/as.com\/futbol\/champions\/bellingham-tocado-f202511-n\/\" target=\"_self\" rel=\"nofollow noopener\" title=\"https:\/\/as.com\/futbol\/champions\/bellingham-tocado-f202511-n\/\"><b>rodeado adem\u00e1s de un cierto misterio<\/b><\/a><b>,<\/b> pues extra\u00f1\u00f3 que jugara Jude unos minutos en la segunda parte cuando previamente hab\u00eda trascendido que comenzaba en el banquillo por <b>unas molestias musculares en el s\u00f3leo. <\/b>Corri\u00f3, en cierto modo, un riesgo innecesario, pues acababa de marcar Mbapp\u00e9 el cuarto y el partido iba 2-4.<\/p>\n<p class=\"\"><b>Xabi ha terminado acomodando el sistema a un 4-2-3-1 para acercar a Bellingham al gol<\/b> y reducir los metros que ten\u00eda que recorrer cuando jugaba en el centro del campo, m\u00e1s pegado a la banda izquierda. <b>El ingl\u00e9s, como suele hacer, no defrauda mirando a puerta. <\/b>Han sido cuatro los goles que ha marcado en los \u00faltimos siete partidos en que ha sido titular, incluyendo el que salv\u00f3 el empate ante el Elche, el de la victoria ante la Juve o el primero del equipo en el Cl\u00e1sico. Pero ahora, el giro t\u00e1ctico de Xabi ante el Olympiacos, en el que dispuso <b>un 4-3-1-2 (con trivote), requiere un replanteamiento de la situaci\u00f3n.<\/b><\/p>\n<p>Detr\u00e1s de los delanteros<\/p>\n<p class=\"\">El cambio, en principio, no afecta a Bellingham, que puede seguir jugando en la <b>mediapunta<\/b>, en este caso por detr\u00e1s de los dos delanteros, <b>ahora con Vinicius junto a Mbbap\u00e9.<\/b> Pero eso puede sacar de la ecuaci\u00f3n a <b>G\u00fcler <\/b>a no ser que Xabi se decida a poner al turco en el <b>trivote junto a Tchouameni y Valverde.<\/b><\/p>\n<p class=\"\">En este caso es <b>Camavinga <\/b>el que se caer\u00e1 del once. La pregunta del mill\u00f3n, \u00bfd\u00f3nde va a jugar Bellingham? parece estar resuelta desde hace tiempo. La mediapunta es para \u00e9l.<b> Juega m\u00e1s centrado<\/b> (y menos obligado en defensa) de lo que lo hac\u00eda con <b>Ancelotti<\/b>. Pero el \u00faltimo cambio t\u00e1ctico de Xabi obliga a volver a <b>asentar las piezas, <\/b>incluida la suya.<\/p>\n<p>Noticias relacionadas<a href=\"https:\/\/as.com\/futbol\/champions\/por-fin-un-vinicius-sin-cadenas-f202511-n\/\" class=\"s_m_w\" title=\"Atenas fue el inicio de algo. Xabi reaccion\u00f3, puso por fin a Camavinga y Valverde de interiores junto a Tchouameni y se vio el resultado: el mejor Vini.\" data-tb-link=\"\" rel=\"nofollow noopener\" target=\"_blank\"><img decoding=\"async\" src=\"https:\/\/www.europesays.com\/es\/wp-content\/uploads\/2025\/11\/1764395057_550_DVP3NWYGFFKBTCYIVZAMHZYVOM.jpg\" alt=\"Por fin un Vinicius sin cadenas\" class=\"\" height=\"9\" width=\"16\"   loading=\"lazy\" data-tb-thumbnail=\"\"\/><\/a><a href=\"https:\/\/as.com\/futbol\/primera\/rudiger-aprende-la-leccion-f202511-n\/\" class=\"s_m_w\" title=\"El alem\u00e1n cuida su vuelta sin prisas porque achaca su \u00faltima lesi\u00f3n al esfuerzo por acortar plazos tras la cirug\u00eda. Ahora, asalto a la titularidad... y al Mundial.\" data-tb-link=\"\" rel=\"nofollow noopener\" target=\"_blank\"><img decoding=\"async\" src=\"https:\/\/www.europesays.com\/es\/wp-content\/uploads\/2025\/11\/EF3A7ARYRVD55BYFT2L5AC3PCM.jpg\" alt=\"R\u00fcdiger aprende la lecci\u00f3n\" class=\"\" height=\"9\" width=\"16\"   loading=\"lazy\" data-tb-thumbnail=\"\"\/><\/a><\/p>\n<p class=\"\"><b>\u00a1Tus opiniones importan!<\/b> Comenta en los art\u00edculos y suscr\u00edbete gratis a nuestra <a href=\"https:\/\/asfan.as.com\/newsletters\/\" target=\"_blank\" rel=\"nofollow noopener\" title=\"https:\/\/asfan.as.com\/newsletters\/\">newsletter<\/a> y a las alertas informativas en la <a href=\"https:\/\/as.com\/aplicacion-de-as-n\/\" target=\"_blank\" rel=\"nofollow noopener\" title=\"https:\/\/as.com\/aplicacion-de-as-n\/\">App<\/a> o el canal de <a href=\"https:\/\/www.whatsapp.com\/channel\/0029VaAasdA7j6g745nz9M10\" target=\"_blank\" rel=\"nofollow noopener\" title=\"https:\/\/www.whatsapp.com\/channel\/0029VaAasdA7j6g745nz9M10\">WhatsApp<\/a>.<\/p>\n<p class=\"\">\u00bfBuscas licenciar contenido? Haz clic <a href=\"https:\/\/profesional.elpais.com\/soluciones-sindicacion?utm_medium=interno&amp;utm_source=crosslinking&amp;utm_campaign=sindicacion_as_pie_articulos\" target=\"_blank\" rel=\"nofollow noopener\" title=\"https:\/\/profesional.elpais.com\/soluciones-sindicacion?utm_medium=interno&amp;utm_source=crosslinking&amp;utm_campaign=sindicacion_as_pie_articulos\">aqu\u00ed<\/a><\/p>\n","protected":false},"excerpt":{"rendered":"Para muchos y despu\u00e9s de lo que hizo en su primera temporada en el Real Madrid, 23 goles&hellip;\n","protected":false},"author":2,"featured_media":261545,"comment_status":"","ping_status":"","sticky":false,"template":"","format":"standard","meta":{"footnotes":""},"categories":[93],"tags":[168,25,24,23,167],"class_list":{"0":"post-261544","1":"post","2":"type-post","3":"status-publish","4":"format-standard","5":"has-post-thumbnail","7":"category-deportes","8":"tag-deportes","9":"tag-es","10":"tag-espana","11":"tag-spain","12":"tag-sports"},"share_on_mastodon":{"url":"https:\/\/pubeurope.com\/@es\/115631401787593591","error":""},"_links":{"self":[{"href":"https:\/\/www.europesays.com\/es\/wp-json\/wp\/v2\/posts\/261544","targetHints":{"allow":["GET"]}}],"collection":[{"href":"https:\/\/www.europesays.com\/es\/wp-json\/wp\/v2\/posts"}],"about":[{"href":"https:\/\/www.europesays.com\/es\/wp-json\/wp\/v2\/types\/post"}],"author":[{"embeddable":true,"href":"https:\/\/www.europesays.com\/es\/wp-json\/wp\/v2\/users\/2"}],"replies":[{"embeddable":true,"href":"https:\/\/www.europesays.com\/es\/wp-json\/wp\/v2\/comments?post=261544"}],"version-history":[{"count":0,"href":"https:\/\/www.europesays.com\/es\/wp-json\/wp\/v2\/posts\/261544\/revisions"}],"wp:featuredmedia":[{"embeddable":true,"href":"https:\/\/www.europesays.com\/es\/wp-json\/wp\/v2\/media\/261545"}],"wp:attachment":[{"href":"https:\/\/www.europesays.com\/es\/wp-json\/wp\/v2\/media?parent=261544"}],"wp:term":[{"taxonomy":"category","embeddable":true,"href":"https:\/\/www.europesays.com\/es\/wp-json\/wp\/v2\/categories?post=261544"},{"taxonomy":"post_tag","embeddable":true,"href":"https:\/\/www.europesays.com\/es\/wp-json\/wp\/v2\/tags?post=261544"}],"curies":[{"name":"wp","href":"https:\/\/api.w.org\/{rel}","templated":true}]}}