{"id":261546,"date":"2025-11-29T05:46:14","date_gmt":"2025-11-29T05:46:14","guid":{"rendered":"https:\/\/www.europesays.com\/es\/261546\/"},"modified":"2025-11-29T05:46:14","modified_gmt":"2025-11-29T05:46:14","slug":"la-actriz-ruth-codd-anuncia-su-recuperacion-tras-una-segunda-amputacion-de-su-pierna","status":"publish","type":"post","link":"https:\/\/www.europesays.com\/es\/261546\/","title":{"rendered":"La actriz Ruth Codd anuncia su recuperaci\u00f3n tras una segunda amputaci\u00f3n de su pierna"},"content":{"rendered":"<p><img alt=\"La historia m\u00e9dica de Ruth\" class=\"global-image\" decoding=\"async\" fetchpriority=\"high\" height=\"3737\" loading=\"eager\" src=\"https:\/\/www.europesays.com\/es\/wp-content\/uploads\/2025\/11\/YIXKQ6K6VZFPHOYBIITEG6KUDA.jpg\" width=\"5605\"\/>La historia m\u00e9dica de Ruth Codd incluye a\u00f1os de cirug\u00edas y dolor cr\u00f3nico tras una lesi\u00f3n jugando f\u00fatbol en su adolescencia (REUTERS\/Mario Anzuoni)<\/p>\n<p class=\"paragraph\">La actriz irlandesa <b>Ruth Codd<\/b>, conocida por su participaci\u00f3n en The Celebrity Traitors y en diversas series de Netflix, revel\u00f3 que se encuentra en proceso de recuperaci\u00f3n tras someterse a una segunda amputaci\u00f3n de pierna. La int\u00e9rprete, de 29 a\u00f1os, dio a conocer la noticia mediante un video en TikTok, donde detall\u00f3 el procedimiento y present\u00f3 su nueva silla de ruedas, a la que llam\u00f3 con humor \u201cFat Tony\u201d, inform\u00f3 The Guardian.<\/p>\n<p class=\"paragraph\">En el video, Codd explic\u00f3 que la intervenci\u00f3n consisti\u00f3 en una amputaci\u00f3n por debajo de la rodilla, y debido a esto, ahora graba sus contenidos en la casa de sus padres en Irlanda, ya que no puede acceder a la habitaci\u00f3n del piso superior donde sol\u00eda filmar. <\/p>\n<p class=\"paragraph\">La historia m\u00e9dica de <b>Ruth Codd<\/b> est\u00e1 vinculada a una lesi\u00f3n durante su adolescencia mientras jugaba f\u00fatbol, evento que desencaden\u00f3 a\u00f1os de cirug\u00edas y dolor cr\u00f3nico. Hace seis a\u00f1os, se someti\u00f3 a su primera amputaci\u00f3n. En 2021, los m\u00e9dicos le amputaron todos los dedos del pie, una consecuencia del uso prolongado de muletas durante ocho a\u00f1os. <\/p>\n<p><img alt=\"La int\u00e9rprete de The Midnight\" class=\"global-image\" decoding=\"async\" fetchpriority=\"low\" height=\"3854\" loading=\"lazy\" src=\"https:\/\/www.europesays.com\/es\/wp-content\/uploads\/2025\/11\/NZAOG4ZPVJFSPDFOESPNPJR34Q.jpg\" width=\"5336\"\/>La int\u00e9rprete de The Midnight Club y The Fall of the House of Usher se consolida como referente en redes sociales sobre discapacidad (REUTERS\/Mario Anzuoni)<\/p>\n<p class=\"paragraph\">\u201cMe dijeron que mi pie nunca iba a mejorar\u201d, record\u00f3 Codd en una entrevista reciente citada por The Guardian, se\u00f1alando que el deterioro de las articulaciones, provocado por la utilizaci\u00f3n de muletas, hizo imposible cualquier otra alternativa m\u00e9dica.<\/p>\n<p class=\"paragraph\">En relaci\u00f3n con su recuperaci\u00f3n actual, la actriz detall\u00f3 que deber\u00e1 esperar al menos un mes para que la extremidad cicatrice y as\u00ed poder recibir una pr\u00f3tesis. Durante este periodo, depende de la silla de ruedas presentada en su video, a la que se refiri\u00f3 como su <b>\u201cnuevo veh\u00edculo\u201d<\/b>, mostrando la actitud positiva y desafiante con la que enfrenta los retos de su rehabilitaci\u00f3n.<\/p>\n<p class=\"paragraph\">En el \u00e1mbito profesional, Codd destac\u00f3 en la <b>televisi\u00f3n y plataformas digitales<\/b>. Su popularidad creci\u00f3 durante la pandemia de COVID-19, cuando comenz\u00f3 a publicar videos divertidos y contenidos sobre la discapacidad en TikTok. M\u00e1s adelante, consolid\u00f3 su carrera como actriz con papeles en las series de terror de Netflix The Midnight Club y The Fall of the House of Usher.<\/p>\n<p class=\"paragraph\">Antes de alcanzar notoriedad en TikTok y luego en Netflix, Codd trabaj\u00f3 como peluquera y maquilladora en su ciudad natal, Wexford. Durante a\u00f1os combin\u00f3 sus empleos con tratamientos de rehabilitaci\u00f3n y per\u00edodos de movilidad reducida, una experiencia que marc\u00f3 su sentido del humor, su forma de narrar la discapacidad y su deseo de construir una comunidad digital basada en la honestidad y la inclusi\u00f3n.<\/p>\n<p><img alt=\"La popularidad de Ruth Codd\" class=\"global-image\" decoding=\"async\" fetchpriority=\"low\" height=\"1024\" loading=\"lazy\" src=\"https:\/\/www.europesays.com\/es\/wp-content\/uploads\/2025\/11\/DJ5YO44NQBEY5ODZ55RVN4L7IY.jpg\" width=\"768\"\/>La popularidad de Ruth Codd creci\u00f3 durante la pandemia gracias a sus contenidos sobre discapacidad y humor en TikTok (@ruthcodd\/Instagram)<\/p>\n<p class=\"paragraph\">Este a\u00f1o, particip\u00f3 en la primera temporada de The Celebrity Traitors, donde fue eliminada en el cuarto episodio, tras descubrir correctamente a Jonathan Ross como uno de los traidores, seg\u00fan relat\u00f3 The Guardian.<\/p>\n<p class=\"paragraph\">M\u00e1s all\u00e1 de su trabajo como actriz, Codd se convirti\u00f3 en una voz activa en redes sociales, compartiendo su experiencia e impulsando la visibilizaci\u00f3n de la discapacidad y el fomento de la inclusi\u00f3n. Su presencia en TikTok ha servido como plataforma donde expone <b>su sentido del humor y resiliencia<\/b>, motivando a otros desde su vivencia.<\/p>\n<p class=\"paragraph\"><b>La actitud optimista y desafiante <\/b>de Ruth Codd resalta que su nueva situaci\u00f3n no limita sus aspiraciones. Su menci\u00f3n reciente a los Juegos Paral\u00edmpicos de 2026 en redes sociales demuestra la determinaci\u00f3n con la que enfrenta el futuro y su deseo de inspirar a otros a partir de su experiencia.<\/p>\n","protected":false},"excerpt":{"rendered":"La historia m\u00e9dica de Ruth Codd incluye a\u00f1os de cirug\u00edas y dolor cr\u00f3nico tras una lesi\u00f3n jugando f\u00fatbol&hellip;\n","protected":false},"author":2,"featured_media":261547,"comment_status":"","ping_status":"","sticky":false,"template":"","format":"standard","meta":{"footnotes":""},"categories":[91],"tags":[3118,146,147,25,24,3691,3119,23],"class_list":{"0":"post-261546","1":"post","2":"type-post","3":"status-publish","4":"format-standard","5":"has-post-thumbnail","7":"category-entretenimiento","8":"tag-arts-culture-entertainment","9":"tag-entertainment","10":"tag-entretenimiento","11":"tag-es","12":"tag-espana","13":"tag-los-angeles","14":"tag-north-america","15":"tag-spain"},"share_on_mastodon":{"url":"https:\/\/pubeurope.com\/@es\/115631409708772950","error":""},"_links":{"self":[{"href":"https:\/\/www.europesays.com\/es\/wp-json\/wp\/v2\/posts\/261546","targetHints":{"allow":["GET"]}}],"collection":[{"href":"https:\/\/www.europesays.com\/es\/wp-json\/wp\/v2\/posts"}],"about":[{"href":"https:\/\/www.europesays.com\/es\/wp-json\/wp\/v2\/types\/post"}],"author":[{"embeddable":true,"href":"https:\/\/www.europesays.com\/es\/wp-json\/wp\/v2\/users\/2"}],"replies":[{"embeddable":true,"href":"https:\/\/www.europesays.com\/es\/wp-json\/wp\/v2\/comments?post=261546"}],"version-history":[{"count":0,"href":"https:\/\/www.europesays.com\/es\/wp-json\/wp\/v2\/posts\/261546\/revisions"}],"wp:featuredmedia":[{"embeddable":true,"href":"https:\/\/www.europesays.com\/es\/wp-json\/wp\/v2\/media\/261547"}],"wp:attachment":[{"href":"https:\/\/www.europesays.com\/es\/wp-json\/wp\/v2\/media?parent=261546"}],"wp:term":[{"taxonomy":"category","embeddable":true,"href":"https:\/\/www.europesays.com\/es\/wp-json\/wp\/v2\/categories?post=261546"},{"taxonomy":"post_tag","embeddable":true,"href":"https:\/\/www.europesays.com\/es\/wp-json\/wp\/v2\/tags?post=261546"}],"curies":[{"name":"wp","href":"https:\/\/api.w.org\/{rel}","templated":true}]}}