{"id":261548,"date":"2025-11-29T05:48:12","date_gmt":"2025-11-29T05:48:12","guid":{"rendered":"https:\/\/www.europesays.com\/es\/261548\/"},"modified":"2025-11-29T05:48:12","modified_gmt":"2025-11-29T05:48:12","slug":"airbus-pide-detener-6-000-de-sus-aviones-a320-para-cambiar-programa-de-control","status":"publish","type":"post","link":"https:\/\/www.europesays.com\/es\/261548\/","title":{"rendered":"Airbus pide detener 6.000 de sus aviones A320 para cambiar programa de control"},"content":{"rendered":"<p>    <img src=\"https:\/\/www.europesays.com\/es\/wp-content\/uploads\/2025\/11\/2025-11-29T053A073A44Z-90551644.jpg\" width=\"1024\" height=\"597\" alt=\"\" loading=\"eager\" decoding=\"sync\" fetchpriority=\"high\"\/><\/p>\n<p>            afp_tickers        <\/p>\n<p>        Este contenido fue publicado en    <\/p>\n<p>        29 noviembre 2025 &#8211; 06:07\n<\/p>\n<p>El fabricante aeron\u00e1utico Airbus inst\u00f3 a \u00abdetener inmediatamente los vuelos\u00bb de 6.000 de sus aviones A320 para reemplazar un programa de control de navegaci\u00f3n vulnerable a las radiaciones solares, afirm\u00f3 el viernes a la AFP un portavoz de la compa\u00f1\u00eda.<\/p>\n<p>El anuncio provoc\u00f3 retrasos y cancelaciones en vuelos de todo el mundo, desde Filipinas hasta Colombia.<\/p>\n<p>La medida se toma tras un incidente t\u00e9cnico a finales de octubre con un aparato en Estados Unidos que \u00abrevel\u00f3 que radiaciones solares intensas pod\u00edan corromper los datos esenciales para el funcionamiento de los comandos de vuelo\u00bb, explic\u00f3 el gigante europeo a sus clientes en un comunicado.<\/p>\n<p>Airbus los inst\u00f3 a \u00abdetener inmediatamente los vuelos\u00bb tras analizar el fallo t\u00e9cnico.<\/p>\n<p>Para la mayor\u00eda de los aviones, el cambio de software con su versi\u00f3n anterior llevar\u00e1 \u00abunas horas\u00bb. Pero para unas 1.000 aeronaves esto implicar\u00e1 el cambio del hardware, \u00ablo que llevar\u00e1 semanas\u00bb, explic\u00f3 a la AFP una fuente cercana al asunto.\u00a0<\/p>\n<p>Se trata del sistema ELAC (Elevator and Aileron Computer), un computador de control de los elevadores y alerones del avi\u00f3n.<\/p>\n<p>\u00abAirbus reconoce que estas recomendaciones provocar\u00e1n trastornos operativos para los pasajeros y los clientes. Pedimos disculpas por las molestias causadas y trabajaremos en estrecha colaboraci\u00f3n con los operadores, manteniendo la seguridad como nuestra prioridad absoluta y primordial\u00bb, agreg\u00f3 la empresa.<\/p>\n<p>\u2013 Afectaciones \u2013<\/p>\n<p>Air France inform\u00f3 que cancel\u00f3 35 vuelos el viernes y que est\u00e1 calculando el n\u00famero de afectaciones para el s\u00e1bado.\u00a0<\/p>\n<p>\u00abLos clientes afectados por las cancelaciones est\u00e1n siendo informados individualmente por SMS y correo electr\u00f3nico\u00bb, dijo un portavoz.<\/p>\n<p>La colombiana Avianca tambi\u00e9n inform\u00f3 de afectaciones \u00absignificativas\u00bb en sus vuelos debido a que la actualizaci\u00f3n del programa afecta a m\u00e1s del 70% de su flota, y suspendi\u00f3 la venta de boletos hasta el 8 de diciembre.<\/p>\n<p>American Airlines prev\u00e9 \u00abalgunos retrasos\u00bb relacionados con estos ajustes, pero estima que la actualizaci\u00f3n del programa en sus aproximadamente 340 aviones estar\u00e1 lista el s\u00e1bado.<\/p>\n<p>Consultada por la AFP, JetBlue no coment\u00f3 sobre el incidente, pero explic\u00f3 que ya hab\u00eda comenzado las modificaciones necesarias en \u00abalgunos A320\u00bb y tambi\u00e9n en A321.<\/p>\n<p>Mientras que Air India advirti\u00f3 sobre retrasos debido a la inmovilizaci\u00f3n de algunos aviones.<\/p>\n<p>En cuanto a Delta Air Lines, la compa\u00f1\u00eda esperaba realizar las actualizaciones necesarias para la ma\u00f1ana del s\u00e1bado en parte de sus A320 y A321neo.<\/p>\n<p>En Filipinas, las aerol\u00edneas locales Philippine Airlines y Cebu Pacific tuvieron que cancelar m\u00e1s de 40 vuelos y ofrecieron reembolsos y cambios de fecha a los pasajeros afectados.<\/p>\n<p>En M\u00e9xico, las aerol\u00edneas de bajo costo Volaris y Viva Aerob\u00fas informaron este viernes que sus operaciones sufrir\u00e1n retrasos, por lo que tomar\u00e1n medidas para mitigar las afectaciones a los viajeros. No dieron detalles de cu\u00e1ntos vuelos se ver\u00e1n afectados o el n\u00famero de aviones que deber\u00e1n realizar estas actualizaciones.<\/p>\n<p>\u2013 El fallo \u2013<\/p>\n<p>El incidente t\u00e9cnico se remonta al 30 de octubre, cuando un Airbus A320 de la compa\u00f1\u00eda JetBlue sufri\u00f3 un problema de control en vuelo debido a un fallo inform\u00e1tico.<\/p>\n<p>Este se produjo en la fase de crucero entre Canc\u00fan (M\u00e9xico) y Newark (Estados Unidos), cuando el avi\u00f3n descendi\u00f3 repentinamente sin intervenci\u00f3n de los pilotos.\u00a0<\/p>\n<p>El episodio concluy\u00f3 con un aterrizaje en Tampa, Florida, y dej\u00f3 varios pasajeros heridos, seg\u00fan los bomberos locales.<\/p>\n<p>El Airbus A320, que entr\u00f3 en servicio en 1988, es el avi\u00f3n m\u00e1s vendido del mundo. En septiembre desbanc\u00f3 al avi\u00f3n de pasillo \u00fanico 737 del fabricante estadounidense Boeing, cuyo primer ejemplar se entreg\u00f3 en 1968.<\/p>\n<p>A finales de septiembre, Airbus hab\u00eda entregado 12.257 unidades de su A320 (incluidas las versiones privadas), frente a las 12.254 unidades del 737.<\/p>\n<p>neo-als\/sem\/cr\/arm<\/p>\n","protected":false},"excerpt":{"rendered":"afp_tickers Este contenido fue publicado en 29 noviembre 2025 &#8211; 06:07 El fabricante aeron\u00e1utico Airbus inst\u00f3 a \u00abdetener&hellip;\n","protected":false},"author":2,"featured_media":261549,"comment_status":"","ping_status":"","sticky":false,"template":"","format":"standard","meta":{"footnotes":""},"categories":[80],"tags":[53216,22914,82,95,94,25,24,14689,23,90,22917],"class_list":{"0":"post-261548","1":"post","2":"type-post","3":"status-publish","4":"format-standard","5":"has-post-thumbnail","7":"category-economia","8":"tag-aerospace","9":"tag-air-transport","10":"tag-business","11":"tag-economia","12":"tag-economy","13":"tag-es","14":"tag-espana","15":"tag-manufacturing-and-engineering","16":"tag-spain","17":"tag-ticker","18":"tag-transport"},"share_on_mastodon":{"url":"https:\/\/pubeurope.com\/@es\/115631417484027416","error":""},"_links":{"self":[{"href":"https:\/\/www.europesays.com\/es\/wp-json\/wp\/v2\/posts\/261548","targetHints":{"allow":["GET"]}}],"collection":[{"href":"https:\/\/www.europesays.com\/es\/wp-json\/wp\/v2\/posts"}],"about":[{"href":"https:\/\/www.europesays.com\/es\/wp-json\/wp\/v2\/types\/post"}],"author":[{"embeddable":true,"href":"https:\/\/www.europesays.com\/es\/wp-json\/wp\/v2\/users\/2"}],"replies":[{"embeddable":true,"href":"https:\/\/www.europesays.com\/es\/wp-json\/wp\/v2\/comments?post=261548"}],"version-history":[{"count":0,"href":"https:\/\/www.europesays.com\/es\/wp-json\/wp\/v2\/posts\/261548\/revisions"}],"wp:featuredmedia":[{"embeddable":true,"href":"https:\/\/www.europesays.com\/es\/wp-json\/wp\/v2\/media\/261549"}],"wp:attachment":[{"href":"https:\/\/www.europesays.com\/es\/wp-json\/wp\/v2\/media?parent=261548"}],"wp:term":[{"taxonomy":"category","embeddable":true,"href":"https:\/\/www.europesays.com\/es\/wp-json\/wp\/v2\/categories?post=261548"},{"taxonomy":"post_tag","embeddable":true,"href":"https:\/\/www.europesays.com\/es\/wp-json\/wp\/v2\/tags?post=261548"}],"curies":[{"name":"wp","href":"https:\/\/api.w.org\/{rel}","templated":true}]}}