{"id":261550,"date":"2025-11-29T05:49:10","date_gmt":"2025-11-29T05:49:10","guid":{"rendered":"https:\/\/www.europesays.com\/es\/261550\/"},"modified":"2025-11-29T05:49:10","modified_gmt":"2025-11-29T05:49:10","slug":"eeuu-congela-decisiones-sobre-asilo-tras-ataque-contra-guardias-nacionales-en-washington","status":"publish","type":"post","link":"https:\/\/www.europesays.com\/es\/261550\/","title":{"rendered":"EEUU congela decisiones sobre asilo tras ataque contra guardias nacionales en Washington"},"content":{"rendered":"<p>    <img src=\"https:\/\/www.europesays.com\/es\/wp-content\/uploads\/2025\/11\/2025-11-28T183A533A13Z-90550788.jpg\" width=\"1024\" height=\"682\" alt=\"\" loading=\"eager\" decoding=\"sync\" fetchpriority=\"high\"\/><\/p>\n<p>            afp_tickers        <\/p>\n<p>        Este contenido fue publicado en    <\/p>\n<p>        29 noviembre 2025 &#8211; 04:53\n<\/p>\n<p>Estados Unidos congel\u00f3 las decisiones relativas al asilo en el pa\u00eds, informaron fuentes oficiales el viernes, como parte del endurecimiento de la pol\u00edtica migratoria del presidente Donald Trump tras el ataque contra dos guardias nacionales en Washington atribuido a un ciudadano afgano.\u00a0<\/p>\n<p>Las autoridades acusan al extranjero de disparar el mi\u00e9rcoles contra los dos uniformados y provocar la muerte de una de ellos, lo que desat\u00f3 una nueva ofensiva gubernamental contra los migrantes en Estados Unidos.<\/p>\n<p>Joseph Edlow, director del Servicio de Ciudadan\u00eda e Inmigraci\u00f3n de Estados Unidos (USCIS), anunci\u00f3 el viernes en la noche que su agencia \u00abfren\u00f3 todas las decisiones de asilo\u00bb hasta que el gobierno pueda \u00abgarantizar que cada extranjero sea evaluado y examinado al m\u00e1ximo grado posible\u00bb.<\/p>\n<p>La declaraci\u00f3n de Edlow se produjo un d\u00eda despu\u00e9s que Trump anunciara planes para \u00abpausar permanentemente la migraci\u00f3n de todos los pa\u00edses del tercer mundo para permitir que el sistema estadounidense se recupere por completo\u00bb.<\/p>\n<p>Al ser preguntado sobre qu\u00e9 nacionalidades ser\u00edan afectadas, el Departamento de Seguridad Nacional se\u00f1al\u00f3 a la AFP una lista de 19 pa\u00edses, incluyendo a Afganist\u00e1n, Cuba, Hait\u00ed, Ir\u00e1n y Birmania, que ya enfrentan restricciones de viaje a Estados Unidos desde junio.<\/p>\n<p>Mientras tanto, el secretario de Estado, Marco Rubio, dijo el viernes que el pa\u00eds detuvo temporalmente la emisi\u00f3n de visas para todas las personas que viajan con pasaportes afganos.\u00a0<\/p>\n<p>\u00abEstados Unidos no tiene una prioridad m\u00e1s alta que proteger nuestra naci\u00f3n y a nuestra gente\u00bb, dijo.<\/p>\n<p>\u2013 Controversia en EEUU \u2013<\/p>\n<p>El tiroteo ha reavivado tres asuntos pol\u00edticamente explosivos: el uso que hace Trump de los militares dentro del pa\u00eds, la inmigraci\u00f3n y el legado de la guerra de Estados Unidos en Afganist\u00e1n.<\/p>\n<p>El autor de los disparos, identificado por las autoridades como Rahmanullah Lakanwal, de 29 a\u00f1os, fue miembro de las \u00abunidades cero\u00bb de los servicios afganos, un grupo antiterrorista respaldado por la CIA, seg\u00fan medios estadounidenses.\u00a0<\/p>\n<p>Lakanwal ingres\u00f3 a Estados Unidos como parte de un programa de reasentamiento tras la retirada militar estadounidense de Afganist\u00e1n en 2021.<\/p>\n<p>Jeanine Pirro, la fiscal federal para Washington, dijo el viernes que el hombre ser\u00e1 acusado de asesinato por el ataque.<\/p>\n<p>En la v\u00edspera del D\u00eda de Acci\u00f3n de Gracias, Lakanwal dispar\u00f3 con un rev\u00f3lver Smith &amp; Wesson .357 contra un grupo de guardias que patrullaban cerca de la Casa Blanca, de acuerdo con la fiscal Pirro.\u00a0<\/p>\n<p>Su ataque dej\u00f3 dos heridos: Sarah Beckstrom, de 20 a\u00f1os, y Andrew Wolfe, de 24.\u00a0<\/p>\n<p>Beckstrom, una integrante de la Guardia Nacional de Virginia Occidental, muri\u00f3 el jueves como consecuencia de sus heridas.\u00a0<\/p>\n<p>Wolfe segu\u00eda \u00abluchando por su vida\u00bb, seg\u00fan Trump.\u00a0<\/p>\n<p>Ambos hab\u00edan sido desplegados en la capital estadounidense como parte de la ofensiva del gobierno federal contra el crimen.<\/p>\n<p>\u2013 Tarjetas de residencia \u2013<\/p>\n<p>A \u00faltima hora del jueves, Trump tambi\u00e9n amenaz\u00f3 con revertir \u00abmillones\u00bb de admisiones concedidas bajo su predecesor, el dem\u00f3crata Joe Biden, en una nueva escalada de su postura antimigratoria.<\/p>\n<p>Por separado, el USCIS dijo que volver\u00eda a examinar las \u00abgreen cards\u00bb o tarjetas de residencia permanente emitidas a las personas que hab\u00edan migrado a Estados Unidos desde los 19 pa\u00edses tambi\u00e9n mencionados por el Departamento de Seguridad Nacional.<\/p>\n<p>M\u00e1s de 1,6 millones de titulares de tarjetas de residencia, aproximadamente el 12% del total de la poblaci\u00f3n residente permanente, nacieron en los pa\u00edses enumerados, seg\u00fan datos de inmigraci\u00f3n analizados por la AFP.<\/p>\n<p>Afganist\u00e1n, que cuenta con m\u00e1s de 116.000 titulares de \u00abgreen cards\u00bb, tambi\u00e9n se ve afectado por una suspensi\u00f3n total del procesamiento de solicitudes de inmigraci\u00f3n, ordenada por la administraci\u00f3n Trump despu\u00e9s del tiroteo.<\/p>\n<p>Seg\u00fan los jefes del FBI, la CIA y el Departamento de Seguridad Nacional, Lakanwal lleg\u00f3 a Estados Unidos sin supervisi\u00f3n adecuada debido a pol\u00edticas de asilo laxas del gobierno de Biden tras la ca\u00f3tica retirada de Estados Unidos de Afganist\u00e1n.<\/p>\n<p>AfghanEvac, un grupo que ayud\u00f3 a reasentar a afganos en Estados Unidos tras la retirada militar, afirm\u00f3 sin embargo que los ciudadanos del pa\u00eds asi\u00e1tico hab\u00edan pasado por algunas de las verificaciones de seguridad m\u00e1s completas entre todos los migrantes.<\/p>\n<p>bur-ac\/gma\/mel\/cr\/arm<\/p>\n","protected":false},"excerpt":{"rendered":"afp_tickers Este contenido fue publicado en 29 noviembre 2025 &#8211; 04:53 Estados Unidos congel\u00f3 las decisiones relativas al&hellip;\n","protected":false},"author":2,"featured_media":261551,"comment_status":"","ping_status":"","sticky":false,"template":"","format":"standard","meta":{"footnotes":""},"categories":[42],"tags":[11642,17,18,11643,13,14,4437,11,61,62,63,64,19,20,9,10,15,16,88,90,12,21,22,65,66,67],"class_list":{"0":"post-261550","1":"post","2":"type-post","3":"status-publish","4":"format-standard","5":"has-post-thumbnail","7":"category-internacional","8":"tag-armed-forces","9":"tag-breaking-news","10":"tag-breakingnews","11":"tag-defence","12":"tag-featured-news","13":"tag-featurednews","14":"tag-government","15":"tag-headlines","16":"tag-internacional","17":"tag-international","18":"tag-international-news","19":"tag-internationalnews","20":"tag-latest-news","21":"tag-latestnews","22":"tag-news","23":"tag-noticias","24":"tag-noticias-destacadas","25":"tag-noticiasdestacadas","26":"tag-politics","27":"tag-ticker","28":"tag-titulares","29":"tag-ultimas-noticias","30":"tag-ultimasnoticias","31":"tag-world","32":"tag-world-news","33":"tag-worldnews"},"share_on_mastodon":{"url":"https:\/\/pubeurope.com\/@es\/115631421430841441","error":""},"_links":{"self":[{"href":"https:\/\/www.europesays.com\/es\/wp-json\/wp\/v2\/posts\/261550","targetHints":{"allow":["GET"]}}],"collection":[{"href":"https:\/\/www.europesays.com\/es\/wp-json\/wp\/v2\/posts"}],"about":[{"href":"https:\/\/www.europesays.com\/es\/wp-json\/wp\/v2\/types\/post"}],"author":[{"embeddable":true,"href":"https:\/\/www.europesays.com\/es\/wp-json\/wp\/v2\/users\/2"}],"replies":[{"embeddable":true,"href":"https:\/\/www.europesays.com\/es\/wp-json\/wp\/v2\/comments?post=261550"}],"version-history":[{"count":0,"href":"https:\/\/www.europesays.com\/es\/wp-json\/wp\/v2\/posts\/261550\/revisions"}],"wp:featuredmedia":[{"embeddable":true,"href":"https:\/\/www.europesays.com\/es\/wp-json\/wp\/v2\/media\/261551"}],"wp:attachment":[{"href":"https:\/\/www.europesays.com\/es\/wp-json\/wp\/v2\/media?parent=261550"}],"wp:term":[{"taxonomy":"category","embeddable":true,"href":"https:\/\/www.europesays.com\/es\/wp-json\/wp\/v2\/categories?post=261550"},{"taxonomy":"post_tag","embeddable":true,"href":"https:\/\/www.europesays.com\/es\/wp-json\/wp\/v2\/tags?post=261550"}],"curies":[{"name":"wp","href":"https:\/\/api.w.org\/{rel}","templated":true}]}}