{"id":261552,"date":"2025-11-29T05:50:11","date_gmt":"2025-11-29T05:50:11","guid":{"rendered":"https:\/\/www.europesays.com\/es\/261552\/"},"modified":"2025-11-29T05:50:11","modified_gmt":"2025-11-29T05:50:11","slug":"el-braserillo-la-entrada-en-la-carcel-de-koldo-y-abalos-las-filtraciones-que-senalan-a-sanchez-y-la-respuesta-gubernamental-28-11-2025-tertulia-de-la-brujula-la-brujula","status":"publish","type":"post","link":"https:\/\/www.europesays.com\/es\/261552\/","title":{"rendered":"El Braserillo: La entrada en la c\u00e1rcel de Koldo y \u00c1balos, las filtraciones que se\u00f1alan a S\u00e1nchez y la respuesta Gubernamental (28\/11\/2025) &#8211; Tertulia de La Br\u00fajula &#8211; La br\u00fajula"},"content":{"rendered":"<p>El Braserillo: La entrada en la c\u00e1rcel de Koldo y \u00c1balos, las filtraciones que se\u00f1alan a S\u00e1nchez y la respuesta Gubernamental (28\/11\/2025) &#8211; Tertulia de La Br\u00fajula &#8211; La br\u00fajula | Onda Cero Radio<\/p>\n<p class=\"article-preTitle\"> 01H 03 MIN<\/p>\n<p><img loading=\"lazy\" decoding=\"async\" title=\"El exministro Jos\u00e9 Luis \u00c1balos y su exasesor Koldo Garc\u00eda, en una imagen de archivo. \" alt=\"El exministro Jos\u00e9 Luis \u00c1balos y su exasesor Koldo Garc\u00eda, en una imagen de archivo. EFE\/Manuel Bruque\" width=\"480\" height=\"270\" src=\"https:\/\/www.europesays.com\/es\/wp-content\/uploads\/2025\/11\/1764395411_961_exministro-jose-luis-abalos-exasesor-koldo-garcia-imagen-archivo_70.jpg\"\/> El Braserillo: La entrada en la c\u00e1rcel de Koldo y \u00c1balos, las filtraciones que se\u00f1alan a S\u00e1nchez y la respuesta Gubernamental (28\/11\/2025) <\/p>\n<p class=\"description\"><a href=\"https:\/\/www.ondacero.es\/podcast\/programas\/la-brujula\/tertulia\/braserillo-entrada-carcel-koldo-abalos-filtraciones-que-senalan-sanchez-respuesta-gubernamental-28112025_20251128692a1a9b9553b0e47002ebab.html\" class=\"link link--description\" title=\"Ir al detalle de audio\" rel=\"nofollow noopener\" target=\"_blank\">LA BR\u00daJULA<\/a><\/p>\n<p>El Braserillo: La entrada en la c\u00e1rcel de Koldo y \u00c1balos, las filtraciones que se\u00f1alan a S\u00e1nchez y la respuesta Gubernamental (28\/11\/2025)<\/p>\n","protected":false},"excerpt":{"rendered":"El Braserillo: La entrada en la c\u00e1rcel de Koldo y \u00c1balos, las filtraciones que se\u00f1alan a S\u00e1nchez y&hellip;\n","protected":false},"author":2,"featured_media":261553,"comment_status":"","ping_status":"","sticky":false,"template":"","format":"standard","meta":{"footnotes":""},"categories":[8],"tags":[17,18,25,24,13,14,11,19,20,9,10,15,16,23,12,21,22],"class_list":{"0":"post-261552","1":"post","2":"type-post","3":"status-publish","4":"format-standard","5":"has-post-thumbnail","7":"category-espana","8":"tag-breaking-news","9":"tag-breakingnews","10":"tag-es","11":"tag-espana","12":"tag-featured-news","13":"tag-featurednews","14":"tag-headlines","15":"tag-latest-news","16":"tag-latestnews","17":"tag-news","18":"tag-noticias","19":"tag-noticias-destacadas","20":"tag-noticiasdestacadas","21":"tag-spain","22":"tag-titulares","23":"tag-ultimas-noticias","24":"tag-ultimasnoticias"},"share_on_mastodon":{"url":"https:\/\/pubeurope.com\/@es\/115631425223081439","error":""},"_links":{"self":[{"href":"https:\/\/www.europesays.com\/es\/wp-json\/wp\/v2\/posts\/261552","targetHints":{"allow":["GET"]}}],"collection":[{"href":"https:\/\/www.europesays.com\/es\/wp-json\/wp\/v2\/posts"}],"about":[{"href":"https:\/\/www.europesays.com\/es\/wp-json\/wp\/v2\/types\/post"}],"author":[{"embeddable":true,"href":"https:\/\/www.europesays.com\/es\/wp-json\/wp\/v2\/users\/2"}],"replies":[{"embeddable":true,"href":"https:\/\/www.europesays.com\/es\/wp-json\/wp\/v2\/comments?post=261552"}],"version-history":[{"count":0,"href":"https:\/\/www.europesays.com\/es\/wp-json\/wp\/v2\/posts\/261552\/revisions"}],"wp:featuredmedia":[{"embeddable":true,"href":"https:\/\/www.europesays.com\/es\/wp-json\/wp\/v2\/media\/261553"}],"wp:attachment":[{"href":"https:\/\/www.europesays.com\/es\/wp-json\/wp\/v2\/media?parent=261552"}],"wp:term":[{"taxonomy":"category","embeddable":true,"href":"https:\/\/www.europesays.com\/es\/wp-json\/wp\/v2\/categories?post=261552"},{"taxonomy":"post_tag","embeddable":true,"href":"https:\/\/www.europesays.com\/es\/wp-json\/wp\/v2\/tags?post=261552"}],"curies":[{"name":"wp","href":"https:\/\/api.w.org\/{rel}","templated":true}]}}