{"id":261554,"date":"2025-11-29T05:51:38","date_gmt":"2025-11-29T05:51:38","guid":{"rendered":"https:\/\/www.europesays.com\/es\/261554\/"},"modified":"2025-11-29T05:51:38","modified_gmt":"2025-11-29T05:51:38","slug":"celebramos-el-dia-internacional-de-las-personas-con-discapacidad-distrito-de-sant-marti","status":"publish","type":"post","link":"https:\/\/www.europesays.com\/es\/261554\/","title":{"rendered":"Celebramos el D\u00eda Internacional de las Personas con Discapacidad | Distrito de Sant Mart\u00ed"},"content":{"rendered":"<p>El Distrito de Sant Mart\u00ed celebra el <strong>D\u00eda Internacional de las Personas con Discapacidad<\/strong> con dos jornadas l\u00fadicas que finalizar\u00e1n con un <strong>flashmob<\/strong> reivindicativo de los derechos de las personas con discapacidad.<\/p>\n<p>El <strong>CEM Clot de la Mel<\/strong> (y la calle Andrade) acoger\u00e1 los d\u00edas 2 y 3 de diciembre, de 10 a 12:30 h, una serie de actividades inclusivas en las cuales participar\u00e1n miembros de la comunidad educativa del distrito, tanto de escuelas de educaci\u00f3n especial, como de institutos y escuelas ordinarias, as\u00ed como de las entidades del distrito que dan servicio a personas con discapacidad.<\/p>\n<p>Los asistentes podr\u00e1n participar en <strong>actividades inclusivas<\/strong> como partidos de f\u00fatbol, juegos de hockey hierba, bill point, boccia en silla de ruedas, baloncesto en silla de ruedas, artes marciales, volei sentado, goalball, slalom en silla de ruedas\u2026 y ensayar para la Flashmob que cerrar\u00e1 la jornada con la canci\u00f3n \u201c<strong>Hem vinut a jugar<\/strong>\u201c, de B\u00fahos.<\/p>\n<p><strong>Entidades participantes<\/strong> en las actividades:<\/p>\n<ul>\n<li>Escuela La Sagrera<\/li>\n<li>Escuela Maria Espinal<\/li>\n<li>Aspace<\/li>\n<li>CO Bogatell<\/li>\n<li>Residencia y centro de d\u00eda Montserrat Betriu<\/li>\n<li>Fundaci\u00f3n Catalana par\u00e1lisis cerebral<\/li>\n<li>CEM Clot de la Mel<\/li>\n<li>JOIA<\/li>\n<li>Arep<\/li>\n<li>Aprodisa<\/li>\n<li>Instituto Salvador Segu\u00ed<\/li>\n<li>Jesuites del Clot<\/li>\n<li>Federaci\u00f3 esportiva catalana par\u00e1lisis cerebral<\/li>\n<\/ul>\n<p><strong>Acto institucional<\/strong><\/p>\n<p>Previamente, el lunes 1 de diciembre se realiza el acto institucional, con el recibimiento de las entidades en la sala de plenos de la sede del Distrito, donde se presentar\u00e1n los y las asistentes y se proceder\u00e1 a la lectura del Manifiesto, a cargo de los usuarios y usuarias de las entidades participantes. El acto finalizar\u00e1 con la colocaci\u00f3n del cartel en el balc\u00f3n de la sede del Distrito en la plaza Valent\u00ed Almirall.<\/p>\n<p><strong>Un mundo inclusivo<\/strong><\/p>\n<p>La Asamblea General de las Naciones Unidas proclam\u00f3 en el a\u00f1o 1992 el 3 de diciembre como D\u00eda Internacional de las Personas con Discapacidad. Desde entonces, Barcelona se ha implicado cada a\u00f1o, y este a\u00f1o lo hace con el lema \u2018Hacemos Barcelona accesible para todo el mundo\u2019 para reivindicar los derechos de las personas con discapacidad y hacer valer su contribuci\u00f3n a una sociedad m\u00e1s accesible, inclusiva y diversa.<\/p>\n","protected":false},"excerpt":{"rendered":"El Distrito de Sant Mart\u00ed celebra el D\u00eda Internacional de las Personas con Discapacidad con dos jornadas l\u00fadicas&hellip;\n","protected":false},"author":2,"featured_media":261555,"comment_status":"","ping_status":"","sticky":false,"template":"","format":"standard","meta":{"footnotes":""},"categories":[5],"tags":[17,18,25,24,13,14,11,19,20,9,10,15,16,23,12,21,22],"class_list":{"0":"post-261554","1":"post","2":"type-post","3":"status-publish","4":"format-standard","5":"has-post-thumbnail","7":"category-titulares","8":"tag-breaking-news","9":"tag-breakingnews","10":"tag-es","11":"tag-espana","12":"tag-featured-news","13":"tag-featurednews","14":"tag-headlines","15":"tag-latest-news","16":"tag-latestnews","17":"tag-news","18":"tag-noticias","19":"tag-noticias-destacadas","20":"tag-noticiasdestacadas","21":"tag-spain","22":"tag-titulares","23":"tag-ultimas-noticias","24":"tag-ultimasnoticias"},"share_on_mastodon":{"url":"https:\/\/pubeurope.com\/@es\/115631428931313051","error":""},"_links":{"self":[{"href":"https:\/\/www.europesays.com\/es\/wp-json\/wp\/v2\/posts\/261554","targetHints":{"allow":["GET"]}}],"collection":[{"href":"https:\/\/www.europesays.com\/es\/wp-json\/wp\/v2\/posts"}],"about":[{"href":"https:\/\/www.europesays.com\/es\/wp-json\/wp\/v2\/types\/post"}],"author":[{"embeddable":true,"href":"https:\/\/www.europesays.com\/es\/wp-json\/wp\/v2\/users\/2"}],"replies":[{"embeddable":true,"href":"https:\/\/www.europesays.com\/es\/wp-json\/wp\/v2\/comments?post=261554"}],"version-history":[{"count":0,"href":"https:\/\/www.europesays.com\/es\/wp-json\/wp\/v2\/posts\/261554\/revisions"}],"wp:featuredmedia":[{"embeddable":true,"href":"https:\/\/www.europesays.com\/es\/wp-json\/wp\/v2\/media\/261555"}],"wp:attachment":[{"href":"https:\/\/www.europesays.com\/es\/wp-json\/wp\/v2\/media?parent=261554"}],"wp:term":[{"taxonomy":"category","embeddable":true,"href":"https:\/\/www.europesays.com\/es\/wp-json\/wp\/v2\/categories?post=261554"},{"taxonomy":"post_tag","embeddable":true,"href":"https:\/\/www.europesays.com\/es\/wp-json\/wp\/v2\/tags?post=261554"}],"curies":[{"name":"wp","href":"https:\/\/api.w.org\/{rel}","templated":true}]}}