{"id":261560,"date":"2025-11-29T06:01:20","date_gmt":"2025-11-29T06:01:20","guid":{"rendered":"https:\/\/www.europesays.com\/es\/261560\/"},"modified":"2025-11-29T06:01:20","modified_gmt":"2025-11-29T06:01:20","slug":"nuestra-amistad-por-encima-de-todo","status":"publish","type":"post","link":"https:\/\/www.europesays.com\/es\/261560\/","title":{"rendered":"Nuestra amistad por encima de todo"},"content":{"rendered":"<p class=\"article-text\">\n        Semanas despu\u00e9s de que el peri\u00f3dico <a href=\"https:\/\/www.dailymail.co.uk\/news\/article-15248699\/Millie-Bobby-Brown-filed-harassment-bullying-claim-started-shooting-season-pages-pages-accusations-Caroline-Graham-reveals-latest-bombshell-claims-facing-Lily-Allens-estranged-husband-David-Harbour.html\" target=\"_blank\" data-mrf-recirculation=\"links-noticia\" class=\"link\" rel=\"nofollow noopener\">Daily Mail<\/a> publicara que <strong>Millie Bobby Brown<\/strong> denunci\u00f3 a <strong>David Harbour<\/strong> por \u201cacoso e intimidaci\u00f3n\u201d antes de empezar la \u00faltima temporada de <strong>Stranger Things<\/strong>, la actriz ha dicho que su \u201camistad\u201d con \u00e9l est\u00e1 \u201cpor encima de todo\u201d.\n    <\/p>\n<p>    <a href=\"https:\/\/www.eldiario.es\/vertele\/series\/velvet-atresmedia-compra-version-americana-yon-gonzalez-samantha-siqueiros-llegara-pronto-nova_1_12804616.html\" data-mrf-recirculation=\"saber-mas\" data-dl-event=\"saber-mas\" rel=\"nofollow noopener\" target=\"_blank\"><\/p>\n<p class=\"know-more__title\">Atresmedia compra la versi\u00f3n americana de &#8216;Velvet&#8217; con Yon Gonz\u00e1lez y Samantha Siqueiros, que llegar\u00e1 pronto a Nova<\/p>\n<p>            <img decoding=\"async\" class=\"lazy\" loading=\"lazy\" data-src=\"https:\/\/static.eldiario.es\/clip\/d2bee2bc-d762-4ad5-8d74-5791ec46ceac_16-9-aspect-ratio_default_0.jpg\" src=\"data:image\/svg+xml,%3Csvg xmlns=\" http:=\"\" viewbox=\"0 0 880 495\" alt=\"Atresmedia compra la versi\u00f3n americana de 'Velvet' con Yon Gonz\u00e1lez y Samantha Siqueiros, que llegar\u00e1 pronto a Nova\"\/><\/p>\n<p>                        <\/a><\/p>\n<p class=\"article-text\">\n        As\u00ed lo ha expresado en una entrevista con <a href=\"https:\/\/www.hollywoodreporter.com\/tv\/tv-news\/stranger-things-millie-bobby-brown-david-harbour-relationship-1236426932\/\" target=\"_blank\" data-mrf-recirculation=\"links-noticia\" class=\"link\" rel=\"nofollow noopener\">The Hollywood Reporter<\/a> en la que se le ha preguntado por qu\u00e9, a pesar de la denuncia, se les vio tan unidos en la promoci\u00f3n de los cap\u00edtulos finales <strong>\u201cLlevamos 10 a\u00f1os haciendo esto. Siempre hemos estado unidos en ello, amamos esta serie por encima de todo y valoramos nuestra amistad por encima de cualquier cosa\u201d<\/strong>, contesta Bobby Brown.\n    <\/p>\n<p class=\"article-text\">\n        Es m\u00e1s, la int\u00e9rprete que da vida a <strong>Once <\/strong>dice que ha sido \u201cmuy agradable\u201d y \u201crealmente emocionante\u201d volver a coincidir con Harbour en la quinta y \u00faltima temporada, pues los personajes de ambos transurrieron por caminos distintos en la temporada anterior.\n    <\/p>\n<p class=\"article-text\">\n        Ese reencuentro \u201cfue bastante nost\u00e1lgico\u201d, a\u00f1ade la actriz, porque le trajo muchos recuerdos del principio de la serie, cuando Once \u201cest\u00e1 creciendo, intentando encontrar su propia voz, y \u00e9l intenta ser padre\u201d. \u201cEsa din\u00e1mica definitivamente vuelve a cobrar importancia, y estoy muy emocionada de que la gente la vea\u201d, asegura.\n    <\/p>\n<p class=\"article-text\">\n        Seg\u00fan Daily Mirror, Millie Bobby Brown (21 a\u00f1os) <a href=\"https:\/\/www.eldiario.es\/vertele\/noticias\/netflix-stranger-things-millie-bobby-brown-denuncio-david-harbour-padre-adoptivo-acoso-e-intimidacion-laboral_1_12736000.html\" target=\"_blank\" data-mrf-recirculation=\"links-noticia\" class=\"link\" rel=\"nofollow noopener\">present\u00f3 una denuncia<\/a> por \u201cacoso e intimidaci\u00f3n\u201d contra David Harbour (50 a\u00f1os) justo antes de que empezara el rodaje de la \u00faltima temporada. El peri\u00f3dico no especific\u00f3 ninguna de esas acusaciones \u2013recogidas en un extenso informe\u2013, <strong>pero se sabe que ninguna de ellas imputaba una conducta sexual inapropiada al actor<\/strong>.\n    <\/p>\n<p class=\"article-text\">\n        The Hollywood Reporter asegura que Netflix investig\u00f3 la denuncia y que Bobby Brown estuvo acompa\u00f1ada en el set de rodaje por un representante personal. \u201cNo puedo entrar en detalles personales sobre el rodaje, pero s\u00ed les dir\u00e9 que llevamos 10 a\u00f1os haciendo esto con este elenco, y a estas alturas son como familia y nos importan much\u00edsimo. As\u00ed que, ya saben, nada importa m\u00e1s que tener un set donde todos se sientan seguros y felices\u201d, indic\u00f3 <strong>Ross Duffer<\/strong>, cocreador de Stranger Things.\n    <\/p>\n<p>    <a href=\"https:\/\/www.eldiario.es\/vertele\/noticias\/ultras-abogados-cristianos-ofenden-ahora-virgen-bigote-laca-udilla-amenazan-drag-race_1_12806067.html\" data-mrf-recirculation=\"saber-mas-abajo\" data-dl-event=\"saber-mas-abajo\" rel=\"nofollow noopener\" target=\"_blank\"><\/p>\n<p class=\"know-more__title\">Los ultras Abogados Cristianos se ofenden ahora por la virgen con bigote de Laca Udilla y amenazan a &#8216;Drag Race&#8217;<\/p>\n<p>            <img decoding=\"async\" class=\"lazy\" loading=\"lazy\" data-src=\"https:\/\/static.eldiario.es\/clip\/ec149617-3456-40c2-b0e3-6ee4bfb8a22c_16-9-aspect-ratio_default_0.jpg\" src=\"data:image\/svg+xml,%3Csvg xmlns=\" http:=\"\" viewbox=\"0 0 880 495\" alt=\"Los ultras Abogados Cristianos se ofenden ahora por la virgen con bigote de Laca Udilla y amenazan a 'Drag Race'\"\/><\/p>\n<p>                        <\/a><\/p>\n<p class=\"article-text\">\n        Desde Netflix no se hizo ninguna declaraci\u00f3n al respecto.\n    <\/p>\n","protected":false},"excerpt":{"rendered":"Semanas despu\u00e9s de que el peri\u00f3dico Daily Mail publicara que Millie Bobby Brown denunci\u00f3 a David Harbour por&hellip;\n","protected":false},"author":2,"featured_media":261561,"comment_status":"","ping_status":"","sticky":false,"template":"","format":"standard","meta":{"footnotes":""},"categories":[174],"tags":[19530,18047,26968,1493,255,2429,146,147,25,24,256,36627,26967,23,52336,17646],"class_list":{"0":"post-261560","1":"post","2":"type-post","3":"status-publish","4":"format-standard","5":"has-post-thumbnail","7":"category-famosos","8":"tag-acoso","9":"tag-amistad","10":"tag-bobby","11":"tag-brown","12":"tag-celebrities","13":"tag-david","14":"tag-entertainment","15":"tag-entretenimiento","16":"tag-es","17":"tag-espana","18":"tag-famosos","19":"tag-harbour","20":"tag-millie","21":"tag-spain","22":"tag-stranger","23":"tag-things"},"share_on_mastodon":{"url":"https:\/\/pubeurope.com\/@es\/115631468675934450","error":""},"_links":{"self":[{"href":"https:\/\/www.europesays.com\/es\/wp-json\/wp\/v2\/posts\/261560","targetHints":{"allow":["GET"]}}],"collection":[{"href":"https:\/\/www.europesays.com\/es\/wp-json\/wp\/v2\/posts"}],"about":[{"href":"https:\/\/www.europesays.com\/es\/wp-json\/wp\/v2\/types\/post"}],"author":[{"embeddable":true,"href":"https:\/\/www.europesays.com\/es\/wp-json\/wp\/v2\/users\/2"}],"replies":[{"embeddable":true,"href":"https:\/\/www.europesays.com\/es\/wp-json\/wp\/v2\/comments?post=261560"}],"version-history":[{"count":0,"href":"https:\/\/www.europesays.com\/es\/wp-json\/wp\/v2\/posts\/261560\/revisions"}],"wp:featuredmedia":[{"embeddable":true,"href":"https:\/\/www.europesays.com\/es\/wp-json\/wp\/v2\/media\/261561"}],"wp:attachment":[{"href":"https:\/\/www.europesays.com\/es\/wp-json\/wp\/v2\/media?parent=261560"}],"wp:term":[{"taxonomy":"category","embeddable":true,"href":"https:\/\/www.europesays.com\/es\/wp-json\/wp\/v2\/categories?post=261560"},{"taxonomy":"post_tag","embeddable":true,"href":"https:\/\/www.europesays.com\/es\/wp-json\/wp\/v2\/tags?post=261560"}],"curies":[{"name":"wp","href":"https:\/\/api.w.org\/{rel}","templated":true}]}}