{"id":261562,"date":"2025-11-29T06:02:44","date_gmt":"2025-11-29T06:02:44","guid":{"rendered":"https:\/\/www.europesays.com\/es\/261562\/"},"modified":"2025-11-29T06:02:44","modified_gmt":"2025-11-29T06:02:44","slug":"granates-verdes-profundos-mostaza-marrones","status":"publish","type":"post","link":"https:\/\/www.europesays.com\/es\/261562\/","title":{"rendered":"granates, verdes profundos, mostaza, marrones&#8230;\u00bb"},"content":{"rendered":"<p>A veces la Navidad se presenta sin estridencias: llega despacio, envuelta en luz suave, con ese olor a madera, a hogar y a cosas hechas con cari\u00f1o. Cada diciembre vemos <strong>c\u00f3mo las <a href=\"https:\/\/www.elmueble.com\/decoracion\/tendencias-navidenas-que-vemos-casa-navidad-mueble-2025_62544\" rel=\"nofollow noopener\" target=\"_blank\">tendencias se multiplican<\/a><\/strong> &#8211; brillos, maximalismo, paletas inesperadas -, pero tambi\u00e9n c\u00f3mo va <strong>tomando fuerza un enfoque m\u00e1s \u00edntimo y sensorial. <\/strong>Ese que entiende la <a href=\"https:\/\/www.elmueble.com\/decoracion\/navidad-15-ideas-para-que-tu-casa-sea-unica_19539\" rel=\"nofollow noopener\" target=\"_blank\">decoraci\u00f3n navide\u00f1a<\/a> como una prolongaci\u00f3n del hogar, no como un disfraz temporal.<\/p>\n<p>En ese camino hacia una Navidad m\u00e1s calmada, m\u00e1s org\u00e1nica y m\u00e1s conectada con las emociones, hay estudios que han sabido captar muy bien este deseo. Entre ellos, <strong><a href=\"https:\/\/puntoyseguidoestudio.com\/quienes-somos\/\" rel=\"nofollow noopener\" target=\"_blank\">Punto y Seguido Estudio<\/a><\/strong>, encabezado por la i<strong>nteriorista Pilar Cinca<\/strong>,\u00a0o <strong><a href=\"https:\/\/deazulcobalto.es\/content\/10-mi-historia\" rel=\"nofollow noopener\" target=\"_blank\">D\u2019azulcobalto<\/a>, con Paula Pe\u00f1a<\/strong>, que este a\u00f1o han vuelto a unir su mirada para demostrar que celebrar tambi\u00e9n puede ser un acto de belleza serena.<\/p>\n<p>&#13;<\/p>\n<p>My Player placeholder<\/p>\n<p>Asun Ant\u00f3 decora chimenea de Navidad<\/p>\n<p>Hemos hablado con ellas para que <strong>nos expliquen cu\u00e1l es su propuesta para este 2025<\/strong>, y con ella nos dejan claro que la decoraci\u00f3n navide\u00f1a puede emocionar sin necesidad de excesos. \u00a1Toma nota de todo lo que nos han contado!<\/p>\n<p>&#13;<img decoding=\"async\" src=\"https:\/\/www.europesays.com\/es\/wp-content\/uploads\/2025\/11\/fregadero-de-cocina-jabon-cepillo-y-esponja-vasos-tablas-de-madera-planta-aromatica-ventana-con-esto.webp\" alt=\"fregadero de cocina, jab\u00f3n, cepillo y esponja, vasos tablas de madera, planta arom\u00e1tica, ventana con estor\" class=\"image lazyload\"\/><\/p>\n<p class=\"epigraph\">COCINA LIMPIA<\/p>\n<p><a href=\"https:\/\/www.elmueble.com\/orden-limpieza-ahorro\/montse-melendez-ingeniera-alimentos-esponja-lavar-platos-se-debe-desinfectar-vez-a-semana_62753\" rel=\"nofollow noopener\" target=\"_blank\">Una ingeniera en alimentos explica c\u00f3mo desinfectar la esponja para lavar los platos<\/a><br \/>\nUna Navidad natural, c\u00e1lida y con alma: la propuesta de Pilar Cinca y Paula Pe\u00f1a<img loading=\"lazy\" decoding=\"async\" src=\"https:\/\/www.europesays.com\/es\/wp-content\/uploads\/2025\/11\/sesion-navidena_237bdc5d_251124102023_1000x1250.webp.webp\" alt=\"Sesi\u00f3n navide\u00f1a\" class=\"lazyload\" width=\"1000\" height=\"1250\" data-aspectratio=\"1000\/1250\"\/>&#13;Fotograf\u00eda: Jal Lux  Interiorismo: Punto y Seguido Estudio Decoraci\u00f3n floral: D\u00b4azulcobalto Iluminaci\u00f3n, vajilla, deco y velas: Liderlamp Dulces artesanales: Ra\u00fal Bernal<\/p>\n<p><strong>PREGUNTA: \u00bfQu\u00e9 os llev\u00f3 a apostar este a\u00f1o por una Navidad tan serena, natural y org\u00e1nica?<\/strong><\/p>\n<p>Este a\u00f1o, quer\u00edamos que la decoraci\u00f3n navide\u00f1a acompa\u00f1ara<strong> la esencia de Oret House<\/strong>: una vivienda <strong>luminosa, calmada y muy conectada con los materiales naturales.<\/strong> Por eso apostamos por una Navidad serena, org\u00e1nica y llena de detalles cuidados, donde cada elemento suma sin sobrecargar.<\/p>\n<p>Adem\u00e1s, la <strong>propuesta floral de Paula &#8211; la colecci\u00f3n Abeja Reina <\/strong>&#8211; encajaba a la perfecci\u00f3n con esta mirada. Es una colecci\u00f3n que rinde homenaje a las personas que, con cari\u00f1o y constancia, re\u00fanen cada a\u00f1o a familiares y amigos. Sus composiciones en <strong>tonos granates, marrones, verdes, mostaza y dorados <\/strong>reflejan esa mezcla tan bonita entre tradici\u00f3n, emoci\u00f3n y naturaleza.<\/p>\n<p>Todo fluye de forma muy coherente: <strong>la calma del espacio, los colores de la colecci\u00f3n y nuestra intenci\u00f3n <\/strong>de crear una Navidad que <strong>no irrumpiera, sino que acompa\u00f1ara.<\/strong> Una Navidad con alma.<\/p>\n<p><img loading=\"lazy\" decoding=\"async\" src=\"https:\/\/www.europesays.com\/es\/wp-content\/uploads\/2025\/11\/sesion-navidena_4f298b0c_251124102257_1000x1250.webp.webp\" alt=\"Sesi\u00f3n navide\u00f1a\" class=\"lazyload\" width=\"1000\" height=\"1250\" data-aspectratio=\"1000\/1250\"\/>&#13;Fotograf\u00eda: Jal Lux  Interiorismo: Punto y Seguido Estudio Decoraci\u00f3n floral: D\u00b4azulcobalto Iluminaci\u00f3n, vajilla, deco y velas: Liderlamp Dulces artesanales: Ra\u00fal Bernal<\/p>\n<p><strong>\u00bfQu\u00e9 tendencias decorativas cre\u00e9is que marcar\u00e1n la Navidad 2025 en cuanto a estilo, colores y materiales?<\/strong><\/p>\n<p>Para nosotras hablar de tendencias en Navidad es algo relativo, hemos hecho incluso una propuesta de Navidad<strong> en rosa empolvado<\/strong>, pero este a\u00f1o apostamos por la vuelta a los esencial:<strong> granates, verdes profundos, mostaza, marrones&#8230; <\/strong>mezclado con materiales c\u00e1lidos como terciopelo, gasa, mucha flor preservada, velas&#8230;<\/p>\n<p>Veremos mayor presencia en las composiciones florales, la presencia de hortensias es algo fundamental en <strong>nuestras propuestas navide\u00f1as y las velas.<\/strong> Nos encantan las velas org\u00e1nicas con forma y colores elegantes, como las de Liderlamp. Sobre todo no caer en el exceso, sino una<strong> composici\u00f3n estudiada, que aporte calma y un aire muy hogare\u00f1o<\/strong>.<\/p>\n<p><img loading=\"lazy\" decoding=\"async\" src=\"https:\/\/www.europesays.com\/es\/wp-content\/uploads\/2025\/11\/sesion-navidena_528bd59c_251124102102_1000x1400.webp.webp\" alt=\"Sesi\u00f3n navide\u00f1a\" class=\"lazyload\" width=\"1000\" height=\"1400\" data-aspectratio=\"1000\/1400\"\/>&#13;Fotograf\u00eda: Jal Lux  Interiorismo: Punto y Seguido Estudio Decoraci\u00f3n floral: D\u00b4azulcobalto Iluminaci\u00f3n, vajilla, deco y velas: Liderlamp Dulces artesanales: Ra\u00fal Bernal<\/p>\n<p><strong>\u00bfC\u00f3mo afront\u00e1is la decoraci\u00f3n del \u00e1rbol para que se integre con la esencia de la casa y no parezca un elemento a\u00f1adido?<\/strong><\/p>\n<p>El \u00e1rbol de Navidad es el protagonista, pero como bien dec\u00eds, es importante que no parezca un elemento a\u00f1adido, por eso, siempre que se pueda, r<strong>espetar la misma paleta crom\u00e1tica del sal\u00f3n es clave.<\/strong> En Oret House utilizamos granates, marrones y un toque dorado suave, igual que en la mesa de postres y la chimenea, que encaja a la perfecci\u00f3n con el interiorismo de la vivienda.<\/p>\n<p>La flor preservada de Paula, de D&#8217;azulcobalto, siempre est\u00e1<strong> presente en la decoraci\u00f3n de nuestros \u00e1rboles<\/strong>, as\u00ed como las guirnaldas de luz c\u00e1lida, fundamentales para dar calidez y sobre todo no recargar: un \u00e1rbol equilibrado, con aire pero elegante.<\/p>\n<p>&#13;<img decoding=\"async\" src=\"https:\/\/www.europesays.com\/es\/wp-content\/uploads\/2025\/11\/las-tres-tendencias-de-decoracion-de-navidad-de-actuel-de-alcampo_aa093768_251113185946_600x600.webp.webp\" alt=\"Las tres tendencias de decoraci\u00f3n de Navidad de Actuel de Alcampo\" class=\"image lazyload\"\/><\/p>\n<p class=\"epigraph\">NO TE LO PIERDAS<\/p>\n<p><a href=\"https:\/\/www.elmueble.com\/promocion\/inspirate-tres-tendencias-decorativas-que-haran-tu-hogar-cuento-navidad_62686\" rel=\"nofollow noopener\" target=\"_blank\">Insp\u00edrate: las tres tendencias decorativas que har\u00e1n de tu hogar un cuento de Navidad<\/a><br \/>\n<img loading=\"lazy\" decoding=\"async\" src=\"https:\/\/www.europesays.com\/es\/wp-content\/uploads\/2025\/11\/sesion-navidena_7714c8de_image00008_251124102212_1000x1400.webp.webp\" alt=\"Sesi\u00f3n navide\u00f1a\" class=\"lazyload\" width=\"1000\" height=\"1400\" data-aspectratio=\"1000\/1400\"\/>&#13;Fotograf\u00eda: Jal Lux  Interiorismo: Punto y Seguido Estudio Decoraci\u00f3n floral: D\u00b4azulcobalto Iluminaci\u00f3n, vajilla, deco y velas: Liderlamp Dulces artesanales: Ra\u00fal Bernal<\/p>\n<p><strong>En la mesa del comedor vemos un equilibrio precioso entre elegancia y naturalidad. \u00bfCu\u00e1les son vuestras claves para montar una mesa navide\u00f1a sin caer en excesos?<\/strong><\/p>\n<p>A nosotras nos gusta <strong>partir de una base neutra, mantel de lino en tono natural liso o con alg\u00fan bordado<\/strong>, como el elegido este a\u00f1o. Una bonita cristaler\u00eda labrada que tenga presencia, pero que no reste protagonismo a la decoraci\u00f3n floral, que siempre acompa\u00f1amos con velas a doble altura.<\/p>\n<p>Este a\u00f1o las velas y candelabros de Liderlamp son protagonistas en nuestra mesa navide\u00f1a junto con las coronas de Paula, que dise\u00f1\u00f3 a modo de centros de mesa y, a juego, unos servilleteros de lo m\u00e1s especiales. As\u00ed conseguimos<strong> un resultado elegante y c\u00e1lido a la vez.<\/strong><\/p>\n<p><img loading=\"lazy\" decoding=\"async\" src=\"https:\/\/www.europesays.com\/es\/wp-content\/uploads\/2025\/11\/sesion-navidena_abd8251e_251124102344_1000x1400.webp.webp\" alt=\"Sesi\u00f3n navide\u00f1a\" class=\"lazyload\" width=\"1000\" height=\"1400\" data-aspectratio=\"1000\/1400\"\/>&#13;Fotograf\u00eda: Jal Lux  Interiorismo: Punto y Seguido Estudio Decoraci\u00f3n floral: D\u00b4azulcobalto Iluminaci\u00f3n, vajilla, deco y velas: Liderlamp Dulces artesanales: Ra\u00fal Bernal<\/p>\n<p><strong>La guirnalda de la chimenea es frondosa pero equilibrada. \u00bfQu\u00e9 materiales y t\u00e9cnicas recomend\u00e1is para crear una guirnalda actual y elegante?<\/strong><\/p>\n<p>Paula es una experta en dise\u00f1ar guirnaldas; la de Oret House es una guirnalda de flor preservada en<strong> eucalipto, acebo y grandes hortensias<\/strong> en marrones, que abraza el fuego con elegancia. Sobre ella, una guirnalda de luz de Liderlamp aporta ese brillo suave que anuncia la llegada de la Navidad.<\/p>\n<p><img loading=\"lazy\" decoding=\"async\" src=\"https:\/\/www.europesays.com\/es\/wp-content\/uploads\/2025\/11\/sesion-navidena_d3b2e599_251124102149_1000x1400.webp.webp\" alt=\"Sesi\u00f3n navide\u00f1a\" class=\"lazyload\" width=\"1000\" height=\"1400\" data-aspectratio=\"1000\/1400\"\/>&#13;Fotograf\u00eda: Jal Lux  Interiorismo: Punto y Seguido Estudio Decoraci\u00f3n floral: D\u00b4azulcobalto Iluminaci\u00f3n, vajilla, deco y velas: Liderlamp Dulces artesanales: Ra\u00fal Bernal<\/p>\n<p><strong>La mesa de centro convertida en mesa de postres es una idea muy especial. \u00bfCre\u00e9is que los rincones tem\u00e1ticos ser\u00e1n tendencia esta Navidad?<\/strong><\/p>\n<p>A nosotras nos encanta pensar en un rinc\u00f3n de postres, ese espacio donde reunirse una tarde de Navidad con tus familiares o amigos, o la tarde de Reyes tan especial. En esta sesi\u00f3n,<strong> transformar la mesa de centro en un rinc\u00f3n dulce<\/strong> nos permit\u00eda sumar calidez sin saturar,<strong> creando un momento \u00edntimo y lleno de encanto<\/strong>. Para ello contamos con los dulces navide\u00f1os de Ra\u00fal Bernal.<\/p>\n<p><strong>\u00bfQu\u00e9 papel juega la iluminaci\u00f3n \u2014velas, guirnaldas, luces suaves\u2014 en una Navidad que busca transmitir calma y calidez?<\/strong><\/p>\n<p>La iluminaci\u00f3n es muy protagonista, ya que <strong>una Navidad serena no puede entenderse sin luz c\u00e1lida, velas y guirnaldas suaves<\/strong>. Nos ayuda a crear una atm\u00f3sfera suave, acogedora y c\u00e1lida. En la chimenea, por ejemplo, la guirnalda de luz aporta profundidad sin destacar; en la mesa, las velas generan ese brillo que hace que todo se sienta m\u00e1s acogedor. En definitiva, la iluminaci\u00f3n es clave para completar el ambiente navide\u00f1o.<\/p>\n<p>&#13;<img decoding=\"async\" src=\"https:\/\/www.europesays.com\/es\/wp-content\/uploads\/2025\/11\/escalera-decorada-por-navidad-con-calcetines-00548015_4c33f1d4_251121122225_600x600.webp.webp\" alt=\"escalera decorada por navidad con calcetines 00548015\" class=\"image lazyload\"\/><\/p>\n<p class=\"epigraph\">\u00bfCu\u00e1l es tu preferida?<\/p>\n<p><a href=\"https:\/\/www.elmueble.com\/decoracion\/ideas-fabulosas-para-decorar-escalera-navidad-convertirla-rincon-mas-magico-tu-casa_62754\" rel=\"nofollow noopener\" target=\"_blank\">3 ideas fabulosas para decorar la escalera en Navidad <\/a><br \/>\n<img loading=\"lazy\" decoding=\"async\" src=\"https:\/\/www.europesays.com\/es\/wp-content\/uploads\/2025\/11\/sesion-navidena_df6d5e9b_251124102413_1000x1250.webp.webp\" alt=\"Sesi\u00f3n navide\u00f1a\" class=\"lazyload\" width=\"1000\" height=\"1250\" data-aspectratio=\"1000\/1250\"\/>&#13;Fotograf\u00eda: Jal Lux  Interiorismo: Punto y Seguido Estudio Decoraci\u00f3n floral: D\u00b4azulcobalto Iluminaci\u00f3n, vajilla, deco y velas: Liderlamp Dulces artesanales: Ra\u00fal Bernal<\/p>\n<p><strong>Cada vez se habla m\u00e1s de una \u201cNavidad con alma\u201d, basada en lo artesanal y los materiales naturales. \u00bfPor qu\u00e9 cre\u00e9is que este enfoque est\u00e1 ganando terreno?<\/strong><\/p>\n<p>Todos buscamos hogares que nos abracen. Pensamos en la Navidad como <strong>un momento de pausa, de calma y de conexi\u00f3n<\/strong>. Lo artesanal y los materiales naturales transmiten autenticidad, y eso actualmente lo valoramos much\u00edsimo: piezas que cuentan algo, que nos recuerdan a los nuestros, que hacen que la casa se sienta como un hogar.<\/p>\n<p>\u00a0<\/p>\n<p><strong>Si solo pudierais recomendar tres gestos decorativos para transformar el sal\u00f3n en Navidad sin grandes compras, \u00bfcu\u00e1les ser\u00edan?<\/strong><\/p>\n<p><strong>Incorporar luz c\u00e1lida<\/strong> con velas y peque\u00f1as guirnaldas,<strong> cambiar los textiles <\/strong>con tonos invernales y <strong>centros florales en granates y verdes<\/strong> con flor preservada y velas.<\/p>\n","protected":false},"excerpt":{"rendered":"A veces la Navidad se presenta sin estridencias: llega despacio, envuelta en luz suave, con ese olor a&hellip;\n","protected":false},"author":2,"featured_media":261563,"comment_status":"","ping_status":"","sticky":false,"template":"","format":"standard","meta":{"footnotes":""},"categories":[173],"tags":[229,233,231,230,232,234,146,147,25,24,23],"class_list":{"0":"post-261562","1":"post","2":"type-post","3":"status-publish","4":"format-standard","5":"has-post-thumbnail","7":"category-arte-y-diseno","8":"tag-arte","9":"tag-arte-y-diseno","10":"tag-arts","11":"tag-arts-and-design","12":"tag-design","13":"tag-diseno","14":"tag-entertainment","15":"tag-entretenimiento","16":"tag-es","17":"tag-espana","18":"tag-spain"},"share_on_mastodon":{"url":"https:\/\/pubeurope.com\/@es\/115631472751081861","error":""},"_links":{"self":[{"href":"https:\/\/www.europesays.com\/es\/wp-json\/wp\/v2\/posts\/261562","targetHints":{"allow":["GET"]}}],"collection":[{"href":"https:\/\/www.europesays.com\/es\/wp-json\/wp\/v2\/posts"}],"about":[{"href":"https:\/\/www.europesays.com\/es\/wp-json\/wp\/v2\/types\/post"}],"author":[{"embeddable":true,"href":"https:\/\/www.europesays.com\/es\/wp-json\/wp\/v2\/users\/2"}],"replies":[{"embeddable":true,"href":"https:\/\/www.europesays.com\/es\/wp-json\/wp\/v2\/comments?post=261562"}],"version-history":[{"count":0,"href":"https:\/\/www.europesays.com\/es\/wp-json\/wp\/v2\/posts\/261562\/revisions"}],"wp:featuredmedia":[{"embeddable":true,"href":"https:\/\/www.europesays.com\/es\/wp-json\/wp\/v2\/media\/261563"}],"wp:attachment":[{"href":"https:\/\/www.europesays.com\/es\/wp-json\/wp\/v2\/media?parent=261562"}],"wp:term":[{"taxonomy":"category","embeddable":true,"href":"https:\/\/www.europesays.com\/es\/wp-json\/wp\/v2\/categories?post=261562"},{"taxonomy":"post_tag","embeddable":true,"href":"https:\/\/www.europesays.com\/es\/wp-json\/wp\/v2\/tags?post=261562"}],"curies":[{"name":"wp","href":"https:\/\/api.w.org\/{rel}","templated":true}]}}