{"id":261564,"date":"2025-11-29T06:04:09","date_gmt":"2025-11-29T06:04:09","guid":{"rendered":"https:\/\/www.europesays.com\/es\/261564\/"},"modified":"2025-11-29T06:04:09","modified_gmt":"2025-11-29T06:04:09","slug":"la-serie-de-espionaje-que-recomienda-vicente-valles","status":"publish","type":"post","link":"https:\/\/www.europesays.com\/es\/261564\/","title":{"rendered":"La serie de espionaje que recomienda Vicente Vall\u00e9s"},"content":{"rendered":"<p class=\"paragraph\">En El Debate preguntamos a <b>Vicente Vall\u00e9s<\/b>, presentador de Antena 3 Noticias 2 y autor de la novela La caza del ejecutor (Espa\u00f1a), por sus series de televisi\u00f3n favoritas. \u00abVoy a decir varias de espionaje porque me divierte mucho y aprendo mucho de ellas\u00bb, avanza.<\/p>\n<p class=\"paragraph\">\u00abLa \u00faltima que he visto, que ya creo que va por la quinta temporada, es <b>Slow Horses<\/b>, una serie brit\u00e1nica muy interesante que est\u00e1 basada tambi\u00e9n en una serie de novelas de espionaje. Esa es la \u00faltima que he visto. Vi cuatro temporadas y la quinta se estren\u00f3 hace no mucho tiempo\u00bb, comparte Vicente Vall\u00e9s sobre la serie de Apple TV con <a href=\"https:\/\/www.eldebate.com\/cine-tv-series\/20250623\/papel-queria-interpretar-gary-oldman-nueva-serie-harry-potter_310135.html\" title=\"El papel que quer\u00eda interpretar Gary Oldman en la nueva serie de Harry Potter\" rel=\"nofollow noopener\" target=\"_blank\">Gary Oldman<\/a>.<\/p>\n<p class=\"paragraph\">El siguiente t\u00edtulo que elige Vicente Vall\u00e9s es otra de las mejores series de televisi\u00f3n sobre el espionaje. \u00abOtra de mis favoritas es <b><a href=\"https:\/\/www.eldebate.com\/cine-tv-series\/20241227\/the-americans-mejor-serie-espias-sobre-guerra-fria_255778.html\" title=\"&#039;The Americans&#039; y la guerra del hogar\" rel=\"nofollow noopener\" target=\"_blank\">The Americans<\/a><\/b>, que es m\u00e1s antigua, pero que ten\u00eda <b>una gran factura<\/b> tanto en su tem\u00e1tica como en su realizaci\u00f3n\u00bb, asegura el presentador de Antena 3 Noticias 2 sobre la serie protagonizada por Keri Russell y Matthew Rhys.<\/p>\n<p class=\"paragraph\">Precisamente Keri Russell es tambi\u00e9n la protagonista de otra de las series preferidas de Vicente Vall\u00e9s: <b>La diplom\u00e1tica<\/b>. \u00abS\u00e9 que no es exactamente de espionaje, pero tambi\u00e9n tiene mucho que ver con las relaciones internacionales. Tambi\u00e9n es una serie que me gust\u00f3 bastante\u00bb, reconoce el periodista y escritor.<\/p>\n<p class=\"paragraph\">\u00ab\u00bfHay m\u00e1s tensi\u00f3n en La caza del ejecutor o en una de sus visitas a El Hormiguero cuando sale del plat\u00f3 del informativo en direcci\u00f3n al programa?\u00bb, le preguntamos.<\/p>\n<p class=\"paragraph\">\u00abNo, siempre llego sin problemas a El Hormiguero. Eso no me tensa nada\u00bb, asegura Vicente Vall\u00e9s. \u00abHay bastante m\u00e1s tensi\u00f3n en <b>La caza del ejecutor<\/b>. Hay mucha acci\u00f3n ah\u00ed. Tienes algunas diferencias con respecto a Operaci\u00f3n Kazan porque esta se desarrolla a lo largo de un siglo, mientras que La caza del ejecutor es m\u00e1s trepidante porque se desarrolla todo en muy poquito tiempo, en los meses que van desde octubre del a\u00f1o pasado, justo unas pocas semanas antes de las elecciones americanas, y en los meses inmediatamente siguientes. Los acontecimientos reales que cuento en La caza del ejecutor son muy recientes y la gente lo va a reconocer f\u00e1cilmente\u00bb, explica.<\/p>\n","protected":false},"excerpt":{"rendered":"En El Debate preguntamos a Vicente Vall\u00e9s, presentador de Antena 3 Noticias 2 y autor de la novela&hellip;\n","protected":false},"author":2,"featured_media":261565,"comment_status":"","ping_status":"","sticky":false,"template":"","format":"standard","meta":{"footnotes":""},"categories":[171],"tags":[146,147,25,24,23,214],"class_list":{"0":"post-261564","1":"post","2":"type-post","3":"status-publish","4":"format-standard","5":"has-post-thumbnail","7":"category-tv","8":"tag-entertainment","9":"tag-entretenimiento","10":"tag-es","11":"tag-espana","12":"tag-spain","13":"tag-tv"},"share_on_mastodon":{"url":"https:\/\/pubeurope.com\/@es\/115631480028792629","error":""},"_links":{"self":[{"href":"https:\/\/www.europesays.com\/es\/wp-json\/wp\/v2\/posts\/261564","targetHints":{"allow":["GET"]}}],"collection":[{"href":"https:\/\/www.europesays.com\/es\/wp-json\/wp\/v2\/posts"}],"about":[{"href":"https:\/\/www.europesays.com\/es\/wp-json\/wp\/v2\/types\/post"}],"author":[{"embeddable":true,"href":"https:\/\/www.europesays.com\/es\/wp-json\/wp\/v2\/users\/2"}],"replies":[{"embeddable":true,"href":"https:\/\/www.europesays.com\/es\/wp-json\/wp\/v2\/comments?post=261564"}],"version-history":[{"count":0,"href":"https:\/\/www.europesays.com\/es\/wp-json\/wp\/v2\/posts\/261564\/revisions"}],"wp:featuredmedia":[{"embeddable":true,"href":"https:\/\/www.europesays.com\/es\/wp-json\/wp\/v2\/media\/261565"}],"wp:attachment":[{"href":"https:\/\/www.europesays.com\/es\/wp-json\/wp\/v2\/media?parent=261564"}],"wp:term":[{"taxonomy":"category","embeddable":true,"href":"https:\/\/www.europesays.com\/es\/wp-json\/wp\/v2\/categories?post=261564"},{"taxonomy":"post_tag","embeddable":true,"href":"https:\/\/www.europesays.com\/es\/wp-json\/wp\/v2\/tags?post=261564"}],"curies":[{"name":"wp","href":"https:\/\/api.w.org\/{rel}","templated":true}]}}