{"id":261568,"date":"2025-11-29T06:09:16","date_gmt":"2025-11-29T06:09:16","guid":{"rendered":"https:\/\/www.europesays.com\/es\/261568\/"},"modified":"2025-11-29T06:09:16","modified_gmt":"2025-11-29T06:09:16","slug":"asi-es-la-hipertimesia-el-trastorno-que-sufre-el-cocinero-dabiz-munoz-la-voz-de-galicia","status":"publish","type":"post","link":"https:\/\/www.europesays.com\/es\/261568\/","title":{"rendered":"As\u00ed es la hipertimesia, el trastorno que sufre el cocinero Dabiz Mu\u00f1oz &#8211; La Voz de Galicia"},"content":{"rendered":"<ol>\n<li><a href=\"https:\/\/news.google.com\/rss\/articles\/CBMi0wFBVV95cUxOQUk2LXRudmNwRFFUZGhoVmQ1bVNyOFFlTDZ3am1iWmNuT0RMR1dIYTVkanRKbGRoc0otMlRheUdHRjItME9ETGNYZFVLaEVhcGVQTjViZUs0MDRUelFWbFZrTVJSY3NVa3pDZVNPM192WVpJWklnbmE2MjhfODdyZ0VfY1dpLUdVWWxySmtGZGw0eTMtM1lJclh4ZG1TMmo5Rmg1Mm1oTFNwbVA1ZGs4UVdaVDBqUnRGVHBCT0Rzd2thRGdnc3I3NUpwS0t5d0swZWNz0gHvAUFVX3lxTE5iWFFPWnFMYUFybUIxRXA3M1pMQk5HZHFCUzRlRGxXU2RkbVlJakdHWHVoUEJuQnd5OXdJMUs3alhtVUZZSkRBZU9iMmRYQlZIUjVtdmx4dXp4TDRtc0Q1cTI5bWU4OFhIQnpCMEczR2d0THU1eS1hbXJUMVhVM3NOUWJfQUFvV2lXRmE0SjVTcktzNUxFVHhiNTFVOUhUSnctWnUzbmEwQVhBa2FaWlhQWE5KNEhXXzllQXdTcmpnSC1fX215bEFNeXhZT3k0SHZmdFdPdm4xTUR5UGEyMjQwcnZXUmZfb1l3amV5anM4?oc=5\" target=\"_blank\" rel=\"nofollow noopener\">As\u00ed es la hipertimesia, el trastorno que sufre el cocinero Dabiz Mu\u00f1oz<\/a>&nbsp;&nbsp;La Voz de Galicia<\/li>\n<li><a href=\"https:\/\/news.google.com\/rss\/articles\/CBMixgFBVV95cUxOakFOa1p4ekI2eC1xcFBhdE03NGl0Mmd3Wlowb3dmZGxvLUwxWkZTMEFBcVRwOHBSS2xKN1ZOeXdVd1d3YmoxQkRtc0ZoT3dEZGxYUUpDck9SZmd3WUJGbkpIWVFkWE9xaXRSaGQ3WWJvV2VyM1FKZW9yOG5wTk5tU2NFVWNKRWNuRkRwYk5SMlctOXRLc2JqTEtvbF93TUFNX1Y4bWhZbGRBcDFqR3dOMHJXRVFpZWhkZGdFaGtERlhITzFKVkHSAcsBQVVfeXFMT0NYaFZJMDU3ZUVqYjBsaGpYZzJLYnJpNTAtenJsaUlvNVVQRmd1Tjd5eWdOSDhRMkt0ZFlmWW16c2s4M2E5a2FGaFJZTUU3TnNsSUxYSHl5bTh4WlRlVlE4Z0xoczBwandNWHhvT1dRczQ4MnE2c1h3cC1TQ1RlZVJnRWZ5WnozLXllYTQwQ19aU3k3b1VzWmZmWVV5TEpMOGFrYXNoZ1psMWJEZVNkeGVsTVVNN2RrR09GTHhUb0ltZTVGQnNqQTk4cEE?oc=5\" target=\"_blank\" rel=\"nofollow noopener\">Qu\u00e9 es la hipertimesia: el inusual trastorno que padece Dabiz Mu\u00f1oz y otras 60 personas en el mundo<\/a>&nbsp;&nbsp;El Confidencial<\/li>\n<li><a href=\"https:\/\/news.google.com\/rss\/articles\/CBMipAFBVV95cUxQcXhWTFVCdnNZX3NjYmUxVjBGRXhjTnlwVjhqSnJzOVA0M21xRHBwbTNBajlrU3ZjdHRUUjRaZk9TU1didWVqV3Q4dnU4UG5sUWNSZ0o4NW1zUHF3ZmxZWk85X1Fkc0FuMG1LQnFyYk1BUlVsZjdIclpXUUFJYWhVSUQ3b1U2UmlQZ2NuUXh4ZXFtVEhyajRRQ3UzdzVzNURYQVBtaA?oc=5\" target=\"_blank\" rel=\"nofollow noopener\">El chef Dabiz Mu\u00f1oz tiene un trastorno poco com\u00fan relacionado con la memoria: la neuropsic\u00f3loga Joana Eugui nos explica en qu\u00e9 consiste<\/a>&nbsp;&nbsp;HOLA<\/li>\n<li><a href=\"https:\/\/news.google.com\/rss\/articles\/CBMi0wFBVV95cUxOMjRIdUNxYWUwelVpV0hhWExRQ3FFcTJNNjNlc2NDcFhmYlZSSTlwT1FSSDhPUzA1UkgxNmNvM0dzajN3d2NRWU4yeGI5bVd3blFVTzZYWFZTWkFQODRmdVN0aHNnWkJUdzRseXk2UG8yNHp3UGFIeUlSaFlmUDBqbWg2bjc3Mk1zNHFXQzZ2azBhTVRmajdUOTRCbGxJd1IzeGdfdnpiWlJub1VQaFpRYUxDTndmenNLaHFxTFJaR1NaMXpmNEw5bUJ3UFlJQWZpZmFv0gHTAUFVX3lxTE13djhkQnZ4Y0M3Z3FEbUFCVDlfdnkwazdSWVduVWhTM251RlBuSjBEbGtJRmVFYUdSWEhQN0JZSTdsVU5UREdwYi15dmo2OTJVQlZIYXo5emZpTXNIWEVhQVJQVGtrVlQtZmlYRGZIT3BPM1o4WDFsMTllN0ZHX2h3VEZoc2RCTURQNnlvRzB0bncxb2kwYjdCMlp4MGVBUGR1OWpFV0kwcUJ6OFUzSzM2VVRQV3ZmWVkwUVRyZ2F1RG5manRyb3lsbmo1Mm9UaG1pejA?oc=5\" target=\"_blank\" rel=\"nofollow noopener\">As\u00ed ha sido la entrevista completa a Dabiz Mu\u00f1oz en El Hormiguero<\/a>&nbsp;&nbsp;Antena 3<\/li>\n<li><a href=\"https:\/\/news.google.com\/rss\/articles\/CBMisgFBVV95cUxPSlRZYTZXbUdvcnVtQW9FOUpNSmR0UWMwdWlCbjVEdUVpcS1mMW5qaDRFNDhyODFCZFZPVTJoMUlzcGkzdjZhNjNFbENkQ0xYN05selo2aWdQcmR5ek1KQU9kYUoxOXFPR09vUWZDMHA2dHFMUEJqZm9SRWkxempEN3czRF9DbG1xdVR2bFR3MVNiY2huRnRNaThlVDRJc2lTVFlnaTVSQV9ZNmhQVzRvMEx3?oc=5\" target=\"_blank\" rel=\"nofollow noopener\">Dabiz Mu\u00f1oz pone en un prieto a Pablo Motos al obligarle a aceptar un complicado reto: \u00abNo digas tonter\u00edas\u00bb<\/a>&nbsp;&nbsp;ABC<\/li>\n<\/ol>\n","protected":false},"excerpt":{"rendered":"As\u00ed es la hipertimesia, el trastorno que sufre el cocinero Dabiz Mu\u00f1oz&nbsp;&nbsp;La Voz de Galicia Qu\u00e9 es la&hellip;\n","protected":false},"author":2,"featured_media":261569,"comment_status":"","ping_status":"","sticky":false,"template":"","format":"standard","meta":{"footnotes":""},"categories":[91],"tags":[20733,18875,146,147,25,24,44756,4475,45561,5812,23],"class_list":{"0":"post-261568","1":"post","2":"type-post","3":"status-publish","4":"format-standard","5":"has-post-thumbnail","7":"category-entretenimiento","8":"tag-comics","9":"tag-cristina-pedroche","10":"tag-entertainment","11":"tag-entretenimiento","12":"tag-es","13":"tag-espana","14":"tag-estrellas-michelin","15":"tag-gastronomia","16":"tag-michelin","17":"tag-pablo-motos","18":"tag-spain"},"share_on_mastodon":{"url":"https:\/\/pubeurope.com\/@es\/115631500124125411","error":""},"_links":{"self":[{"href":"https:\/\/www.europesays.com\/es\/wp-json\/wp\/v2\/posts\/261568","targetHints":{"allow":["GET"]}}],"collection":[{"href":"https:\/\/www.europesays.com\/es\/wp-json\/wp\/v2\/posts"}],"about":[{"href":"https:\/\/www.europesays.com\/es\/wp-json\/wp\/v2\/types\/post"}],"author":[{"embeddable":true,"href":"https:\/\/www.europesays.com\/es\/wp-json\/wp\/v2\/users\/2"}],"replies":[{"embeddable":true,"href":"https:\/\/www.europesays.com\/es\/wp-json\/wp\/v2\/comments?post=261568"}],"version-history":[{"count":0,"href":"https:\/\/www.europesays.com\/es\/wp-json\/wp\/v2\/posts\/261568\/revisions"}],"wp:featuredmedia":[{"embeddable":true,"href":"https:\/\/www.europesays.com\/es\/wp-json\/wp\/v2\/media\/261569"}],"wp:attachment":[{"href":"https:\/\/www.europesays.com\/es\/wp-json\/wp\/v2\/media?parent=261568"}],"wp:term":[{"taxonomy":"category","embeddable":true,"href":"https:\/\/www.europesays.com\/es\/wp-json\/wp\/v2\/categories?post=261568"},{"taxonomy":"post_tag","embeddable":true,"href":"https:\/\/www.europesays.com\/es\/wp-json\/wp\/v2\/tags?post=261568"}],"curies":[{"name":"wp","href":"https:\/\/api.w.org\/{rel}","templated":true}]}}