{"id":261576,"date":"2025-11-29T06:13:18","date_gmt":"2025-11-29T06:13:18","guid":{"rendered":"https:\/\/www.europesays.com\/es\/261576\/"},"modified":"2025-11-29T06:13:18","modified_gmt":"2025-11-29T06:13:18","slug":"tellado-invita-a-los-votantes-de-vox-a-la-concentracion-contra-sanchez-y-advierte-de-que-no-ir-es-fallarle-a-espana","status":"publish","type":"post","link":"https:\/\/www.europesays.com\/es\/261576\/","title":{"rendered":"Tellado \u00abinvita\u00bb a \u00ablos votantes de Vox\u00bb a la concentraci\u00f3n contra S\u00e1nchez y advierte de que no ir \u00abes fallarle a Espa\u00f1a\u00bb"},"content":{"rendered":"<p class=\"article-text\">\n        El secretario general del PP, Miguel Tellado, ha \u201cinvitado\u201d este viernes a sus aliados de Vox a secundar la <a href=\"https:\/\/www.eldiario.es\/politica\/feijoo-convoca-manifestacion-pedro-sanchez-encarcelamiento-abalos_1_12803039.html\" target=\"_blank\" data-mrf-recirculation=\"links-noticia\" class=\"link\" rel=\"nofollow noopener\">concentraci\u00f3n \u201csin siglas\u201d contra Pedro S\u00e1nchez<\/a> convocada por su jefe de filas, Alberto N\u00fa\u00f1ez Feij\u00f3o, tras el encarcelamiento de Jos\u00e9 Luis \u00c1balos y Koldo Garc\u00eda. El &#8216;n\u00famero dos&#8217; del PP ha sostenido que plantarles el domingo es \u201cequivocarse y fallarle a Espa\u00f1a\u201d.\n    <\/p>\n<p>    <a href=\"https:\/\/www.eldiario.es\/politica\/pp-feijoo-quiere-enterrar-caso-mascarillas-almeria-cuatro-anos-despues-estallido-remite-etapa-casado_1_12782117.html\" data-mrf-recirculation=\"saber-mas\" data-dl-event=\"saber-mas\" rel=\"nofollow noopener\" target=\"_blank\"><\/p>\n<p class=\"know-more__title\">El PP de Feij\u00f3o quiere enterrar el &#8216;caso mascarillas&#8217; de Almer\u00eda cuatro a\u00f1os despu\u00e9s de su estallido y remite a la etapa de Casado<\/p>\n<p>            <img decoding=\"async\" class=\"lazy\" loading=\"lazy\" data-src=\"https:\/\/static.eldiario.es\/clip\/2f14e531-2e8b-47e4-9140-78f77c296e51_16-9-aspect-ratio_default_0.jpg\" src=\"data:image\/svg+xml,%3Csvg xmlns=\" http:=\"\" viewbox=\"0 0 880 495\" alt=\"El PP de Feij\u00f3o quiere enterrar el 'caso mascarillas' de Almer\u00eda cuatro a\u00f1os despu\u00e9s de su estallido y remite a la etapa de Casado\"\/><\/p>\n<p>                        <\/a><\/p>\n<p class=\"article-text\">\n        Tellado ha presentado en Burgos el \u201cforo de grandes ciudades\u201d organizado por el partido con alcaldes de localidades de m\u00e1s de 100.000 habitantes gobernadas por el PP. Una cita organizada desde hace semanas que ha quedado opacada por el anuncio de Feij\u00f3o de una nueva concentraci\u00f3n contra el Gobierno.\n    <\/p>\n<p class=\"article-text\">\n        \u201cTenemos en Espa\u00f1a, lamentablemente, un Gobierno que se asfixia entre la espada de las investigaciones sobre sus esc\u00e1ndalos y la pared de su soledad parlamentaria\u201d, ha dicho Tellado en una comparecencia sin preguntas de los periodistas. \u201cPerdieron la votaci\u00f3n en el Congreso sobre la senda de d\u00e9ficit, y por la tarde vieron entrar a dos padres fundadores del &#8216;sanchismo&#8217; en prisi\u00f3n en Soto del Real\u201d, ha a\u00f1adido.\n    <\/p>\n<p class=\"article-text\">\n        \u201cNos gobierna un socialismo sin rumbo, sin ning\u00fan horizonte\u201d, ha planteado. \u201cS\u00e1nchez ha dejado atr\u00e1s la socialdemocracia para abrazar esa otra forma de gobernar, marcada por el esc\u00e1ndalo continuo y continuado y que bien podr\u00eda denominarse la socialdelincuencia\u201d.\n    <\/p>\n<p class=\"article-text\">\n        Tellado ha augurado que el presidente del Gobierno tambi\u00e9n acabar\u00e1 en la c\u00e1rcel. \u201cSantos Cerd\u00e1n abri\u00f3 el camino. \u00c1balos y Koldo le han seguido y veremos si hay tres sin cuatro, porque ya solo queda por caer y por visitar una prisi\u00f3n el &#8216;uno\u201d, ha dicho, en referencia a S\u00e1nchez.\n    <\/p>\n<p class=\"article-text\">\n        \u201cEste gobierno debe dimitir en bloque, debe salir del poder con las manos en alto\u201d, ha espetado. Y eso es lo que se reclamar\u00e1 en la concentraci\u00f3n del domingo en Madrid, y a la que Tellado ha implorado que se sume Vox.\n    <\/p>\n<p class=\"article-text\">\n        Sin que nadie le pregunte, Tellado ha dicho que se han o\u00eddo \u201ccr\u00edticas desde Vox\u201d a la convocatoria. \u201cLes pido que no se equivoquen de rival\u201d, ha respondido. \u201cNosotros le decimos a los votantes de Vox que est\u00e1n invitados\u201d a \u201cuna concentraci\u00f3n de todo aquel que quiera defender la democracia en Espa\u00f1a frente a la amenaza que representa Pedro S\u00e1nchez y todo su Gobierno\u201d, ha dicho.\n    <\/p>\n<p>    <a href=\"https:\/\/www.eldiario.es\/politica\/feijoo-convoca-manifestacion-pedro-sanchez-encarcelamiento-abalos_1_12803039.html\" data-mrf-recirculation=\"saber-mas-abajo\" data-dl-event=\"saber-mas-abajo\" rel=\"nofollow noopener\" target=\"_blank\"><\/p>\n<p class=\"know-more__title\">Feij\u00f3o convoca una manifestaci\u00f3n contra Pedro S\u00e1nchez tras el encarcelamiento de \u00c1balos\n<\/p>\n<p>            <img decoding=\"async\" class=\"lazy\" loading=\"lazy\" data-src=\"https:\/\/static.eldiario.es\/clip\/5738b112-8896-4461-8253-19e65b047bd2_16-9-aspect-ratio_default_0.jpg\" src=\"data:image\/svg+xml,%3Csvg xmlns=\" http:=\"\" viewbox=\"0 0 880 495\" alt=\"Feij\u00f3o convoca una manifestaci\u00f3n contra Pedro S\u00e1nchez tras el encarcelamiento de \u00c1balos\"\/><\/p>\n<p>                        <\/a><\/p>\n<p class=\"article-text\">\n        \u201cSer\u00e1 una concentraci\u00f3n sin siglas\u201d, ha continuado. Eso s\u00ed, \u201cconvocada por el l\u00edder de la oposici\u00f3n, por el primer partido de Espa\u00f1a\u201d. Tellado ha concluido: \u201cY si otros deciden equivocarse y fallarle a Espa\u00f1a, nosotros, desde luego, no lo haremos\u201d.\n    <\/p>\n","protected":false},"excerpt":{"rendered":"El secretario general del PP, Miguel Tellado, ha \u201cinvitado\u201d este viernes a sus aliados de Vox a secundar&hellip;\n","protected":false},"author":2,"featured_media":261577,"comment_status":"","ping_status":"","sticky":false,"template":"","format":"standard","meta":{"footnotes":""},"categories":[8],"tags":[10854,17,18,5762,25,24,65258,13,14,11,8287,19,20,9,689,10,15,16,199,23,34944,12,21,22,5672,624],"class_list":{"0":"post-261576","1":"post","2":"type-post","3":"status-publish","4":"format-standard","5":"has-post-thumbnail","7":"category-espana","8":"tag-advierte","9":"tag-breaking-news","10":"tag-breakingnews","11":"tag-concentracion","12":"tag-es","13":"tag-espana","14":"tag-fallarle","15":"tag-featured-news","16":"tag-featurednews","17":"tag-headlines","18":"tag-invita","19":"tag-latest-news","20":"tag-latestnews","21":"tag-news","22":"tag-no","23":"tag-noticias","24":"tag-noticias-destacadas","25":"tag-noticiasdestacadas","26":"tag-sanchez","27":"tag-spain","28":"tag-tellado","29":"tag-titulares","30":"tag-ultimas-noticias","31":"tag-ultimasnoticias","32":"tag-votantes","33":"tag-vox"},"share_on_mastodon":{"url":"https:\/\/pubeurope.com\/@es\/115631515563122614","error":""},"_links":{"self":[{"href":"https:\/\/www.europesays.com\/es\/wp-json\/wp\/v2\/posts\/261576","targetHints":{"allow":["GET"]}}],"collection":[{"href":"https:\/\/www.europesays.com\/es\/wp-json\/wp\/v2\/posts"}],"about":[{"href":"https:\/\/www.europesays.com\/es\/wp-json\/wp\/v2\/types\/post"}],"author":[{"embeddable":true,"href":"https:\/\/www.europesays.com\/es\/wp-json\/wp\/v2\/users\/2"}],"replies":[{"embeddable":true,"href":"https:\/\/www.europesays.com\/es\/wp-json\/wp\/v2\/comments?post=261576"}],"version-history":[{"count":0,"href":"https:\/\/www.europesays.com\/es\/wp-json\/wp\/v2\/posts\/261576\/revisions"}],"wp:featuredmedia":[{"embeddable":true,"href":"https:\/\/www.europesays.com\/es\/wp-json\/wp\/v2\/media\/261577"}],"wp:attachment":[{"href":"https:\/\/www.europesays.com\/es\/wp-json\/wp\/v2\/media?parent=261576"}],"wp:term":[{"taxonomy":"category","embeddable":true,"href":"https:\/\/www.europesays.com\/es\/wp-json\/wp\/v2\/categories?post=261576"},{"taxonomy":"post_tag","embeddable":true,"href":"https:\/\/www.europesays.com\/es\/wp-json\/wp\/v2\/tags?post=261576"}],"curies":[{"name":"wp","href":"https:\/\/api.w.org\/{rel}","templated":true}]}}