{"id":261583,"date":"2025-11-29T06:22:10","date_gmt":"2025-11-29T06:22:10","guid":{"rendered":"https:\/\/www.europesays.com\/es\/261583\/"},"modified":"2025-11-29T06:22:10","modified_gmt":"2025-11-29T06:22:10","slug":"podemos-hablar-de-austin-reaves","status":"publish","type":"post","link":"https:\/\/www.europesays.com\/es\/261583\/","title":{"rendered":"\u00bfPodemos hablar de Austin Reaves?"},"content":{"rendered":"<p class=\"\">No es secreto para nadie que la temporada de <b>Luka Doncic con los Lakers<\/b>, tiene tintes s\u00f3lidos de <b>MVP<\/b>. Con n\u00fameros que irradian magia noche tras noche, el base esloveno ha cargado con gran parte de la franquicia desde que la campa\u00f1a 2025 arranc\u00f3, y se ha posicionado indudablemente, entre los candidatos a perseguir la <b>m\u00e1xima condecoraci\u00f3n individual,<\/b> por m\u00e1s temprano que a\u00fan parezca.<\/p>\n<p class=\"\"><b>La ausencia de Lebron James <\/b>tambi\u00e9n ha sido clave. Con lesiones que cada vez cobran mayor factura, pues los a\u00f1os no pasan en vano, <b>el Rey apenas se reintegr\u00f3 a la acci\u00f3n <\/b>luego de pr\u00e1cticamente haberse perdido el primer mes, por lo que el peso de una franquicia que ha llevado como emblema al alero de Akron, tuvo que cambiar de manos, al menos por un corto periodo de tiempo. Pero&#8230; <b>\u00bfSolo se trata de ellos dos?<\/b><\/p>\n<p>Austin Reaves, el factor X en Los Angeles<\/p>\n<p class=\"\"><b>Sin Lebron e incluso sin Luka<\/b> por unos cuantos partidos (tambi\u00e9n se lesion\u00f3 al inicio de la temporada) fue el escolta no seleccionado en el Draft, <b>Austin Reaves<\/b> quien tom\u00f3 el mando y comand\u00f3 a unos Laguneros, de tal manera que no pesaron las ausencias de ambas estrellas. Con m\u00e1s de<b> 40 y 50 puntos <\/b>en par de actuaciones (Portland y Sacramento), Reaves levant\u00f3 la mano y dej\u00f3 claro que no es un jugador secundario pese a rodearse de dos talentos y figuras generaciones.<\/p>\n<p class=\"\">Sin embargo, lo conseguido en ausencia de los antes mencionados, <b>no lo fue todo.<\/b> A\u00fan y con el regreso, tanto de Doncic como de James, el dorsal 15 de los Angelinos se mantiene lo suficientemente encendido, como para otorgarle una etiqueta que vaya <b>m\u00e1s all\u00e1 de de ser un gran complemento<\/b>. Sus estad\u00edsticas hablan por s\u00ed solas, e incluso, lo ponen por encima de nombres con peso en la NBA.<\/p>\n<p>N\u00fameros por juego esta temporada<\/p>\n<ul>\n<li><b>27.9 Puntos <\/b><\/li>\n<li><b>7.0 Asistencias<\/b><\/li>\n<li><b>5.7 Rebotes<\/b><\/li>\n<li><b>1.4 robos<\/b><\/li>\n<li><b>49.8 % en tiros de campo<\/b><\/li>\n<\/ul>\n<p class=\"\">Dichas cifras (en cada una de ellas) lo colocan por encima de nombres como <b>Anthony Edwards, Kevin Durant, Devin Booker, Jimmy Butler, Ja Morant, Lamelo Ball,<\/b> y a la par de estrellas como <b>James Harden, <\/b>nombres que por mero recorrido, suelen ser mejor valorados que el de Austin.<\/p>\n<p><img decoding=\"async\" src=\"https:\/\/www.europesays.com\/es\/wp-content\/uploads\/2025\/11\/T7VBCERMQNA3ZA6FCGAKA5HGWE.jpg\" alt=\"\u00bfPodemos hablar de Austin Reaves?\" height=\"2325\" width=\"3488\"   loading=\"lazy\"\/>Tyler McFarland\/Clarkson CreativNoticias relacionadas<\/p>\n<p class=\"\">Est\u00e1 claro que <b>Lebron y Luka siempre captar\u00e1n las miradas<\/b>, pero si no podemos dejar pasar a alguien de largo, es al escolta sensaci\u00f3n de los Lakers. Es por eso que, en una franquicia donde por lo regular, todo es sobre el Rey y Magic,<b> \u00bfPodemos hablar de Reaves?<\/b><\/p>\n<p class=\"\"><b>\u00a1Tus opiniones importan!<\/b> Comenta en los art\u00edculos y suscr\u00edbete gratis a nuestra <a href=\"https:\/\/asfan.as.com\/newsletters\/\" target=\"_blank\" rel=\"nofollow noopener\" title=\"https:\/\/asfan.as.com\/newsletters\/\">newsletter<\/a> y a las alertas informativas en la <a href=\"https:\/\/as.com\/aplicacion-de-as-n\/\" target=\"_blank\" rel=\"nofollow noopener\" title=\"https:\/\/as.com\/aplicacion-de-as-n\/\">App<\/a> o el canal de <a href=\"https:\/\/www.whatsapp.com\/channel\/0029VaAasdA7j6g745nz9M10\" target=\"_blank\" rel=\"nofollow noopener\" title=\"https:\/\/www.whatsapp.com\/channel\/0029VaAasdA7j6g745nz9M10\">WhatsApp<\/a>. \u00bfBuscas licenciar contenido? Haz clic <a href=\"https:\/\/profesional.elpais.com\/soluciones-sindicacion?utm_medium=interno&amp;utm_source=crosslinking&amp;utm_campaign=sindicacion_as_pie_articulos\" target=\"_blank\" rel=\"nofollow noopener\" title=\"https:\/\/profesional.elpais.com\/soluciones-sindicacion?utm_medium=interno&amp;utm_source=crosslinking&amp;utm_campaign=sindicacion_as_pie_articulos\">aqu\u00ed<\/a>.<\/p>\n","protected":false},"excerpt":{"rendered":"No es secreto para nadie que la temporada de Luka Doncic con los Lakers, tiene tintes s\u00f3lidos de&hellip;\n","protected":false},"author":2,"featured_media":261584,"comment_status":"","ping_status":"","sticky":false,"template":"","format":"standard","meta":{"footnotes":""},"categories":[269],"tags":[299,298,168,25,24,23,167],"class_list":{"0":"post-261583","1":"post","2":"type-post","3":"status-publish","4":"format-standard","5":"has-post-thumbnail","7":"category-baloncesto","8":"tag-baloncesto","9":"tag-basketball","10":"tag-deportes","11":"tag-es","12":"tag-espana","13":"tag-spain","14":"tag-sports"},"share_on_mastodon":{"url":"https:\/\/pubeurope.com\/@es\/115631551445738611","error":""},"_links":{"self":[{"href":"https:\/\/www.europesays.com\/es\/wp-json\/wp\/v2\/posts\/261583","targetHints":{"allow":["GET"]}}],"collection":[{"href":"https:\/\/www.europesays.com\/es\/wp-json\/wp\/v2\/posts"}],"about":[{"href":"https:\/\/www.europesays.com\/es\/wp-json\/wp\/v2\/types\/post"}],"author":[{"embeddable":true,"href":"https:\/\/www.europesays.com\/es\/wp-json\/wp\/v2\/users\/2"}],"replies":[{"embeddable":true,"href":"https:\/\/www.europesays.com\/es\/wp-json\/wp\/v2\/comments?post=261583"}],"version-history":[{"count":0,"href":"https:\/\/www.europesays.com\/es\/wp-json\/wp\/v2\/posts\/261583\/revisions"}],"wp:featuredmedia":[{"embeddable":true,"href":"https:\/\/www.europesays.com\/es\/wp-json\/wp\/v2\/media\/261584"}],"wp:attachment":[{"href":"https:\/\/www.europesays.com\/es\/wp-json\/wp\/v2\/media?parent=261583"}],"wp:term":[{"taxonomy":"category","embeddable":true,"href":"https:\/\/www.europesays.com\/es\/wp-json\/wp\/v2\/categories?post=261583"},{"taxonomy":"post_tag","embeddable":true,"href":"https:\/\/www.europesays.com\/es\/wp-json\/wp\/v2\/tags?post=261583"}],"curies":[{"name":"wp","href":"https:\/\/api.w.org\/{rel}","templated":true}]}}