{"id":261587,"date":"2025-11-29T06:24:13","date_gmt":"2025-11-29T06:24:13","guid":{"rendered":"https:\/\/www.europesays.com\/es\/261587\/"},"modified":"2025-11-29T06:24:13","modified_gmt":"2025-11-29T06:24:13","slug":"mayeli-diaz-alvaro-rubio-y-erika-portillo-unidos-por-las-cirugias-esteticas","status":"publish","type":"post","link":"https:\/\/www.europesays.com\/es\/261587\/","title":{"rendered":"Mayeli\u00a0D\u00edaz, \u00c1lvaro Rubio y \u00c9rika Portillo,\u00a0unidos por las\u00a0cirug\u00edas\u00a0est\u00e9ticas"},"content":{"rendered":"<p>Los\u00a0<strong>influencers\u00a0y concursantes<\/strong> de\u00a0reality, sobre todo los de <strong>\u2018La isla de las tentaciones\u2019<\/strong>,\u00a0se han convertido en el <strong>principal reclamo para las marca<\/strong>s debido al gran alcance que tienen\u00a0gracias a sus miles o millones de seguidores que tienen.\u00a0No solo promocionan\u00a0ropa, cosm\u00e9ticos o productos de todo tipo si no <strong>ahora tambi\u00e9n cl\u00ednicas de est\u00e9tica<\/strong>,\u00a0como es el caso, por ejemplo,\u00a0de\u00a0<strong>Mayeli\u00a0D\u00edaz, \u00c1lvaro Rubio y \u00c9rika Portillo<\/strong>,\u00a0algo que\u00a0puede acabar siendo\u00a0<strong>muy peligroso para los j\u00f3venes.\u00a0\u00a0<\/strong><\/p>\n<p>Un centro de est\u00e9tica\u00a0de Madrid\u00a0ha publicado <strong>un v\u00eddeo <\/strong>en el que se puede ver a\u00a0<strong>Mayeli, \u00c1lvaro y a \u00c9rika\u00a0contando con entusiasmo las operaciones est\u00e9ticas<\/strong> que se van a hacer.\u00a0<strong>Mientras\u00a0Mayeli, de 27\u00a0a\u00f1os,\u00a0y \u00c9rika, de 24 a\u00f1os<\/strong>,\u00a0se van a someter a una\u00a0<strong>lipotransferencia\u00a0a gl\u00fateos<\/strong>,\u00a0la segunda ya para\u00a0\u00c9rika,<strong>\u00a0\u00c1lvaro Rubio,<\/strong> de 27 a\u00f1os,\u00a0se va a hacer <strong>la segunda liposucci\u00f3n<\/strong>\u00a0en flancos y abdomen\u00a0<strong>en menos de un a\u00f1o,<\/strong>\u00a0lo que ha provocado <strong>todo tipo de cr\u00edticas<\/strong>\u00a0ya que se trata de una operaci\u00f3n quir\u00fargica y tiene sus posibles riesgos.\u00a0\u00a0<\/p>\n<p>\u00c1lvaro Rubio, de &#8216;LIDLT 9&#8217;, se ha sometido a dos liposucciones en menos de un a\u00f1o<\/p>\n<p>\u00c1lvaro Rubio se someti\u00f3 a la segunda liposucci\u00f3n el pasado mes de marzo, la misma fecha en la que pas\u00f3 por quir\u00f3fano su novia Mayeli. Ahora, aprovechando el tir\u00f3n de que se est\u00e1 emitiendo ahora &#8216;La isla de las tentaciones 9&#8217;, la cl\u00ednica ha aprovechado para publicar este v\u00eddeo. Sin embargo, tras conocerse que <strong>\u00c1lvaro,\u00a0que fue &#8216;M\u00edster Ciudad Real&#8217; en 2021<\/strong>, ya se ha hecho dos liposucciones en menos de un a\u00f1o, son muchos los usuarios que se han pronunciado. Creen que\u00a0<strong>no lo necesitaba,<\/strong> <strong>que es muy joven<\/strong> y que podr\u00eda haber conseguido el mismo resultado con dieta y ejercicio.\u00a0<\/p>\n<p>Entre lo comentarios que le han escrito se pueden leer algunos como estos: <strong>\u00abCon entrenar un poco y comer sano bastaba, \u00a1no hac\u00eda falta operarse!\u00bb, <\/strong>\u00abTienes 27 a\u00f1os, \u00bfde verdad una liposucci\u00f3n era la soluci\u00f3n?\u00bb,<strong> \u00abCon qu\u00e9 facilidad se meten en\u00a0quir\u00f3fano\u00a0tan j\u00f3venes\u00bb <\/strong>o <strong>\u00abEl problema viene cuando las cl\u00ednicas les hacen las cirug\u00edas gratuitas&#8230;<\/strong> Si se las tuviera que pagar ver\u00e1s\u00a0t\u00fa\u00a0que r\u00e1pido se pon\u00eda a hacer deporte y\u00a0m\u00e1s\u00a0una persona joven que no la necesita\u00bb, se puede leer.\u00a0O este otro comentario:<strong> \u00abDeber\u00edan prohibir que promocionen operaciones<\/strong> de cualquier tipo. No es normal que gente tan joven crea que todo se soluciona a base de bistur\u00ed\u00bb.\u00a0\u00a0\u00a0<\/p>\n<p><strong>El propio\u00a0\u00c1lvaro,<\/strong> que fue\u00a0novio de Alba Garc\u00eda,\u00a0lleg\u00f3 a admitir\u00a0que <strong>no hace una dieta estricta y le gusta\u00a0la comida basura<\/strong>\u00a0\u2013pizzas y hamburguesas-, adem\u00e1s de\u00a0comentar\u00a0que<strong> va \u00abpoquito tiempo\u00bb al gimnasio.\u00a0\u00a0<\/strong><\/p>\n<p>\u00c1lvaro\u00a0Rubio, que estudi\u00f3 <strong>peluquer\u00eda y trabaj\u00f3 como conductor de autob\u00fas<\/strong>, explic\u00f3 que <strong>no hab\u00eda quedado satisfecho<\/strong>\u00a0con el resultado obtenido tras pasar por la primera cl\u00ednica, lo que <strong>provoc\u00f3 que esta estallara<\/strong> contra el concursante de \u2018LIDLT 9\u2019.\u00a0La doctora, adem\u00e1s de\u00a0explicar que <strong>\u00e9l\u00a0\u201cse qued\u00f3 encantado\u201d,<\/strong>\u00a0quiso aclarar que\u00a0\u201clos resultados de una liposucci\u00f3n nunca son definitivos, sobre todo <strong>si el paciente luego no sigue una dieta saludable, come mal,<\/strong> no va al gimnasio y en definitiva,\u00a0<strong>no sigue unas pautas saludables\u201d.\u00a0\u00a0<\/strong><\/p>\n<p>Adem\u00e1s,\u00a0tambi\u00e9n <strong>hizo \u00e9nfasis<\/strong> en que\u00a0\u201cha vuelto a pasar por quir\u00f3fano <strong>en colaboraci\u00f3n con otra cl\u00ednica<\/strong> para hacerse la misma cirug\u00eda que se realiz\u00f3 con nosotros con la excusa de no haber tenido buen resultado\u201d.\u00a0\u00a0<\/p>\n<p>\u00a0<img decoding=\"async\" alt=\"\u00c1lvaro Rubio fue M\u00edster Ciudad Real y conductor de autob\u00fas\" src=\"https:\/\/www.europesays.com\/es\/wp-content\/uploads\/2025\/11\/articulos-2565961.jpg\" style=\"width:20%\"\/>\u00a0\u00c1lvaro Rubio fue M\u00edster Ciudad Real y conductor de autob\u00fas<\/p>\n<p>Tambi\u00e9n ha llamado la atenci\u00f3n <strong>la edici\u00f3n del v\u00eddeo<\/strong> de la cl\u00ednica ya que <strong>crea confusi\u00f3n<\/strong> al ver en las im\u00e1genes\u00a0a\u00a0<strong>Mayeli, \u00c9rika y \u00c1lvaro<\/strong>\u00a0y sus declaraciones de lo que se van a hacer.\u00a0Al principio, <strong>sale\u00a0Mayeli\u00a0hablando y ri\u00e9ndose\u00a0con la que parece \u00c9rika,<\/strong> ya que es la otra protagonista del v\u00eddeo\u00a0y no se le aprecia bien la cara. Sin embargo, no es ella, <strong>se trata de\u00a0Nataly,<\/strong>\u00a0de la anterior edici\u00f3n de &#8216;La isla de las tentaciones&#8217; que solo aparece dos segundos en el v\u00eddeo para preguntarle a\u00a0Mayeli:\u00a0<strong>\u201c\u00bfMe quieres ver el culo?\u201d.<\/strong>\u00a0La ecuatoriana se lleva las manos a la boca al verlo: \u201cDios.<strong> A ver t\u00fa ya estabas perfecta. \u00a1Hostia qu\u00e9 culo!\u201d<\/strong>, dice ri\u00e9ndose. Tras ver el resultado, dice sonriente: <strong>\u201c\u00bfCu\u00e1ndo me opero? \u00bfA qu\u00e9 hora?\u201d.\u00a0\u00a0<\/strong><\/p>\n<p>Unas im\u00e1genes que han dejado a varios sorprendidos al creer que se trataban de\u00a0Mayeli\u00a0y \u00c9rika.\u00a0<strong>\u201c\u00bfPero \u00c9rika y\u00a0Mayeli\u00a0se llevan bien?\u201d,<\/strong> comenta una usuaria, para despu\u00e9s decir: \u201cEst\u00e1n perfectas las\u00a0dos!!\u201d.\u00a0<\/p>\n<p><img decoding=\"async\" alt=\"Nataly, Mayeli y Erika, de La isla de las tentaciones\" src=\"https:\/\/www.europesays.com\/es\/wp-content\/uploads\/2025\/11\/articulos-2565959.jpg\" style=\"width:20%\"\/>\u00a0Nataly, Mayeli y Erika, de La isla de las tentaciones\u00a0<\/p>\n<p>Aunque\u00a0<strong>Mayeli\u00a0y \u00c1lvaro <\/strong>se hicieron las operaciones en marzo y <strong>\u00c9rika Portillo<\/strong> tambi\u00e9n antes, la cl\u00ednica ha aprovechado que se est\u00e1 emitiendo ahora \u2018La isla de las tentaciones 9\u2019\u00a0para publicar este v\u00eddeo.\u00a0Adem\u00e1s,<strong> los tres se han convertido en los protagonistas<\/strong>\u00a0indiscutibles de los \u00faltimos d\u00edas despu\u00e9s de que\u00a0<strong>Mayeli\u00a0haya sido expulsada<\/strong> de forma fulminante<strong> tras saltarse las normas<\/strong>\u00a0de \u2018LIDLT\u2019.<\/p>\n<p><strong>Tras ver unas im\u00e1genes<\/strong> de su novio \u00c1lvaro\u00a0muy c\u00f3mplice con \u00c9rika,<strong> <\/strong><strong>con quien le fue infiel a\u00a0Mayeli\u00a0<\/strong>ya antes, esta<strong>\u00a0tir\u00f3 la\u00a0tablet\u00a0y sali\u00f3 corriendo\u00a0a\u00a0Villa Monta\u00f1a<\/strong> para recriminarle a su pareja lo que estaba haciendo. <strong>Insult\u00f3 a\u00a0\u00c9rika<\/strong>\u00a0y esa noche tambi\u00e9n\u00a0<strong>agredi\u00f3 a uno de los solteros, a Aitor,<\/strong> lanz\u00e1ndole un vaso.\u00a0Despu\u00e9s de todo esto, Sandra\u00a0Barneda\u00a0le comunic\u00f3\u00a0su expulsi\u00f3n, algo que se produce por primera vez en este reality.<\/p>\n","protected":false},"excerpt":{"rendered":"Los\u00a0influencers\u00a0y concursantes de\u00a0reality, sobre todo los de \u2018La isla de las tentaciones\u2019,\u00a0se han convertido en el principal reclamo&hellip;\n","protected":false},"author":2,"featured_media":261588,"comment_status":"","ping_status":"","sticky":false,"template":"","format":"standard","meta":{"footnotes":""},"categories":[174],"tags":[255,146,147,25,24,256,23],"class_list":{"0":"post-261587","1":"post","2":"type-post","3":"status-publish","4":"format-standard","5":"has-post-thumbnail","7":"category-famosos","8":"tag-celebrities","9":"tag-entertainment","10":"tag-entretenimiento","11":"tag-es","12":"tag-espana","13":"tag-famosos","14":"tag-spain"},"share_on_mastodon":{"url":"https:\/\/pubeurope.com\/@es\/115631559265252583","error":""},"_links":{"self":[{"href":"https:\/\/www.europesays.com\/es\/wp-json\/wp\/v2\/posts\/261587","targetHints":{"allow":["GET"]}}],"collection":[{"href":"https:\/\/www.europesays.com\/es\/wp-json\/wp\/v2\/posts"}],"about":[{"href":"https:\/\/www.europesays.com\/es\/wp-json\/wp\/v2\/types\/post"}],"author":[{"embeddable":true,"href":"https:\/\/www.europesays.com\/es\/wp-json\/wp\/v2\/users\/2"}],"replies":[{"embeddable":true,"href":"https:\/\/www.europesays.com\/es\/wp-json\/wp\/v2\/comments?post=261587"}],"version-history":[{"count":0,"href":"https:\/\/www.europesays.com\/es\/wp-json\/wp\/v2\/posts\/261587\/revisions"}],"wp:featuredmedia":[{"embeddable":true,"href":"https:\/\/www.europesays.com\/es\/wp-json\/wp\/v2\/media\/261588"}],"wp:attachment":[{"href":"https:\/\/www.europesays.com\/es\/wp-json\/wp\/v2\/media?parent=261587"}],"wp:term":[{"taxonomy":"category","embeddable":true,"href":"https:\/\/www.europesays.com\/es\/wp-json\/wp\/v2\/categories?post=261587"},{"taxonomy":"post_tag","embeddable":true,"href":"https:\/\/www.europesays.com\/es\/wp-json\/wp\/v2\/tags?post=261587"}],"curies":[{"name":"wp","href":"https:\/\/api.w.org\/{rel}","templated":true}]}}