{"id":261589,"date":"2025-11-29T06:25:18","date_gmt":"2025-11-29T06:25:18","guid":{"rendered":"https:\/\/www.europesays.com\/es\/261589\/"},"modified":"2025-11-29T06:25:18","modified_gmt":"2025-11-29T06:25:18","slug":"bilbaoarte-saca-brillo-a-sus-tesoros","status":"publish","type":"post","link":"https:\/\/www.europesays.com\/es\/261589\/","title":{"rendered":"BilbaoArte saca brillo a sus tesoros"},"content":{"rendered":"<p>El dramaturgo y director de teatro Juan Mayorga llev\u00f3 el a\u00f1o pasado a los escenarios su obra &#8216;La colecci\u00f3n&#8217;, donde un matrimonio se pregunta qu\u00e9  &#8230; pasar\u00e1 con todas las piezas de arte que han acumulado a trav\u00e9s de los a\u00f1os cuando ellos ya no est\u00e9n. Este texto ha servido de inspiraci\u00f3n para organizar la muestra &#8216;De la colecci\u00f3n no se vuelve&#8217;, selecci\u00f3n de 55 piezas de otros tantos artistas y colectivos, muchos de ellos consagrados, pertenecientes a la colecci\u00f3n de BilbaoArte. Todos han pasado por este centro de producci\u00f3n art\u00edstica en alg\u00fan momento de sus 27 a\u00f1os de historia, es el caso de Ignacio S\u00e1ez, Eduardo Sorrouille, Dora Salazar o June Crespo, entre muchos otros. <\/p>\n<p class=\"v-p\">Nerea Ayerbe y Jaime Cuenca son los comisarios de la exposici\u00f3n \u2013abierta desde ayer y hasta el 1 de febrero en Uribitarte 40\u2013. Asistieron en el Arriaga a la pieza teatral de Mayorga y salieron \u00abfascinados\u00bb. De ella sacaron ideas para organizar el medio centenar de obras en cuatro estancias, como ellos prefieren llamarlas en vez de salas. Cada una con un t\u00edtulo extra\u00eddo del texto del dramaturgo (que participar\u00e1 en la clausura de la exposici\u00f3n con una conferencia). \u00abHemos elegido \u2013explican\u2013 entre las m\u00e1s de 600 piezas de la colecci\u00f3n de BilbaoArte intentando que la selecci\u00f3n fuera lo m\u00e1s amplia y diversa posible en cuanto al momento de creaci\u00f3n en estos 27 a\u00f1os, al estilo y las t\u00e9cnicas empleadas: hay mucha foto, v\u00eddeo, escultura, instalaci\u00f3n, grabado&#8230;\u00bb.<\/p>\n<p><img decoding=\"async\" loading=\"lazy\" src=\"https:\/\/www.europesays.com\/es\/wp-content\/uploads\/2025\/11\/1503438762.jpg\" class=\"v-a-img\" width=\"650\" height=\"455\" alt=\"La primera estancia, 'El tiempo que hay entre sus cosas'.\" data-voc-vtm-id=\"in-text-traffic\"\/><\/p>\n<p>La primera estancia, &#8216;El tiempo que hay entre sus cosas&#8217;.<\/p>\n<p>Yvonne Iturgaiz<\/p>\n<p><img loading=\"lazy\" decoding=\"async\" src=\"https:\/\/www.europesays.com\/es\/wp-content\/uploads\/2025\/11\/1503438762-k39--1920x1344@El Correo.jpg\" class=\"v-mdl__img-z\" width=\"1920\" height=\"1344\" alt=\"\"\/><\/p>\n<p class=\"v-p\">A\u00f1aden que han querido huir de la disposici\u00f3n actual y contempor\u00e1nea de salas y museos, \u00abdonde se pone una obra de arte y hay siempre mucho aire, mucho espacio. Planteamos que las obras estuviesen expuestas de forma abigarrada, como en las pinacotecas barrocas antes de que se expandiera la ordenaci\u00f3n cronol\u00f3gica por escuelas y autores. Que estuviesen relacionadas entre s\u00ed a muchos niveles, unas veces crom\u00e1tico, otras de escala o de contenido de las piezas\u00bb. En la primera de las estancias, &#8216;El tiempo que hay entre sus cosas&#8217;, cuelgan piezas como la fotograf\u00eda de una mujer desnuda sobre una gran piedra en el bosque, titulada &#8216;Buscando un lugar para morir I&#8217; (2007), de Cristina Ferr\u00e1ndez Box; el lienzo &#8216;Ataque mercenario&#8217; (1999) de Ferm\u00edn Moreno, la inquietante foto &#8216;A cuatro patas; si dices algo ahora te creer\u00e9&#8217; (2002), de Eduardo Sorrouille, o la imagen &#8216;Sin t\u00edtulo&#8217; (2005) de Ignacio S\u00e1ez, que muestra una calle de noche. <\/p>\n<p><img decoding=\"async\" loading=\"lazy\" src=\"https:\/\/www.europesays.com\/es\/wp-content\/uploads\/2025\/11\/20251126_131534-k39--650x975@El Correo.jpg\" class=\"v-a-img\" width=\"650\" height=\"975\" alt=\"Escultura 'Sin t\u00edtulo' (2004), de Kiko Miyares, en la primera sala.\" data-voc-vtm-id=\"in-text-traffic\"\/><\/p>\n<p>Escultura &#8216;Sin t\u00edtulo&#8217; (2004), de Kiko Miyares, en la primera sala.<\/p>\n<p class=\"v-p\">Una caseta de madera recibe al visitante en la segunda estancia, bautizada como &#8216;Salvar lo necesario&#8217;. Fabricada con maderas por Hel\u00ed Garc\u00eda, esta &#8216;Treehouse&#8217; (2021) se combina con tres pirograbados y un peque\u00f1o \u00f3leo del mismo autor sobre el concepto de casita en el \u00e1rbol. Explica Ayerbe: \u00abCualquier colecci\u00f3n supone un intento de poner orden frente al caos, y puede ser un lugar donde protegernos, donde decir, mira, colecciono sellos y los tengo en esta caja y con este orden. Nos da seguridad. Es algo que hacen los ni\u00f1os desde muy peque\u00f1os, guardar sus tesoros en una cajita. Y por eso la pieza que domina esta estancia es esa caseta, reproducci\u00f3n de una especie de choza que construy\u00f3 el artista de peque\u00f1o con su hermano y con su primo, como un refugio\u00bb. <\/p>\n<p class=\"v-p\">En esta misma sala que rezuma la idea de buscar cobijo en medio del apocalipsis, conviven el collage de las destartaladas &#8216;Ciudades de juguete&#8217; (2005) de Greta Alfaro, el cuadro de gran formato con un edificio en ruinas titulado &#8216;Babel&#8217; (2018) de Leticia Gaspar, o las fotos de la mujer encerrada quince veces en un tarro de cristal tituladas &#8216;Botes&#8217; (2000), de Carmen Olmos. <\/p>\n<p><img decoding=\"async\" loading=\"lazy\" src=\"https:\/\/www.europesays.com\/es\/wp-content\/uploads\/2025\/11\/20251126_131831.jpg\" class=\"v-a-img\" width=\"650\" height=\"455\" alt=\"La segunda sala,\" data-voc-vtm-id=\"in-text-traffic\"\/><\/p>\n<p>La segunda sala,<\/p>\n<p><img loading=\"lazy\" decoding=\"async\" src=\"https:\/\/www.europesays.com\/es\/wp-content\/uploads\/2025\/11\/20251126_131831.jpg\" class=\"v-mdl__img-z\" width=\"1920\" height=\"1344\" alt=\"\"\/><\/p>\n<p class=\"v-p\">&#8216;Algo nuevo en las otras&#8217; es el t\u00edtulo de la tercera sala. Aclaran los comisarios: \u00abLa idea es que cada nueva pieza que se incorpora a una colecci\u00f3n provoca algo en las que ya est\u00e1n. Por un lado se relaciona con ellas porque se supone que algo tienen en com\u00fan, porque si no, no formar\u00eda parte de esa colecci\u00f3n. Pero a la vez modifica la posici\u00f3n de cada una. Y se pueden llevar bien o mal entre ellas; de ah\u00ed la idea de conflicto, extinci\u00f3n, dualidad que vemos aqu\u00ed. Hay obras que van en pareja o muestran a una pareja, como esta foto &#8216;Sin t\u00edtulo 6&#8217; (2004) de Kepa Garraza, donde vemos dos personas y que ha pasado algo terrible, aunque no sabemos qu\u00e9\u00bb. <\/p>\n<p class=\"v-p\">En las paredes de esta misma estancia, destaca un gran retrato de Javier Ria\u00f1o, director de BilbaoArte, titulado &#8216;Cuando ve lo que ha pasado&#8217; (2011). Fue pintado por su hija, Ana Ria\u00f1o, dentro de una serie que hizo de escenas cinematogr\u00e1ficas cl\u00e1sicas, en este caso &#8216;Psicosis&#8217; de Hitchcock. Un poco m\u00e1s all\u00e1, un hombre con gran parecido a Jude Law yace en tensi\u00f3n con los pies sobre una caja y las venas del cuello hinchadas. Es la foto &#8216;El observatorio&#8217; (2012), de Elssie Ansareo. \u00abLa artista se aproxima a la idea de la histeria como enfermedad supuestamente solo de mujeres diagnosticada en el siglo XIX. Algunas hac\u00edan esto que se ve aqu\u00ed, lo llamaban el &#8216;arco de la histeria&#8217;, y se documentaba con fotograf\u00edas, se creaban protocolos psiqui\u00e1tricos&#8230; Lo que hace la artista es revertir esos condicionantes de g\u00e9nero y retrata solo a hombres en esa postura\u00bb, explica Ayerbe. Al lado, el gran cuadro vertical con chica absorta en la lectura mientras camina titulado &#8216;Secuencia imaginada. Nivel 4&#8217; (2010), de Lourdes de la Villa Liso. <\/p>\n<p><img decoding=\"async\" loading=\"lazy\" src=\"https:\/\/www.europesays.com\/es\/wp-content\/uploads\/2025\/11\/54948081598_963f43455a_o.jpg\" class=\"v-a-img\" width=\"650\" height=\"455\" alt=\"La cuarta estancia, la sala negra.\" data-voc-vtm-id=\"in-text-traffic\"\/><\/p>\n<p>La cuarta estancia, la sala negra.<\/p>\n<p><img loading=\"lazy\" decoding=\"async\" src=\"https:\/\/www.europesays.com\/es\/wp-content\/uploads\/2025\/11\/54948081598_963f43455a_o.jpg\" class=\"v-mdl__img-z\" width=\"1920\" height=\"1344\" alt=\"\"\/><\/p>\n<p class=\"v-p\">La cuarta y \u00faltima estancia, &#8216;Un secreto del que la colecci\u00f3n es m\u00e1scara&#8217;, tiene las paredes negras. \u00abQuer\u00edamos mantener esa idea del &#8216;black box&#8217;, la caja negra \u2013desvelan los comisarios \u2013 para que fuera un espacio misterioso. Dice Mayorga que toda colecci\u00f3n es m\u00e1scara de un secreto, queriendo decir que los prop\u00f3sitos, las intenciones, los objetivos que se ponen en marcha con una colecci\u00f3n a veces son inconfesables. Siempre hay un secreto oculto. Y cuando un artista te explica su obra, siempre va a haber cosas que no te cuente. Una obra de arte no es una se\u00f1al de tr\u00e1fico, que te dice todo, siempre queda un resto enigm\u00e1tico. Y por eso el negro, la oscuridad\u00bb. <\/p>\n<p class=\"v-p\">De ah\u00ed que muchas de estas im\u00e1genes sean nocturnas, entre ellas, la foto &#8216;Adi\u00f3s Madrid&#8217; (2000), de Alejandro Arteche; las inquietantes im\u00e1genes &#8216;Dentro, in&#8217; (1998) de Miguel \u00c1ngel Gaueca, y &#8216;Switch off all devices&#8217; (2008), de Carlos Irijalba. Tambi\u00e9n asusta la serigraf\u00eda &#8217;30 de enero de 2013, Lenin ten\u00eda raz\u00f3n, Mr. Goebbels&#8217; (2013), de Pau Figueres, aunque solo sea por el t\u00edtulo.<\/p>\n<p>LOS ARTISTAS DE LA COLECCI\u00d3N EN SUS SALAS<\/p>\n<p><img decoding=\"async\" loading=\"lazy\" src=\"https:\/\/www.europesays.com\/es\/wp-content\/uploads\/2025\/11\/20251126_131928-k39--366x206@El Correo.jpg\" class=\"v-a-img\" width=\"366\" height=\"206\" alt=\"LOS ARTISTAS DE LA COLECCI\u00d3N EN SUS SALAS\"\/><\/p>\n<ul class=\"v-u\">\n<li class=\"v-u__l\">\n<p class=\"v-p\">\nEstancia 1<br \/>\nCristina Ferr\u00e1ndez Box, Cristina Fonsar\u00e9, Helena Go\u00f1i, Amaia Gracia Azqueta, Aitor Lajar\u00edn, Erramun Landa, Ara M\u00e9ndez, Kiko Miyares, Idoia Mont\u00f3n, Ferm\u00edn Moreno, I\u00f1aki S\u00e1ez, Eduardo Sourrouille, Jelena Sredanovic.\n<\/p>\n<\/li>\n<li class=\"v-u__l\">\n<p class=\"v-p\">\nEstancia 2<br \/>\nAlberto Albor, Greta Alfaro, Andrew Gangoiti, Hel\u00ed Garc\u00eda, Leticia Gaspar, Ignacio Goitia, Edurne Gonz\u00e1lez Ib\u00e1\u00f1ez, Patrik Grijalvo, Jorge Isla, Carmen Olmos, Jorge Rubio, Iker Serrano.\n<\/p>\n<\/li>\n<li class=\"v-u__l\">\n<p class=\"v-p\">\nEstancia 3<br \/>\nIzaskun \u00c1lvarez Gainza, Elssie Ansareo, Naia del Castillo, Lourdes de la Villa Liso, Kepa Garraza, Jabier Herrero, Gala Kn\u00f6rr, Ibai Le\u00f3n\/Sara Campillo (Atakontu), David Mart\u00edn Angulo, Nacho Mart\u00ednez G\u00f3rriz, Ana Ria\u00f1o, Ixone S\u00e1daba, Dora Salazar.\n<\/p>\n<\/li>\n<li class=\"v-u__l\">\n<p class=\"v-p\">\nEstancia 4<br \/>\nAlejandro Arteche, Erika Barahona, Nuria Batalla, June Crespo, Pau Figueres Ortiz, Miguel \u00c1ngel Ga\u00fceca, Carlos Irijalba, Irune Jim\u00e9nez Orbea, Francisco Navarrete, Lezuri Ormazabal, Txuspo Poyo, Mara Reguil\u00f3n, Mabi Revuelta, Bego\u00f1a Zubero.\n<\/p>\n<\/li>\n<\/ul>\n","protected":false},"excerpt":{"rendered":"El dramaturgo y director de teatro Juan Mayorga llev\u00f3 el a\u00f1o pasado a los escenarios su obra &#8216;La&hellip;\n","protected":false},"author":2,"featured_media":261590,"comment_status":"","ping_status":"","sticky":false,"template":"","format":"standard","meta":{"footnotes":""},"categories":[173],"tags":[229,233,231,230,65259,232,234,146,147,25,24,23],"class_list":{"0":"post-261589","1":"post","2":"type-post","3":"status-publish","4":"format-standard","5":"has-post-thumbnail","7":"category-arte-y-diseno","8":"tag-arte","9":"tag-arte-y-diseno","10":"tag-arts","11":"tag-arts-and-design","12":"tag-bilbaoarte","13":"tag-design","14":"tag-diseno","15":"tag-entertainment","16":"tag-entretenimiento","17":"tag-es","18":"tag-espana","19":"tag-spain"},"share_on_mastodon":{"url":"https:\/\/pubeurope.com\/@es\/115631563145423244","error":""},"_links":{"self":[{"href":"https:\/\/www.europesays.com\/es\/wp-json\/wp\/v2\/posts\/261589","targetHints":{"allow":["GET"]}}],"collection":[{"href":"https:\/\/www.europesays.com\/es\/wp-json\/wp\/v2\/posts"}],"about":[{"href":"https:\/\/www.europesays.com\/es\/wp-json\/wp\/v2\/types\/post"}],"author":[{"embeddable":true,"href":"https:\/\/www.europesays.com\/es\/wp-json\/wp\/v2\/users\/2"}],"replies":[{"embeddable":true,"href":"https:\/\/www.europesays.com\/es\/wp-json\/wp\/v2\/comments?post=261589"}],"version-history":[{"count":0,"href":"https:\/\/www.europesays.com\/es\/wp-json\/wp\/v2\/posts\/261589\/revisions"}],"wp:featuredmedia":[{"embeddable":true,"href":"https:\/\/www.europesays.com\/es\/wp-json\/wp\/v2\/media\/261590"}],"wp:attachment":[{"href":"https:\/\/www.europesays.com\/es\/wp-json\/wp\/v2\/media?parent=261589"}],"wp:term":[{"taxonomy":"category","embeddable":true,"href":"https:\/\/www.europesays.com\/es\/wp-json\/wp\/v2\/categories?post=261589"},{"taxonomy":"post_tag","embeddable":true,"href":"https:\/\/www.europesays.com\/es\/wp-json\/wp\/v2\/tags?post=261589"}],"curies":[{"name":"wp","href":"https:\/\/api.w.org\/{rel}","templated":true}]}}