{"id":261591,"date":"2025-11-29T06:27:19","date_gmt":"2025-11-29T06:27:19","guid":{"rendered":"https:\/\/www.europesays.com\/es\/261591\/"},"modified":"2025-11-29T06:27:19","modified_gmt":"2025-11-29T06:27:19","slug":"la-temporada-5-de-stranger-things-acaba-de-llevarse-una-decepcion-el-final-de-la-serie-con-millie-espinof","status":"publish","type":"post","link":"https:\/\/www.europesays.com\/es\/261591\/","title":{"rendered":"La temporada 5 de &#039;Stranger Things&#039; acaba de llevarse una decepci\u00f3n: el final de la serie con Millie&#8230; &#8211; Espinof"},"content":{"rendered":"<ol>\n<li><a href=\"https:\/\/news.google.com\/rss\/articles\/CBMi-gFBVV95cUxQQVo2YWUxejROdXRoejRlSkIwTWhUbUl4WC1ZZzFoNkZDaVE1bms1U3htSmVHbmtwVkpFTWNTVlNReUYyUXFCbGpGZ2NwM1EzXzJjVjZSMnRnOTNmSmpvVTVCSlpVT2szSVkyV05sRlhOSDNUTEhlcmpyRWVwX3NwMHBRWnZ3a2JyNGx0SVpaU0lHUGp4NExCeThweHd4aHlxcFVBLS1kaFVCanpqTU9Ma1VZLU5jTFhpdW9DdkZsMmtqd1BIZ2RST0IxOVd0QzZtc3dYWGVHWWhMMHR1LXZ2VjhMb194OGVRdnB6aDJuUmNYcU5jQnM5aGNn0gH_AUFVX3lxTFBGb0wyNl9yeS1heEZMQzJNRWJJT3dmY0Q4RGJNcno4U3RxMHlNQVI5SE5OeUxXQnJjOE4xUlpsVFUzc3FOdFc5WHluNndVb0k1UVdjVVNybWh3RjZRaEdpcGlLYV9QMnd4cnd2U204dXhEdFpuNlp0Y0VUMDlrVGVPVVFVX1dBWjdrNWZCTzJfNmhZb3I5OXQxSTJkODRmQkgyUFU0WWVNR3pRX2YxLTlMY2tfVlFNZGZxeHkzRmRmWW0wbGgxNTg0TVFjRkJneDl5VEQ2YWp1R2h5bXBZc3J3cXFoeHJ4bUlWUkxKSTFoVEFBXzBzU1Q2Z3JvSTdEOA?oc=5\" target=\"_blank\" rel=\"nofollow noopener\">La temporada 5 de &#8216;Stranger Things&#8217; acaba de llevarse una decepci\u00f3n: el final de la serie con Millie&#8230;<\/a>&nbsp;&nbsp;Espinof<\/li>\n<li><a href=\"https:\/\/news.google.com\/rss\/articles\/CBMi6AFBVV95cUxNeERGOU9JWFYwNjFkTDRWeGY2aFBKV2FLb0NQQ2wwbGtDT2l4S09nMVh5MFpQSDU0YWdfNnV0SlhoUWFaUFUxUWpFWnBUNVhDajJBOE9ZWEg3ZlJ3SFUyb2hNaHBERUgtYTFOYmx0TUNLMXpHcnRPNEJkX0ZxMUhKTWJtU1ZLcDBjcndfbWFRaU8wbndXamp4RGVpUTIzVllWSDZrX3pmcjFmNGVUVjBWdjR1MXZUelFkd0owZFBvd1dTWFJDNkdJV0NBNEY5UFlrTTVzN2E5WTNzaEJzWkxvaHYtbk5VMkIx?oc=5\" target=\"_blank\" rel=\"nofollow noopener\">Cu\u00e1ndo se estrenan los episodios 5, 6 y 7 de \u2018Stranger Things 5\u2019 en Netflix: fecha y hora de todos los cap\u00edtul<\/a>&nbsp;&nbsp;Diario AS<\/li>\n<li><a href=\"https:\/\/news.google.com\/rss\/articles\/CBMivAFBVV95cUxONEl2SDA4VjdleUhJN0lxdTdYT3hBdFhwRFFWRHFwbnJOYlVMWDBPbjNud1JWWWQzSTJxTFkwMmJhbG5BUzBNR0o1RnYzOEJUYWo0RDRRMXRHZEs3WVRaMFlPU3JINl9KX0xRU3Z6WnREMEUtYUJleEpwdjg4SU9OOG9HY0ZGWHNXMHJMazI0eTh1RXFhWXZ2N2xWeFp2a3EzeGdwMUFsZldLQ2JZOU9JSGUyMVBmSHIxUTI0SQ?oc=5\" target=\"_blank\" rel=\"nofollow noopener\">Cr\u00edtica de &#8216;Stranger Things 5 Vol.1&#8217;: el placer de encontrar m\u00e1s de lo mismo, pero m\u00e1s caro y espectacular<\/a>&nbsp;&nbsp;Vanitatis<\/li>\n<li><a href=\"https:\/\/news.google.com\/rss\/articles\/CBMibkFVX3lxTE5JdUxKN0ppTjM3UWI4aHp4al9WNXNRZDRHT0laZGxLcVZ4N3NMRXF0TFlHak1aTFJMVjNrY0NOeVVObHFLcVZ2clBjVnpyQ2Y4MVpILURZNlctc3VRTVJUdVljQmZVcnFzdzFvOHNn?oc=5\" target=\"_blank\" rel=\"nofollow noopener\">\u00abEl episodio 4 es una obra maestra\u00bb: la temporada 5 de &#8216;Stranger Things&#8217; no decepciona y los fans ya cuentan los d\u00edas para la segunda parte<\/a>&nbsp;&nbsp;SensaCine<\/li>\n<li><a href=\"https:\/\/news.google.com\/rss\/articles\/CBMiogFBVV95cUxOSDRMV1g2NzFhTFpGVGxtWk5FNno5VUsyT01PRzFXRFJ5NUd5NVB3TTR1RkV0SFd4NUs0dGVoeUloNm8ycVNMREtfSE5ZY3U2RjZwdkltZmlpNVhpQm9Od3BuSFZ4bUI2bDJaZTNoZ1dWOTltOEY4RDd2QTU1ZlRibERXbm5SQ01HaGJOTTRkMHhaZnVlX1VfU2otZTI5RlIwLVE?oc=5\" target=\"_blank\" rel=\"nofollow noopener\">Qu\u00e9 esperar de Stranger Things 5 volumen 2 seg\u00fan los hermanos Duffer<\/a>&nbsp;&nbsp;GQ Espa\u00f1a<\/li>\n<\/ol>\n","protected":false},"excerpt":{"rendered":"La temporada 5 de &#8216;Stranger Things&#8217; acaba de llevarse una decepci\u00f3n: el final de la serie con Millie&#8230;&nbsp;&nbsp;Espinof&hellip;\n","protected":false},"author":2,"featured_media":248356,"comment_status":"","ping_status":"","sticky":false,"template":"","format":"standard","meta":{"footnotes":""},"categories":[171],"tags":[146,147,25,24,23,214],"class_list":{"0":"post-261591","1":"post","2":"type-post","3":"status-publish","4":"format-standard","5":"has-post-thumbnail","7":"category-tv","8":"tag-entertainment","9":"tag-entretenimiento","10":"tag-es","11":"tag-espana","12":"tag-spain","13":"tag-tv"},"share_on_mastodon":{"url":"https:\/\/pubeurope.com\/@es\/115631570725142817","error":""},"_links":{"self":[{"href":"https:\/\/www.europesays.com\/es\/wp-json\/wp\/v2\/posts\/261591","targetHints":{"allow":["GET"]}}],"collection":[{"href":"https:\/\/www.europesays.com\/es\/wp-json\/wp\/v2\/posts"}],"about":[{"href":"https:\/\/www.europesays.com\/es\/wp-json\/wp\/v2\/types\/post"}],"author":[{"embeddable":true,"href":"https:\/\/www.europesays.com\/es\/wp-json\/wp\/v2\/users\/2"}],"replies":[{"embeddable":true,"href":"https:\/\/www.europesays.com\/es\/wp-json\/wp\/v2\/comments?post=261591"}],"version-history":[{"count":0,"href":"https:\/\/www.europesays.com\/es\/wp-json\/wp\/v2\/posts\/261591\/revisions"}],"wp:featuredmedia":[{"embeddable":true,"href":"https:\/\/www.europesays.com\/es\/wp-json\/wp\/v2\/media\/248356"}],"wp:attachment":[{"href":"https:\/\/www.europesays.com\/es\/wp-json\/wp\/v2\/media?parent=261591"}],"wp:term":[{"taxonomy":"category","embeddable":true,"href":"https:\/\/www.europesays.com\/es\/wp-json\/wp\/v2\/categories?post=261591"},{"taxonomy":"post_tag","embeddable":true,"href":"https:\/\/www.europesays.com\/es\/wp-json\/wp\/v2\/tags?post=261591"}],"curies":[{"name":"wp","href":"https:\/\/api.w.org\/{rel}","templated":true}]}}