{"id":261592,"date":"2025-11-29T06:28:18","date_gmt":"2025-11-29T06:28:18","guid":{"rendered":"https:\/\/www.europesays.com\/es\/261592\/"},"modified":"2025-11-29T06:28:18","modified_gmt":"2025-11-29T06:28:18","slug":"como-keith-richards-se-convirtio-en-el-hombre-mejor-vestido-del-mundo-gracias-a-su-historia-de-amor-con-anita-pallenberg","status":"publish","type":"post","link":"https:\/\/www.europesays.com\/es\/261592\/","title":{"rendered":"C\u00f3mo Keith Richards se convirti\u00f3 en el hombre mejor vestido del mundo gracias a su historia de amor con Anita Pallenberg"},"content":{"rendered":"<p id=\"ekA8dqgNV0\" data-wc=\"56\">\u00abDurante un tiempo me consideraron el hombre mejor vestido del mundo y era porque me pon\u00eda la ropa de Anita. Ella ten\u00eda un ojo incre\u00edble\u00bb, admite <strong>Keith Richards<\/strong> en el documental\u00a0Catching Fire: The Story of Anita Pallenberg (2023) sobre la que fue <a class=\"hm-link hf-link\" href=\"https:\/\/www.hola.com\/fashion\/tendencias\/20250131810895\/marianne-faithfull-muere-looks-iconicos\/\" rel=\"noopener nofollow\" target=\"_blank\" data-mrf-recirculation=\"article-body-link\">musa de The Rolling Stones<\/a> y su pareja durante m\u00e1s de una d\u00e9cada.\u00a0<\/p>\n<p id=\"eh04qhHPT_T\" data-wc=\"99\">Nacida en Italia de padres alemanes muy estrictos, <strong>Anita Pallenberg<\/strong> (1942-2017) siempre fue una \u00abni\u00f1a salvaje y rebelde\u00bb, como ella misma se defini\u00f3 en sus memorias. En 1963 se escap\u00f3 de una Alemania que todav\u00eda segu\u00eda lidiando con las consecuencias de la guerra, donde viv\u00eda con su familia, para marcharse a Nueva York. All\u00ed comenz\u00f3 a trabajar como modelo: <strong>\u00abOdiaba la peluquer\u00eda, las pesta\u00f1as postizas y todas esas chorradas\u00bb<\/strong>, admiti\u00f3. Pero aquella profesi\u00f3n le abri\u00f3 puertas y le hizo conocer mundo gracias a varios viajes. Fue mientras estaba en M\u00fanich, en 1965, cuando su vida dio un nuevo giro.\u00a0<\/p>\n<p> <img src=\"https:\/\/www.europesays.com\/es\/wp-content\/uploads\/2025\/11\/69db93161cd1-gettyimages-3168289.jpg\"   width=\"1080\" height=\"1080\" loading=\"lazy\" decoding=\"async\" alt=\"Anita Pallenberg (1968)\" fetchpriority=\"auto\" class=\"image hf-image\"\/>\u00a9 Getty ImagesAnita Pallenberg (1968)<\/p>\n<p id=\"eemV3Kjbg2\" data-wc=\"56\">Los Rolling tocaban en la ciudad, y como era habitual en aquella \u00e9poca cada vez que daban un concierto, suscitaban una locura colectiva entre sus seguidores, que no dudaban en asaltarles subi\u00e9ndose al escenario. \u00abMis amigos me retaron a secuestrar a uno de ellos\u00bb, confes\u00f3 la propia Anita, que aquella noche se encontraba entre el p\u00fablico.<\/p>\n<p id=\"eyXikVgY90Q\" data-wc=\"67\">Pero no le hizo falta llegar a tanto: bast\u00f3 con colarse en los camerinos para<strong>\u00a0captar la atenci\u00f3n de la banda, en especial, la del guitarrista Brian Jones<\/strong>. Con \u00e9l se fue a vivir a la casa que este ten\u00eda en Londres y mantuvieron una relaci\u00f3n de dos a\u00f1os que vir\u00f3 en un amor tormentoso marcado por los malos tratos y los excesos que consumieron al m\u00fasico.<\/p>\n<p> <img src=\"https:\/\/www.europesays.com\/es\/wp-content\/uploads\/2025\/11\/cde55c14b72a-gettyimages-2641007.jpg\"   width=\"1080\" height=\"1080\" loading=\"lazy\" decoding=\"async\" alt=\"Anita Pallenberg y Keith Richards (1969)\" fetchpriority=\"auto\" class=\"image hf-image\"\/>\u00a9 Getty ImagesAnita Pallenberg y Keith Richards (1969)<\/p>\n<p id=\"eRBFa8kd0q\" data-wc=\"70\">Fue en 1967, durante un viaje que <strong>Brian Jones, Anita Pallenberg y Keith Richards<\/strong> hicieron en coche de Inglaterra a Marruecos, cuando <strong>surgi\u00f3 una poderosa conexi\u00f3n<\/strong> entre estos dos \u00faltimos. Tras su paso por Francia, Jones tuvo que ser hospitalizado y tanto Anita como Keith decidieron continuar con el trayecto. \u00abEstaba perdidamente enamorado de ella, de su independencia, de su absoluta determinaci\u00f3n de ser libre\u00bb, confiesa \u00e9l en el documental.<\/p>\n<p> <img src=\"https:\/\/www.europesays.com\/es\/wp-content\/uploads\/2025\/11\/75c7eb49a3fe-gettyimages-1178059520.jpg\"   width=\"1080\" height=\"1080\" loading=\"lazy\" decoding=\"async\" alt=\"Keith Richards y Anita Pallenberg con su hijo Marlon (1970)\" fetchpriority=\"auto\" class=\"image hf-image\"\/>\u00a9 Getty ImagesKeith Richards y Anita Pallenberg con su hijo Marlon (1970)<\/p>\n<p id=\"eGcrKu869Q\" data-wc=\"73\">Tras aquel viaje, Anita termin\u00f3 su relaci\u00f3n con Brian Jones y comenz\u00f3 a salir con Keith: \u00abEra un tipo de amor diferente al que hab\u00eda experimentado\u00bb, cont\u00f3 ella. \u00abKeith era t\u00edmido, yo le espabil\u00e9 con mi energ\u00eda italiana. Por aquel entonces parec\u00eda un le\u00f3n, natural y muy a la moda\u00bb. <strong>Fue Anita Pallenberg quien influy\u00f3 en el armario del guitarrista<\/strong>, y durante los primeros a\u00f1os de su relaci\u00f3n, se convirtieron en aut\u00e9nticos iconos.<\/p>\n<p> <img src=\"https:\/\/www.europesays.com\/es\/wp-content\/uploads\/2025\/11\/ab78fe418d5a-gettyimages-50816492.jpg\"   width=\"666\" height=\"1024\" loading=\"lazy\" decoding=\"async\" alt=\"Kate Moss y la actriz Anita Pallenberg\" fetchpriority=\"auto\" class=\"image hf-image\"\/>\u00a9 Getty ImagesKate Moss y Anita Pallenberg (2004)<\/p>\n<p id=\"ewEKkNu99Z\" data-wc=\"55\">\u00abTen\u00eda mucho estilo, yo todav\u00eda intento recrearlo\u00bb, lleg\u00f3 a confesar Kate Moss, quien trab\u00f3 amistad con la modelo y actriz de Barbarella, a quien siempre tuvo como referente.<strong>\u00a0\u00abTen\u00eda esa est\u00e9tica bohemia-rock-elegante a la que la gente sigue aspirando hoy en d\u00eda\u00bb<\/strong>. Recordamos algunos de los conjuntos ic\u00f3nicos que Anita Pallenberg y Keith Richards lucieron.<\/p>\n<p>15<\/p>\n<p>  <img src=\"https:\/\/www.europesays.com\/es\/wp-content\/uploads\/2025\/11\/11bc3837f628-anita-pallenberg-keith-richards.jpg\"   width=\"1080\" height=\"1080\" loading=\"lazy\" decoding=\"async\" alt=\"Anita Pallenberg y Keith Richards\" fetchpriority=\"auto\" class=\"image hf-image\"\/><\/p>\n<p> Pura esencia setentera<\/p>\n<p id=\"ej1aq0Qz7I1\">Los complementos eran clave en los conjuntos de Anita Pallenberg, que a menudo incorporaba joyas vistosas y anillos de pedrer\u00eda, al igual que Keith. As\u00ed aparecieron ambos en 1970 en la premier de la pel\u00edcula Performance, protagonizada por Mick Jagger.<\/p>\n<p>25<\/p>\n<p>  <img src=\"https:\/\/www.europesays.com\/es\/wp-content\/uploads\/2025\/11\/d9cfb540479f-gettyimages-132232950.jpg\"   width=\"1080\" height=\"1080\" loading=\"lazy\" decoding=\"async\" alt=\"Keith Richards y Anita Pallenberg en Venecia (1967)\" fetchpriority=\"auto\" class=\"image hf-image\"\/>\u00a9 Getty Images<\/p>\n<p> Maximalismo<\/p>\n<p id=\"emfPeXR-cQ6\">Posaban en 1967, sentados en la terraza del Hotel Excelsior de Venecia, con looks que sin duda contrastaban con la exclusiva clientela del alojamiento. Y es que la discreci\u00f3n nunca form\u00f3 parte de las elecciones de moda de ninguno de los dos.<\/p>\n<p>35<\/p>\n<p>  <img src=\"https:\/\/www.europesays.com\/es\/wp-content\/uploads\/2025\/11\/1a3b965a630a-gettyimages-2637561.jpg\"   width=\"813\" height=\"1024\" loading=\"lazy\" decoding=\"async\" alt=\"Keith Richards y Anita Pallenberg en Londres (1973)\" fetchpriority=\"auto\" class=\"image hf-image\"\/>\u00a9 Getty Images<\/p>\n<p> Su idea de look &#8216;formal&#8217;<\/p>\n<p id=\"eEXutqDRWl2\">Uno de los motivos por los que pareja se mud\u00f3 tanto durante su relaci\u00f3n, fue para mantenerse alejados de la justicia con la que hab\u00edan tenido tantos problemas. En 1973 se presentaron en los tribunales de Londres intentando mostrar su faceta m\u00e1s formal: Keith con un traje de chaqueta y Anita con un conjunto negro que acompa\u00f1\u00f3 con un vistoso sombrero de ala ancha, accesorio habitual en este tipo de encuentros.<\/p>\n<p>45<\/p>\n<p>  <img src=\"https:\/\/www.europesays.com\/es\/wp-content\/uploads\/2025\/11\/8f6f04b93266-gettyimages-187170584.jpg\"   width=\"1080\" height=\"1080\" loading=\"lazy\" decoding=\"async\" alt=\"Keith Richards, Anita Pallenberg y su hijo, Marlon Richards\" fetchpriority=\"auto\" class=\"image hf-image\"\/>\u00a9 Getty Images<\/p>\n<p> Su lado m\u00e1s hippie<\/p>\n<p id=\"e3lW0cz3cFu\">No faltaban tampoco los conjuntos a todo color en el vestidor de la pareja, que lucieron especialmente durante su estancia en Villa Nellc\u00f4te, la mansi\u00f3n de la Costa Azul donde vivieron una temporada junto a su hijo Marlon y que se convirti\u00f3 en lugar de grabaci\u00f3n para el grupo, as\u00ed como en escenario de fiestas multitudinarias.<\/p>\n<p>55<\/p>\n<p>  <img src=\"https:\/\/www.europesays.com\/es\/wp-content\/uploads\/2025\/11\/82c530daecb7-gettyimages-638961585.jpg\"   width=\"1080\" height=\"1080\" loading=\"lazy\" decoding=\"async\" alt=\"Keith Richards con su pareja Anita Pallenberg en la boda de Mick Jagger en 1971\" fetchpriority=\"auto\" class=\"image hf-image\"\/>\u00a9 Getty Images<\/p>\n<p> En la boda de Mick Jagger<\/p>\n<p id=\"eOtmwAg9G2G\">Ninguno de los integrantes de The Rolling Stones se dejaba guiar por los convencionalismos, lo que qued\u00f3 reflejado en la boda de Mick y Bianca Jagger en 1971, en Saint Tropez. Sus invitados reflejaban aquel estilo glam rock propio de los setenta, como demostr\u00f3 Anita Pallenberg con un vestido tipo t\u00fanica en blanco, y Keith Richards, luciendo unos vistosos pantalones con brillante pedrer\u00eda.<\/p>\n","protected":false},"excerpt":{"rendered":"\u00abDurante un tiempo me consideraron el hombre mejor vestido del mundo y era porque me pon\u00eda la ropa&hellip;\n","protected":false},"author":2,"featured_media":261593,"comment_status":"","ping_status":"","sticky":false,"template":"","format":"standard","meta":{"footnotes":""},"categories":[170],"tags":[425,253,146,147,25,24,184,185,6997,23,2922],"class_list":{"0":"post-261592","1":"post","2":"type-post","3":"status-publish","4":"format-standard","5":"has-post-thumbnail","7":"category-musica","8":"tag-hola-fashion","9":"tag-discover","10":"tag-entertainment","11":"tag-entretenimiento","12":"tag-es","13":"tag-espana","14":"tag-music","15":"tag-musica","16":"tag-rolling-stones","17":"tag-spain","18":"tag-tendencias"},"share_on_mastodon":{"url":"https:\/\/pubeurope.com\/@es\/115631576465562662","error":""},"_links":{"self":[{"href":"https:\/\/www.europesays.com\/es\/wp-json\/wp\/v2\/posts\/261592","targetHints":{"allow":["GET"]}}],"collection":[{"href":"https:\/\/www.europesays.com\/es\/wp-json\/wp\/v2\/posts"}],"about":[{"href":"https:\/\/www.europesays.com\/es\/wp-json\/wp\/v2\/types\/post"}],"author":[{"embeddable":true,"href":"https:\/\/www.europesays.com\/es\/wp-json\/wp\/v2\/users\/2"}],"replies":[{"embeddable":true,"href":"https:\/\/www.europesays.com\/es\/wp-json\/wp\/v2\/comments?post=261592"}],"version-history":[{"count":0,"href":"https:\/\/www.europesays.com\/es\/wp-json\/wp\/v2\/posts\/261592\/revisions"}],"wp:featuredmedia":[{"embeddable":true,"href":"https:\/\/www.europesays.com\/es\/wp-json\/wp\/v2\/media\/261593"}],"wp:attachment":[{"href":"https:\/\/www.europesays.com\/es\/wp-json\/wp\/v2\/media?parent=261592"}],"wp:term":[{"taxonomy":"category","embeddable":true,"href":"https:\/\/www.europesays.com\/es\/wp-json\/wp\/v2\/categories?post=261592"},{"taxonomy":"post_tag","embeddable":true,"href":"https:\/\/www.europesays.com\/es\/wp-json\/wp\/v2\/tags?post=261592"}],"curies":[{"name":"wp","href":"https:\/\/api.w.org\/{rel}","templated":true}]}}