{"id":261606,"date":"2025-11-29T06:36:21","date_gmt":"2025-11-29T06:36:21","guid":{"rendered":"https:\/\/www.europesays.com\/es\/261606\/"},"modified":"2025-11-29T06:36:21","modified_gmt":"2025-11-29T06:36:21","slug":"mapa-de-las-pensiones-por-municipios-2025","status":"publish","type":"post","link":"https:\/\/www.europesays.com\/es\/261606\/","title":{"rendered":"Mapa de las pensiones por municipios 2025"},"content":{"rendered":"<p>M\u00e1s de 1.800 euros separan la <strong>pensi\u00f3n media<\/strong> que cobran los jubilados en <strong>Dega\u00f1a, un pueblo asturiano con larga tradici\u00f3n minera donde se superan los 2.500 euros<\/strong>, de los <strong>menos de 700 que perciben, de media, los de Cosa, en Teruel, o los de Olula de Castro, en Almer\u00eda<\/strong>, dos peque\u00f1as localidades de econom\u00eda esencialmente agraria. Entre ambos extremos se dibuja toda la geograf\u00eda de las pensiones de jubilaci\u00f3n en Espa\u00f1a, que ahora DatosRTVE permite recorrer con un <strong>mapa interactivo<\/strong> que recoge la informaci\u00f3n recopilada por el <a href=\"https:\/\/sede.seg-social.gob.es\/wps\/portal\/sede\/sede\/Ciudadanos\/CiudadanoDetalle\/!ut\/p\/z1\/rZVdU-IwFIZ_ixdchpx8tc3eVcdFEGRQq9AbJqQpdJd-2HZF_fUb1HFxldYZzE2bNHlz8rw5pzjEUxxm6j5ZqjrJM7W2_VnozBlxOJFAhj3on4IfjM4DySas1yf49nkC7Gk-4LB5_Q0OcaizuqhXeFaZyMx1ntUmS6K86sB2oAM6-ROpSGXbkcJklQ3N2FcKRHK-XV_oJMIzh1LtEM9FRkqBuAGGFgtHIkKJFwvheFyq13j3BASyNd7b7X4tCs8TmpA0bkKdlgm-wAMcLtf54sUgP1swb4nD0sSmNGX3T2mHV3Vd_OhABzabTbcyS1TlOlHr7hZc3wIuM1PPSQeSLDIP3VWdfqa0yqsaTz8o4JmF6O7Edx4c2_h-jiUPXApgKd0nZoODLC9TG-PVP48E19w2iiIgCnHGHSRjSZBxJeNcSRobjs-gbQd24A4v8mLsARkAHYIz8sCXk6tgeEEYuO6B8oM2_yxrWo5ORpZ1oeoVSrI4x9PSaGVvurb3G0-Bv-viWfLr7i70bbJs8-PB-rInW0xalKZStr8j0IH3ev_xBejZm2kZX90AJdBr4KsZZUrHBDFtOOKxy5GkUYy4R2PPMUJQLj_YRyZiKz_2-pcTAp77LfJ77eMHyg_a8vNz-95KkzWP7XS-bt2eQrer9oHsMQefjK8denZKYNxw9C-Vx0ayvabM_pL8oK28Hg7r9a_QwsnZfxATUeKYSCMlwWY4ZfYNpEJSGkWFioRWrZzogfLNnCbsG-oBBSE5xUUapB57RL8vz56G5hbNBvebzXWcniy8xwexEMt0Pjplz4_q5fPT8QUK3z6sl0dHfwFiZup7\/dz\/d5\/L2dBISEvZ0FBIS9nQSEh\/\" rel=\"nofollow noopener\" target=\"_blank\">Instituto Nacional de la Seguridad Social<\/a>.<\/p>\n<p>    Mapa Coropletas Pensiones Espa\u00f1a<\/p>\n<p>            Jubilaci\u00f3n<\/p>\n<p>            Incapacidad<\/p>\n<p>            Viudedad<\/p>\n<p>            Orfandad<\/p>\n<p>            Favor familiar<\/p>\n<p>            Total<\/p>\n<p>          &gt;<\/p>\n<p>        Pen\u00ednsula<\/p>\n<p>        Canarias<\/p>\n<p>\n      \u00d7\n    <\/p>\n<p>Adem\u00e1s de las prestaciones por jubilaci\u00f3n, el mapa la herramienta permite consultar las <strong>pensiones medias que se perciben en los m\u00e1s de 8.000 municipios de Espa\u00f1a<\/strong> por el resto de <strong>pensiones contributivas -incapacidad permanente, viudedad, orfandad y favor familiar<\/strong> (una prestaci\u00f3n para parientes que convivan con un trabajador fallecido y no tengan derecho a otra pensi\u00f3n, como nietos o hermanos)-, as\u00ed como la <strong>pensi\u00f3n media del conjunto del sistema en esa localidad<\/strong>. Para cada una de esas categor\u00edas, se puede comparar si la pensi\u00f3n media en cada municipio est\u00e1 por encima o por debajo de la <strong>media nacional<\/strong>, que en el caso de <strong>la de jubilaci\u00f3n es, a octubre de 2025, de 1.510,07 euros<\/strong>.<\/p>\n<p>Y es que las pensiones de jubilaci\u00f3n constituyen el <strong>pilar esencial del sistema de pensiones contributivas<\/strong>, aquellas que se perciben en funci\u00f3n de lo que se contribuy\u00f3 previamente a la caja com\u00fan con las cotizaciones a la Seguridad Social. Seg\u00fan los datos de octubre de este a\u00f1o, en Espa\u00f1a se perciben <strong>casi 10,4 millones de pensiones contributivas<\/strong>, de las que <strong>cerca de dos tercios, 6,6 millones, son prestaciones por jubilaci\u00f3n<\/strong>. <\/p>\n<p>Estas pensiones -entre las que no se incluyen <strong>otras 461.000 pensiones no contributivas y asistenciales, tambi\u00e9n a cargo de la Seguridad Social<\/strong>&#8211; se revalorizan cada a\u00f1o, por ley, en funci\u00f3n de la variaci\u00f3n media del \u00cdndice de Precios al Consumo entre diciembre y noviembre del a\u00f1o anterior, por lo que, si <a href=\"https:\/\/www.rtve.es\/noticias\/20251128\/inflacion-baja-noviembre\/16835610.shtml\" rel=\"nofollow noopener\" target=\"_blank\">la variaci\u00f3n interanual de los precios del 3% publicada este viernes por el Instituto Nacional de Estad\u00edstica<\/a> se confirma dentro de dos semanas, <strong><a href=\"https:\/\/www.rtve.es\/noticias\/20251128\/subida-pensiones-2026\/16833804.shtml\" rel=\"nofollow noopener\" target=\"_blank\">las prestaciones contributivas subir\u00e1n un 2,7% el pr\u00f3ximo a\u00f1o<\/a><\/strong>.<\/p>\n<p>A mayores salarios, mayores pensiones de jubilaci\u00f3n<\/p>\n<p>Esta subida llevar\u00eda la pensi\u00f3n media de jubilaci\u00f3n en Dega\u00f1a hasta los 2.584 euros, con 14 pagas, m\u00e1s del doble que el actual salario m\u00ednimo, mientras que los jubilados de Cosa todav\u00eda no alcanzar\u00edan, de media, los 700 euros, lo que les deja un 40% por debajo de los 1.184 euros en los que est\u00e1 fijado el SMI este a\u00f1o -aunque <a href=\"https:\/\/www.rtve.es\/noticias\/20251125\/ugt-ccoo-proponen-subir-smi-sujeto-tributacion\/16830283.shtml\" rel=\"nofollow noopener\" target=\"_blank\">los sindicatos han propuesto subirlo en 2026 hasta 1.273 euros mensuales<\/a>-. Una <strong>diferencia muy significativa<\/strong> que, responde en buena medida, al <strong>pasado econ\u00f3mico<\/strong> de ambas localidades.<\/p>\n<p>Las<strong> pensiones medias de jubilaci\u00f3n m\u00e1s elevadas se localizan en municipios de regiones mineras<\/strong> de Asturias (el ya mencionado Dega\u00f1a, pero tambi\u00e9n Riosa, Laviana o Mieres), de Le\u00f3n (Villablino o Palacios de Sil) y Teruel (Gargallo o Andorra). De hecho, <strong>cuando se compara la pensi\u00f3n de jubilaci\u00f3n media con la renta bruta media por persona del municipio <\/strong>en 2023 -el \u00faltimo dato disponible- se aprecia que en casi todas estas localidades<strong> las prestaciones por jubilaci\u00f3n superan en m\u00e1s de mil euros los ingresos medios actuales<\/strong>. <\/p>\n<p>Tambi\u00e9n se encuentran entre las pensiones medias m\u00e1s altas las de <strong>municipios que todav\u00eda hoy muestran niveles de renta elevados, lo que acaba por reflejarse en las prestaciones por jubilaci\u00f3n<\/strong>. Un ejemplo paradigm\u00e1tico es <strong>Pozuelo de Alarc\u00f3n<\/strong>, en Madrid, donde la pensi\u00f3n media tras el retiro supera los 2.000 euros, muy por encima de la media nacional, aunque significativamente por debajo de la renta bruta media por persona, que en 2023 era de 3.144 euros, <a href=\"https:\/\/www.rtve.es\/noticias\/20251001\/municipios-mas-renta-menos-pozuelo-brecha\/16751883.shtml\" rel=\"nofollow noopener\" target=\"_blank\">la m\u00e1s alta de todo el pa\u00eds<\/a>. Es un efecto que <strong>tambi\u00e9n se aprecia en Boadilla del Monte, tambi\u00e9n en Madrid, o en las localidades barcelonesas de Matadepera y Sant Just Desvern<\/strong>.<\/p>\n<p>Las <strong>pensiones de jubilaci\u00f3n m\u00e1s bajas, en cambio, se sit\u00faan en municipios de econom\u00eda ganadera o agraria<\/strong>, como los ya citados Cosa y Olula de Castro, pero tambi\u00e9n Eljas, en C\u00e1ceres, Mazuela, en Burgos, o Avi\u00f3n, en Ourense, que no llegan a 750 euros mensuales. Sin embargo, en estos casos la comparaci\u00f3n respecto a las rentas a veces arroja resultados m\u00e1s halag\u00fce\u00f1os de cara al futuro: en Mazuelas, por ejemplo, la renta bruta media per c\u00e1pita es de 1.566 euros, casi 840 m\u00e1s que la pensi\u00f3n media.<\/p>\n<p>Las pensiones m\u00e1s elevadas, en el Pa\u00eds Vasco<\/p>\n<p>En las <strong>grandes ciudades<\/strong>, la mayor poblaci\u00f3n y diversidad econ\u00f3mica diluye este tipo de efectos, de forma que <strong>la pensi\u00f3n de jubilaci\u00f3n y la renta bruta media por persona se encuentran habitualmente m\u00e1s cerca<\/strong>, aunque en <strong>centros industriales pujantes, como Algeciras, C\u00e1diz, Parla o Barakaldo, las pensiones baten a las rentas medias por entre 475 y m\u00e1s de 600 euros<\/strong>. Las prestaciones medias por jubilaci\u00f3n m\u00e1s elevadas entre las localidades de m\u00e1s de 100.000 habitantes se encuentran en la capital gaditana, en Rivas-Vaciamadrid y en Donostia\/San Sebasti\u00e1n, con m\u00e1s de 1.900 euros.<\/p>\n<p>Si se ampl\u00eda el foco a las regiones, <strong>las pensiones medias de jubilaci\u00f3n m\u00e1s elevadas se encuentran en las tres provincias vascas, donde se superan los 1.800 euros<\/strong>. Justo por debajo se encuentran Asturias y Madrid, mientras que en Barcelona la media cae hasta los 1.600 euros. Por el contrario,<strong> las prestaciones m\u00e1s reducidas son las de Lugo y Ourense, que no alcanzan los 1.200 euros<\/strong>, al tiempo que Ja\u00e9n, Almer\u00eda, C\u00e1ceres, C\u00f3rdoba y Zamora se quedan por debajo de los 1.300 euros, en promedio.<\/p>\n<p>El peso de las pensiones de jubilaci\u00f3n en el conjunto es tan acentuado que <strong>la clasificaci\u00f3n es pr\u00e1cticamente la misma cuando se considera la pensi\u00f3n total del sistema<\/strong>. Sin embargo, se pueden apreciar algunas diferencias cuando se analizan el resto de categor\u00edas: por ejemplo, Palencia es la provincia con pensi\u00f3n media de orfandad m\u00e1s alta, tan s\u00f3lo por detr\u00e1s de las tres provincias vascas, con casi 600 euros, en parte tambi\u00e9n por el sesgo al alza de municipios mineros como Guardo.<\/p>\n<p>El <strong>mapa interactivo<\/strong>, en cualquier caso, permite explorar las especificidades de cada municipio, al mostrar <strong>el peso que tiene cada tipo de prestaci\u00f3n contributiva en el conjunto de su poblaci\u00f3n, as\u00ed como la comparativa en cada caso con la media nacional<\/strong>. Un recorrido por uno de los pilares b\u00e1sicos del estado del bienestar en Espa\u00f1a, al tiempo que un mecanismo clave para la redistribuci\u00f3n de la renta y la reducci\u00f3n de la desigualdad entre personas y territorios.<\/p>\n","protected":false},"excerpt":{"rendered":"M\u00e1s de 1.800 euros separan la pensi\u00f3n media que cobran los jubilados en Dega\u00f1a, un pueblo asturiano con&hellip;\n","protected":false},"author":2,"featured_media":261607,"comment_status":"","ping_status":"","sticky":false,"template":"","format":"standard","meta":{"footnotes":""},"categories":[8],"tags":[17,18,25,24,13,14,11,19,20,9,10,15,16,23,12,21,22],"class_list":{"0":"post-261606","1":"post","2":"type-post","3":"status-publish","4":"format-standard","5":"has-post-thumbnail","7":"category-espana","8":"tag-breaking-news","9":"tag-breakingnews","10":"tag-es","11":"tag-espana","12":"tag-featured-news","13":"tag-featurednews","14":"tag-headlines","15":"tag-latest-news","16":"tag-latestnews","17":"tag-news","18":"tag-noticias","19":"tag-noticias-destacadas","20":"tag-noticiasdestacadas","21":"tag-spain","22":"tag-titulares","23":"tag-ultimas-noticias","24":"tag-ultimasnoticias"},"share_on_mastodon":{"url":"https:\/\/pubeurope.com\/@es\/115631606101098587","error":""},"_links":{"self":[{"href":"https:\/\/www.europesays.com\/es\/wp-json\/wp\/v2\/posts\/261606","targetHints":{"allow":["GET"]}}],"collection":[{"href":"https:\/\/www.europesays.com\/es\/wp-json\/wp\/v2\/posts"}],"about":[{"href":"https:\/\/www.europesays.com\/es\/wp-json\/wp\/v2\/types\/post"}],"author":[{"embeddable":true,"href":"https:\/\/www.europesays.com\/es\/wp-json\/wp\/v2\/users\/2"}],"replies":[{"embeddable":true,"href":"https:\/\/www.europesays.com\/es\/wp-json\/wp\/v2\/comments?post=261606"}],"version-history":[{"count":0,"href":"https:\/\/www.europesays.com\/es\/wp-json\/wp\/v2\/posts\/261606\/revisions"}],"wp:featuredmedia":[{"embeddable":true,"href":"https:\/\/www.europesays.com\/es\/wp-json\/wp\/v2\/media\/261607"}],"wp:attachment":[{"href":"https:\/\/www.europesays.com\/es\/wp-json\/wp\/v2\/media?parent=261606"}],"wp:term":[{"taxonomy":"category","embeddable":true,"href":"https:\/\/www.europesays.com\/es\/wp-json\/wp\/v2\/categories?post=261606"},{"taxonomy":"post_tag","embeddable":true,"href":"https:\/\/www.europesays.com\/es\/wp-json\/wp\/v2\/tags?post=261606"}],"curies":[{"name":"wp","href":"https:\/\/api.w.org\/{rel}","templated":true}]}}