{"id":261608,"date":"2025-11-29T06:37:37","date_gmt":"2025-11-29T06:37:37","guid":{"rendered":"https:\/\/www.europesays.com\/es\/261608\/"},"modified":"2025-11-29T06:37:37","modified_gmt":"2025-11-29T06:37:37","slug":"calahorra-inaugura-la-navidad-con-la-apertura-de-su-mercado-navideno","status":"publish","type":"post","link":"https:\/\/www.europesays.com\/es\/261608\/","title":{"rendered":"Calahorra inaugura la Navidad con la apertura de su Mercado navide\u00f1o"},"content":{"rendered":"<p>                            <img width=\"1400\" height=\"2050\" src=\"https:\/\/www.europesays.com\/es\/wp-content\/uploads\/2025\/11\/CARTEL-MERCADO-NAVIDENO-2025.jpg\" class=\"attachment-post-thumbnail size-post-thumbnail wp-post-image\" alt=\"\" decoding=\"async\" fetchpriority=\"high\"  \/>                            <\/p>\n<ul>\n<li><strong>Un total de 28 casetas participan en esta d\u00e9cima cuarta edici\u00f3n que se celebrar\u00e1 del 28 al 30 de noviembre en la plaza de El Raso y la calle Grande<\/strong><\/li>\n<li><strong>Durante este fin de semana se desarrollar\u00e1n en el Mercado m\u00e1s de 30 actividades dirigidas a todos los p\u00fablicos<\/strong><\/li>\n<\/ul>\n<p>Calahorra inicia la Navidad esta tarde con la apertura del Mercado navide\u00f1o a las 17:00 horas y el encendido del alumbrado a las 19:00 horas.<\/p>\n<p>La plaza de El Raso y la calle Grande acogen las 28 casetas de madera en las que comerciantes, artesanos y asociaciones locales ofrecen productos t\u00edpicos de estas fechas: regalos, gastronom\u00eda, artesan\u00eda, decoraci\u00f3n, flores, etc.<\/p>\n<p>El Mercado navide\u00f1o puede visitarse el 28 de noviembre de 17:00 a 20:30 horas y el s\u00e1bado y el domingo de 11:00 a 14:00 horas y de 17:00 a 20:30 horas.<\/p>\n<p>La concejala de Cultura y Turismo, Reyes Zapata, ha destacado que \u201ces una cita muy esperada que marca el comienzo de la Navidad calagurritana y llena de magia la ciudad, adem\u00e1s dinamiza la actividad comercial y convierte a Calahorra en un punto de encuentro para vecinos y visitantes y en un destino para disfrutar de la Navidad\u201d.<\/p>\n<p>La programaci\u00f3n comienza esta misma tarde a las 18:00 horas con el taller infantil \u2018Bolas de \u00e1rbol navide\u00f1as\u2019, organizado por el Consejo de la Juventud Comarcal de Calahorra, y el reparto de chocolate del grupo Scout Nuestra Se\u00f1ora de Guadalupe a las 19:30 horas en la plaza de El Raso.<\/p>\n<p>Durante este fin de semana se desarrollar\u00e1n en el Mercado m\u00e1s de 30 actividades dirigidas a todos los p\u00fablicos con talleres, actuaciones musicales, catas gastron\u00f3micas, visitas guiadas, espect\u00e1culos y teatro.<\/p>\n<p>Adem\u00e1s, el s\u00e1bado y el domingo se instalar\u00e1n 3 hinchables en la plaza del Mercado y el aparcamiento de la calle Coliceo: \u2018El gran descenso polar con 30 metros de trineo\u2019, \u2018La Casita de cuento\u2019 e hinchables m\u00e1gicos para la diversi\u00f3n de los m\u00e1s peque\u00f1os y tambi\u00e9n de mayores.<\/p>\n<p>El Mercado navide\u00f1o celebra su d\u00e9cima cuarta edici\u00f3n con la participaci\u00f3n de las florister\u00edas Herga, Jennifer Romanos y Silvia; las pasteler\u00edas Flor y Nata, Dulce en Boca, Tartdekor y Kate-Cakes La Leal; las tiendas de decoraci\u00f3n Proyecci\u00f3n 10 y Capitel; el Consejo Comarcal de la Juventud de Calahorra; la asociaci\u00f3n de Belenistas calagurritanos y de Logro\u00f1o; Dulces El Avi\u00f3n; Banderillas y encurtidos \u2018Moni\u2019; Fuertes Gourmet; Casa Granel; Montecelo; Mis Recortes; Miguitas Mi Pan; Copy&amp;Dec\u00f3; M\u00e4nual, ropa de cabeza; mermeladas Anamela; librer\u00eda Dos m\u00e1s Tres; Sensaciones; Mimo\u2019s Cream; El Desv\u00e1n Vac\u00edo; Doc Design y Con-Sentidos.<\/p>\n<p>Del 28 al 30 de noviembre Calahorra se llenar\u00e1 de ilusi\u00f3n y ambiente festivo y el esp\u00edritu navide\u00f1o invadir\u00e1 la ciudad.<\/p>\n<p><strong>Programa<\/strong>:<\/p>\n<p><strong>S\u00e1bado, 29 de noviembre: talleres, m\u00fasica y sabor riojano<\/strong><\/p>\n<p><strong>11 h. Apertura del Mercado.<\/strong> Calle Grande y plaza del Raso<\/p>\n<p>\u00a0<\/p>\n<p><strong>12 h. Taller infantil y gratuito \u2018Mandalas navide\u00f1as\u2019<\/strong><\/p>\n<p>Colabora: Consejo de la Juventud Comarcal de Calahorra<\/p>\n<p><strong>Lugar<\/strong>: caseta del CJCC<\/p>\n<p><strong>12 h. Visita guiada a la Catedral de Santa Mar\u00eda<\/strong><\/p>\n<p><strong>Punto de encuentro<\/strong>: p\u00f3rtico de la Catedral. M\u00ednimo 4 personas<\/p>\n<p>Tarifa: 7 \u20ac. Informaci\u00f3n: 941 13 00 98. www.catedralcalahorra.es<\/p>\n<p>Organiza: Catedral de Santa Mar\u00eda<\/p>\n<p><strong>\u00a0<\/strong><\/p>\n<p><strong>12:15 h. Concierto de la Banda Juvenil de la Escuela Municipal de M\u00fasica y Artes Esc\u00e9nicas \u2018Maestro Arroyo\u2019<\/strong><\/p>\n<p><strong>Lugar<\/strong>: plaza del Raso. En caso de lluvia se realizar\u00e1 en la plaza de Abastos<\/p>\n<p>\u00a0<\/p>\n<p><strong>12:15 h. \u2018El mago de los globos encantados\u2019<\/strong><\/p>\n<p><strong>Lugar<\/strong>: plaza del Raso<\/p>\n<p><strong>\u00a0<\/strong><\/p>\n<p><strong>12:30 h. Taller navide\u00f1o de pi\u00f1as animadas<\/strong><\/p>\n<p>Organiza: club cultural y de coleccionismo \u2018El Lazarillo\u2019<\/p>\n<p>Precio: 1 \u20ac o 1 kg. de alimentos para entregar a una oeneg\u00e9 de Calahorra<\/p>\n<p><strong>Lugar<\/strong>: plaza de Abastos<\/p>\n<p><strong>\u00a0<\/strong><\/p>\n<p><strong>13:15 h. Taller infantil y gratuito \u2018Devora y decora brochetas de arbolitos de Navidad\u2019<\/strong><\/p>\n<p>Plazas limitadas. Inscripci\u00f3n previa <a href=\"https:\/\/losbolos.es\/reservas-mercado-navideno\/\" rel=\"nofollow noopener\" target=\"_blank\">https:\/\/losbolos.es\/reservas-mercado-navideno\/<\/a><\/p>\n<p><strong>Lugar<\/strong>: sede de la pe\u00f1a Philips<\/p>\n<p><strong>\u00a0<\/strong><\/p>\n<p><strong>17:15 h. Taller infantil y gratuito \u2018Manitas creativas: bolita de Navidad para iluminar tu abeto\u2019<\/strong><\/p>\n<p><strong>Lugar<\/strong>: sede de la pe\u00f1a Philips. Inscripci\u00f3n previa <a href=\"https:\/\/losbolos.es\/reservas-mercado-navideno\/\" rel=\"nofollow noopener\" target=\"_blank\">https:\/\/losbolos.es\/reservas-mercado-navideno\/<\/a><\/p>\n<p>\u00a0<\/p>\n<p><strong>18 h. Taller infantil y gratuito \u2018Dise\u00f1a tu chapa navide\u00f1a\u2019<\/strong><\/p>\n<p>Colabor<strong>a<\/strong>: Consejo de la Juventud Comarcal de Calahorra<\/p>\n<p><strong>Lugar<\/strong>: caseta del CJCC<\/p>\n<p><strong>\u00a0<\/strong><\/p>\n<p><strong>18 a 20 h. \u2018Navidad m\u00e1gica: Pap\u00e1 Noel te escucha y el \u00e1rbol guarda tus deseos\u2019 <\/strong><\/p>\n<p>Sesi\u00f3n fotogr\u00e1fica. Se regalar\u00e1 la fotograf\u00eda<\/p>\n<p><strong>Lugar<\/strong>: plaza del Raso<\/p>\n<p>\u00a0<\/p>\n<p><strong>18:15 h. Concierto de Navidad \u2018Villancicos bajo las estrellas\u2019 con <\/strong><strong>Marta Jim\u00e9nez (soprano l\u00edrica), Mar Ruiz Mart\u00edn (cantante de jazz) y Diego Belzunegui al piano<\/strong><\/p>\n<p><strong>Lugar<\/strong>: plaza del Raso (en caso de mal tiempo se celebrar\u00e1 en la plaza de Abastos)<\/p>\n<p>\u00a0<\/p>\n<p><strong>18:30 h. Taller de Navidad con lazos y botones<\/strong><\/p>\n<p>Organiza: club cultural y de coleccionismo \u2018El Lazarillo\u2019<\/p>\n<p>Precio: 1 \u20ac o 1 kg. de alimentos para entregar a una oeneg\u00e9 de Calahorra<\/p>\n<p>Lugar: plaza de Abastos<\/p>\n<p>\u00a0<\/p>\n<p><strong>19:15 h. Cata gourmet de pinchos y vinos riojanos \u2018Caprichos de invierno\u2019<\/strong><\/p>\n<p>\u2018Mu\u00f1eco de nieve Caprese\u2019 maridado con Marqu\u00e9s del Atrio blanco<\/p>\n<p>\u2018Estrella de adviento con langostino, mango y menta\u2019 maridado con espumoso de Benito Escudero Abad<\/p>\n<p>Inscripci\u00f3n en <a href=\"https:\/\/losbolos.es\/reservas-mercado-navideno\/\" rel=\"nofollow noopener\" target=\"_blank\">https:\/\/losbolos.es\/reservas-mercado-navideno\/<\/a><\/p>\n<p>Precio: 3 \u20ac por persona. Plazas limitadas<\/p>\n<p><strong>Lugar<\/strong>: sede de la pe\u00f1a Philips<\/p>\n<p>\u00a0<\/p>\n<p><strong>19:30 h. Taller creativo de Lego<\/strong><\/p>\n<p>Organiza: club cultural y de coleccionismo \u2018El Lazarillo\u2019<\/p>\n<p>Precio: 1 \u20ac o 1 kg. de alimentos para entregar a una oeneg\u00e9 de Calahorra<\/p>\n<p><strong>Lugar<\/strong>: plaza de Abastos<\/p>\n<p>\u00a0<\/p>\n<p><strong>20:30 h. Cierre de la segunda jornada del Mercado Navide\u00f1o<\/strong><\/p>\n<p>\u00a0<\/p>\n<p><strong>Domingo, 30 de noviembre: magia, ajedrez y visita de los mu\u00f1ecos amigos<\/strong><\/p>\n<p><strong>11 h. Apertura del Mercado. <\/strong>Calle Grande y plaza del Raso<\/p>\n<p>\u00a0<\/p>\n<p><strong>11 h. Taller navide\u00f1o de pi\u00f1as animadas<\/strong><\/p>\n<p>Organiza: club cultural y de coleccionismo \u2018El Lazarillo\u2019<\/p>\n<p>Precio: 1 \u20ac o 1 kg. de alimentos para entregar a una oeneg\u00e9 de Calahorra<\/p>\n<p><strong>Lugar<\/strong>: plaza de Abastos<\/p>\n<p><strong>\u00a0<\/strong><\/p>\n<p><strong>12 h. Taller infantil y gratuito \u2018Mariposas brillantes\u2019<\/strong><\/p>\n<p>Colabora: Consejo de la Juventud Comarcal de Calahorra<\/p>\n<p><strong>Lugar<\/strong>: caseta del CJCC<\/p>\n<p>\u00a0<\/p>\n<p><strong>12:15 h. Trucos, globos y risas con el mago Juancho<\/strong><\/p>\n<p>Elaboraci\u00f3n de figuras con globos y juegos para ni\u00f1os<\/p>\n<p><strong>Lugar<\/strong>: plaza del Raso<\/p>\n<p>\u00a0<\/p>\n<p><strong>12:30 h. Taller gratuito de elaboraci\u00f3n de centros de mesa navide\u00f1os \u2018Jard\u00edn de invierno\u2019<\/strong><\/p>\n<p>Para adultos. Plazas limitadas<\/p>\n<p><strong>Lugar<\/strong>: sede de la pe\u00f1a Philips. Inscripci\u00f3n previa en <a href=\"https:\/\/losbolos.es\/reservas-mercado-navideno\/\" rel=\"nofollow noopener\" target=\"_blank\">https:\/\/losbolos.es\/reservas-mercado-navideno\/<\/a><\/p>\n<p><strong>\u00a0<\/strong><\/p>\n<p><strong>12:30 a 14 h. La visita m\u00e1s esperada \u2018Un selfie con tus mu\u00f1ecos amigos\u2019\u00a0 <\/strong><\/p>\n<p><strong>Lugar<\/strong>: plaza del Raso y calle Grande<\/p>\n<p>\u00a0<\/p>\n<p><strong>12:30 h. Taller creativo de Lego\u00a0\u00a0\u00a0\u00a0\u00a0\u00a0\u00a0 <\/strong><\/p>\n<p>Organiza: club cultural y de coleccionismo \u2018El Lazarillo\u2019<\/p>\n<p>Precio: 1 \u20ac o 1 kg. de alimentos para entregar a una oeneg\u00e9 de Calahorra<\/p>\n<p><strong>Lugar<\/strong>: plaza de Abastos<\/p>\n<p>\u00a0<\/p>\n<p><strong>18 a 20 h. \u2018Navidad m\u00e1gica: Pap\u00e1 Noel te escucha y el \u00e1rbol guarda tus deseos\u2019 <\/strong><\/p>\n<p>Sesi\u00f3n fotogr\u00e1fica. Se regalar\u00e1 la fotograf\u00eda<\/p>\n<p><strong>Lugar<\/strong>: plaza del Raso<\/p>\n<p><strong>\u00a0<\/strong><\/p>\n<p><strong>18 h. Partidas r\u00e1pidas de ajedrez con tablero navide\u00f1o y taller de imanes<\/strong><\/p>\n<p>Colabora: Consejo de la Juventud Comarcal de Calahorra<\/p>\n<p><strong>Lugar<\/strong>: caseta del CJCC<\/p>\n<p><strong>\u00a0<\/strong><\/p>\n<p><strong>18:15 h.\u00a0 Animaci\u00f3n teatral \u2018La ni\u00f1era voladora y el maestro de las chimeneas\u2019<\/strong><\/p>\n<p><strong>Lugar<\/strong>: calle Grande y plaza del Raso<\/p>\n<p><strong>\u00a0<\/strong><\/p>\n<p><strong>19:15 h. \u2018Un abrazo dulce con chocolate y bollo\u2019<\/strong><\/p>\n<p><strong>Lugar<\/strong>: calle Grande (en caso de mal tiempo, portales de calle Grande)<\/p>\n<p><strong>\u00a0<\/strong><\/p>\n<p><strong>20:30 h. Clausura del XIV Mercado Navide\u00f1o<\/strong><\/p>\n","protected":false},"excerpt":{"rendered":"Un total de 28 casetas participan en esta d\u00e9cima cuarta edici\u00f3n que se celebrar\u00e1 del 28 al 30&hellip;\n","protected":false},"author":2,"featured_media":261609,"comment_status":"","ping_status":"","sticky":false,"template":"","format":"standard","meta":{"footnotes":""},"categories":[5],"tags":[17,18,25,24,13,14,11,19,20,9,10,15,16,23,12,21,22],"class_list":{"0":"post-261608","1":"post","2":"type-post","3":"status-publish","4":"format-standard","5":"has-post-thumbnail","7":"category-titulares","8":"tag-breaking-news","9":"tag-breakingnews","10":"tag-es","11":"tag-espana","12":"tag-featured-news","13":"tag-featurednews","14":"tag-headlines","15":"tag-latest-news","16":"tag-latestnews","17":"tag-news","18":"tag-noticias","19":"tag-noticias-destacadas","20":"tag-noticiasdestacadas","21":"tag-spain","22":"tag-titulares","23":"tag-ultimas-noticias","24":"tag-ultimasnoticias"},"share_on_mastodon":{"url":"https:\/\/pubeurope.com\/@es\/115631610044720778","error":""},"_links":{"self":[{"href":"https:\/\/www.europesays.com\/es\/wp-json\/wp\/v2\/posts\/261608","targetHints":{"allow":["GET"]}}],"collection":[{"href":"https:\/\/www.europesays.com\/es\/wp-json\/wp\/v2\/posts"}],"about":[{"href":"https:\/\/www.europesays.com\/es\/wp-json\/wp\/v2\/types\/post"}],"author":[{"embeddable":true,"href":"https:\/\/www.europesays.com\/es\/wp-json\/wp\/v2\/users\/2"}],"replies":[{"embeddable":true,"href":"https:\/\/www.europesays.com\/es\/wp-json\/wp\/v2\/comments?post=261608"}],"version-history":[{"count":0,"href":"https:\/\/www.europesays.com\/es\/wp-json\/wp\/v2\/posts\/261608\/revisions"}],"wp:featuredmedia":[{"embeddable":true,"href":"https:\/\/www.europesays.com\/es\/wp-json\/wp\/v2\/media\/261609"}],"wp:attachment":[{"href":"https:\/\/www.europesays.com\/es\/wp-json\/wp\/v2\/media?parent=261608"}],"wp:term":[{"taxonomy":"category","embeddable":true,"href":"https:\/\/www.europesays.com\/es\/wp-json\/wp\/v2\/categories?post=261608"},{"taxonomy":"post_tag","embeddable":true,"href":"https:\/\/www.europesays.com\/es\/wp-json\/wp\/v2\/tags?post=261608"}],"curies":[{"name":"wp","href":"https:\/\/api.w.org\/{rel}","templated":true}]}}