{"id":261614,"date":"2025-11-29T06:45:17","date_gmt":"2025-11-29T06:45:17","guid":{"rendered":"https:\/\/www.europesays.com\/es\/261614\/"},"modified":"2025-11-29T06:45:17","modified_gmt":"2025-11-29T06:45:17","slug":"anthony-davis-pantorrilla-regresara-contra-los-lakers","status":"publish","type":"post","link":"https:\/\/www.europesays.com\/es\/261614\/","title":{"rendered":"Anthony Davis (pantorrilla) regresar\u00e1 contra los Lakers"},"content":{"rendered":"<ul class=\"authors\">\n<li>\n<p>Tim MacMahon<\/p>\n<p><a class=\"icon-font-after icon-close-solid-after\" href=\"#\">Cerrar<\/a><img decoding=\"async\" alt=\"\" class=\"author-img\" src=\"https:\/\/www.europesays.com\/es\/wp-content\/uploads\/2025\/11\/1764398716_313_macmahon_tim.png&#038;h=80&#038;w=80&#038;scale=crop.png\"\/><\/p>\n<p>Tim MacMahon<\/p>\n<p>ESPN Staff Writer<\/p>\n<ul>\n<li>Joined ESPNDallas.com in September 2009<\/li>\n<li>Covers the Dallas Cowboys and Dallas Mavericks<\/li>\n<li>Appears regularly on ESPN Dallas 103.3 FM<\/li>\n<\/ul>\n<\/li>\n<li>\n<p>Shams Charania<\/p>\n<p><a class=\"icon-font-after icon-close-solid-after\" href=\"#\">Cerrar<\/a><img decoding=\"async\" alt=\"\" class=\"author-img\" src=\"https:\/\/www.europesays.com\/es\/wp-content\/uploads\/2025\/11\/1764398717_642_charania_shams.png&#038;h=80&#038;w=80&#038;scale=crop.png\"\/><\/p>\n<p>Shams Charania<\/p>\n<p>Senior NBA Insider<\/p>\n<ul>Shams Charania is a senior NBA insider for ESPN. Charania reports NBA news and information across ESPN platforms and also contributes to ESPN&#8217;s exclusive coverage of the NBA draft. Charania has previously worked for FanDuel TV, Stadium, The Athletic, Yahoo Sports, RealGM and ChicagoNow. He is a Chicago native and graduated from Loyola University in 2017.<\/ul>\n<\/li>\n<\/ul>\n<p>28  de  nov, 2025, 13:40 ETSer\u00e1 la primera vez que Anthony Davis enfrente a su exequipo desde el intercambio en febrero.<\/p>\n<p>LOS \u00c1NGELES &#8212; El ala-p\u00edvot\/p\u00edvot estrella de los <strong><a data-clubhouse-guid=\"f00d1f4e-4ce6-d581-466c-5b52531cf7ad\" href=\"https:\/\/espndeportes.espn.com\/basquetbol\/nba\/equipo\/_\/nombre\/dal\/dallas-mavericks\" rel=\"nofollow noopener\" target=\"_blank\">Dallas Mavericks<\/a>, <a data-player-guid=\"dcf63163-4dbf-c59d-1920-3ecc2f8bd5fb\" href=\"https:\/\/espndeportes.espn.com\/basquetbol\/nba\/jugador\/_\/id\/6583\/anthony-davis\" rel=\"nofollow noopener\" target=\"_blank\">Anthony Davis<\/a><\/strong>, quien ha estado de baja durante el \u00faltimo mes por una distensi\u00f3n en la pantorrilla, planea volver a la acci\u00f3n contra<strong> <a data-clubhouse-guid=\"2876e98b-b9bc-2920-4319-46e6943f8be4\" href=\"https:\/\/espndeportes.espn.com\/basquetbol\/nba\/equipo\/_\/nombre\/lal\/los-angeles-lakers\" rel=\"nofollow noopener\" target=\"_blank\">Los Angeles Lakers<\/a><\/strong> el viernes por la noche, seg\u00fan informaron fuentes a ESPN.<\/p>\n<p>Ser\u00e1 la primera vez que el campe\u00f3n de la NBA de 2020 se enfrente a su exequipo en Los \u00c1ngeles desde el intercambio de febrero que envi\u00f3 a Davis a los Mavs como parte del paquete a cambio del base estrella <strong><a data-player-guid=\"583794eb-0f38-9bbd-3e25-9dd33b7f83b8\" href=\"https:\/\/espndeportes.espn.com\/basquetbol\/nba\/jugador\/_\/id\/3945274\/luka-doncic\" rel=\"nofollow noopener\" target=\"_blank\">Luka Doncic<\/a><\/strong>.<\/p>\n<p>Davis, quien ha estado de baja desde el 29 de octubre, originalmente ten\u00eda previsto un partido como visitante el 8 de noviembre contra los <a data-clubhouse-guid=\"64d73af6-b8ec-e213-87e8-a4eab3a692e7\" href=\"https:\/\/espndeportes.espn.com\/basquetbol\/nba\/equipo\/_\/nombre\/wsh\/washington-wizards\" rel=\"nofollow noopener\" target=\"_blank\">Washington Wizards<\/a> como su fecha de regreso. Sin embargo, el gobernador de los Mavs, Patrick Dumont, pospuso ese plan, siguiendo el consejo del director de salud y rendimiento de Dallas, Johann Bilsborough, al insistir en que Davis no recibir\u00eda autorizaci\u00f3n para jugar hasta que hubiera datos m\u00e9dicos que indicaran que no corr\u00eda riesgo de agravar la distensi\u00f3n en la pantorrilla.<\/p>\n<p><img class=\" lazyload lazyload\" data-image-container=\".inline-photo\" height=\"320\" width=\"570\"\/>Anthony Davis, quien ha estado de baja durante el \u00faltimo mes por una distensi\u00f3n en la pantorrilla, planea volver a la acci\u00f3n contra los Lakers el viernes por la noche.\u00a0Sam Hodde\/NBAE via Getty Images<\/p>\n<p>Despu\u00e9s del entrenamiento del mi\u00e9rcoles, Davis inform\u00f3 a los periodistas que jugar\u00eda en un partido consecutivo de los Mavs contra los dos equipos angelinos. \u00abYa saben qu\u00e9 partido quiero jugar\u00bb, dijo, refiri\u00e9ndose al enfrentamiento con su exequipo. \u00abPero ya veremos\u00bb.<\/p>\n<p>El plan ahora es que Davis se pierda el partido del s\u00e1bado contra los <a data-clubhouse-guid=\"083a58a6-b849-3501-e67b-059290d12295\" href=\"https:\/\/espndeportes.espn.com\/basquetbol\/nba\/equipo\/_\/nombre\/lac\/la-clippers\" rel=\"nofollow noopener\" target=\"_blank\">LA Clippers<\/a> y est\u00e9 disponible para el partido del lunes como visitante contra los <a data-clubhouse-guid=\"c4aceb39-0eb9-a30b-1120-9cb5b12b677a\" href=\"https:\/\/espndeportes.espn.com\/basquetbol\/nba\/equipo\/_\/nombre\/den\/denver-nuggets\" rel=\"nofollow noopener\" target=\"_blank\">Denver Nuggets<\/a>. Davis regresa 17 d\u00edas despu\u00e9s del despido del gerente general de los Mavs, Nico Harrison, y ante la expectativa de que los Mavs exploren el mercado de traspasos antes de la fecha l\u00edmite de principios de febrero.<\/p>\n<p>\u00abEso no me afecta, he estado en negociaciones para un traspaso durante un tiempo\u00bb, dijo Davis. \u00abMi trabajo es hacer lo que hago cuando estoy en la cancha: jugar al baloncesto e intentar liderar al equipo. Lo que salga de ah\u00ed, saldr\u00e1 de ah\u00ed. Realmente no tengo ning\u00fan control sobre eso, pero tengo una l\u00ednea de comunicaci\u00f3n abierta con la gerencia y estoy listo para volver a la cancha\u00bb.<\/p>\n","protected":false},"excerpt":{"rendered":"Tim MacMahon Cerrar Tim MacMahon ESPN Staff Writer Joined ESPNDallas.com in September 2009 Covers the Dallas Cowboys and&hellip;\n","protected":false},"author":2,"featured_media":261615,"comment_status":"","ping_status":"","sticky":false,"template":"","format":"standard","meta":{"footnotes":""},"categories":[269],"tags":[299,298,168,25,24,23,167],"class_list":{"0":"post-261614","1":"post","2":"type-post","3":"status-publish","4":"format-standard","5":"has-post-thumbnail","7":"category-baloncesto","8":"tag-baloncesto","9":"tag-basketball","10":"tag-deportes","11":"tag-es","12":"tag-espana","13":"tag-spain","14":"tag-sports"},"share_on_mastodon":{"url":"https:\/\/pubeurope.com\/@es\/115631641998165514","error":""},"_links":{"self":[{"href":"https:\/\/www.europesays.com\/es\/wp-json\/wp\/v2\/posts\/261614","targetHints":{"allow":["GET"]}}],"collection":[{"href":"https:\/\/www.europesays.com\/es\/wp-json\/wp\/v2\/posts"}],"about":[{"href":"https:\/\/www.europesays.com\/es\/wp-json\/wp\/v2\/types\/post"}],"author":[{"embeddable":true,"href":"https:\/\/www.europesays.com\/es\/wp-json\/wp\/v2\/users\/2"}],"replies":[{"embeddable":true,"href":"https:\/\/www.europesays.com\/es\/wp-json\/wp\/v2\/comments?post=261614"}],"version-history":[{"count":0,"href":"https:\/\/www.europesays.com\/es\/wp-json\/wp\/v2\/posts\/261614\/revisions"}],"wp:featuredmedia":[{"embeddable":true,"href":"https:\/\/www.europesays.com\/es\/wp-json\/wp\/v2\/media\/261615"}],"wp:attachment":[{"href":"https:\/\/www.europesays.com\/es\/wp-json\/wp\/v2\/media?parent=261614"}],"wp:term":[{"taxonomy":"category","embeddable":true,"href":"https:\/\/www.europesays.com\/es\/wp-json\/wp\/v2\/categories?post=261614"},{"taxonomy":"post_tag","embeddable":true,"href":"https:\/\/www.europesays.com\/es\/wp-json\/wp\/v2\/tags?post=261614"}],"curies":[{"name":"wp","href":"https:\/\/api.w.org\/{rel}","templated":true}]}}