{"id":261618,"date":"2025-11-29T06:47:12","date_gmt":"2025-11-29T06:47:12","guid":{"rendered":"https:\/\/www.europesays.com\/es\/261618\/"},"modified":"2025-11-29T06:47:12","modified_gmt":"2025-11-29T06:47:12","slug":"dulce-desvela-nuevos-detalles-del-fatidico-episodio-de-la-manguera-entre-kiko-rivera-e-isa-pantoja","status":"publish","type":"post","link":"https:\/\/www.europesays.com\/es\/261618\/","title":{"rendered":"Dulce desvela nuevos detalles del fat\u00eddico episodio de la manguera entre Kiko Rivera e Isa Pantoja"},"content":{"rendered":"<p data-journey-content=\"true\" data-node-id=\"3\" class=\"css-6wxqfj emevuu60\">La que fuera la ni\u00f1era de <a href=\"https:\/\/diezminutos.es\/isa-pantoja\" target=\"_blank\" data-node-id=\"3.1\" class=\"css-177bzfx emevuu60\" rel=\"nofollow noopener\">Isa Pantoja<\/a>, Dulce, se ha sentado ante las c\u00e1maras de &#8216;De Viernes&#8217; para hablar de los <strong data-node-id=\"3.3\">episodios nunca antes mencionados que ocurrieron en Cantora <\/strong>durante la infancia y adolescencia de la hija de <a href=\"https:\/\/diezminutos.es\/isabel-pantoja\" target=\"_blank\" data-node-id=\"3.5\" class=\"css-177bzfx emevuu60\" rel=\"nofollow noopener\">Isabel Pantoja<\/a>. Episodios entre los que ha destacado el <a href=\"https:\/\/www.diezminutos.es\/famosos-corazon\/famosos-espanoles\/a62991959\/isa-pantoja-revela-episodio-manguera-de-viernes\/\" target=\"_blank\" data-vars-ga-outbound-link=\"https:\/\/www.diezminutos.es\/famosos-corazon\/famosos-espanoles\/a62991959\/isa-pantoja-revela-episodio-manguera-de-viernes\/\" data-vars-ga-ux-element=\"Hyperlink\" data-vars-ga-call-to-action=\"relato del fat\u00eddico d\u00eda de &quot;la manguera&quot;\" data-node-id=\"3.7\" class=\"body-link css-177bzfx emevuu60\" rel=\"nofollow noopener\">relato del fat\u00eddico d\u00eda de \u00abla manguera\u00bb<\/a>, el que fuera m\u00e1s traum\u00e1tico para Isa Pantoja y que ella misma cont\u00f3 en directo hace meses en el plat\u00f3 del programa. Ahora, despu\u00e9s de que <a href=\"https:\/\/diezminutos.es\/kiko-rivera\" target=\"_blank\" data-node-id=\"3.9\" class=\"css-177bzfx emevuu60\" rel=\"nofollow noopener\">Kiko Rivera<\/a> reiterara y <a href=\"https:\/\/www.diezminutos.es\/famosos-corazon\/famosos-espanoles\/a69441875\/titulares-entrevista-kiko-rivera-de-viernes-casi-no-recuerdo-a-mi-madre\/\" target=\"_blank\" data-vars-ga-outbound-link=\"https:\/\/www.diezminutos.es\/famosos-corazon\/famosos-espanoles\/a69441875\/titulares-entrevista-kiko-rivera-de-viernes-casi-no-recuerdo-a-mi-madre\/\" data-vars-ga-ux-element=\"Hyperlink\" data-vars-ga-call-to-action=\"reconociera por primera en televisi\u00f3n lo que ocurri\u00f3,\" data-node-id=\"3.11\" class=\"body-link css-177bzfx emevuu60\" rel=\"nofollow noopener\">reconociera por primera en televisi\u00f3n lo que ocurri\u00f3,<\/a> Dulce ha matizado algunos detalles.<\/p>\n<p data-journey-content=\"true\" data-node-id=\"6\" class=\"css-6wxqfj emevuu60\">En su entrevista, Kiko aseguraba que se sent\u00eda v<strong data-node-id=\"6.1\">\u00edctima de una presi\u00f3n que pudo con \u00e9l:<\/strong> \u00abLa situaci\u00f3n me ven\u00eda grande. No me correspond\u00eda\u00bb, sostuvo durante su relato, justificando que no estaba en su \u00abmejor momento\u00bb y achacando a su enfermedad el c\u00f3mo reaccion\u00f3. Una justificaci\u00f3n que a Dulce no le ha servido.<\/p>\n<p><img draggable=\"true\" alt=\"dulce de viernes\" title=\"dulce de viernes\" loading=\"lazy\" width=\"2500\" height=\"1276\" decoding=\"async\" data-nimg=\"1\" style=\"color:transparent;width:100%;height:auto;\"   src=\"https:\/\/www.europesays.com\/es\/wp-content\/uploads\/2025\/11\/dulce-de-viernes-692a3198e9483.jpg\" class=\"css-0 e1g79fud0\"\/><\/p>\n<p>Telecinco<\/p>\n<p data-journey-content=\"true\" data-node-id=\"9\" class=\"css-6wxqfj emevuu60\">\u00abEs solo una excusa. \u00c9l se siente orgulloso&#8230; y espero que a sus hijas cuando cumpla los 16 a\u00f1os no les haga lo mismo\u00bb, ha respondido la que fuera ni\u00f1era. Un extremo que ha confirmado la periodista \u00c1ngela Portero, que asegura que el propio <strong data-node-id=\"9.1\">Kiko Rivera \u00abha ido contando orgulloso lo que pas\u00f3 a varias personas\u00bb<\/strong> desde que esto ocurriera en el 2012.<\/p>\n<p>As\u00ed termin\u00f3 Isa Pantoja tras el episodio de la manguera<\/p>\n<p data-journey-content=\"true\" data-node-id=\"14\" class=\"css-6wxqfj emevuu60\">Pero si algo ha sobrecogido ha sido el testimonio de Dulce, quien ha recordado que Isabel Pantoja, en medio del forcejeo con su hija, <strong data-node-id=\"14.1\">con las tijeras en la mano, la amenaz\u00f3<\/strong>. \u00abSe fue hacia mi con las tijeras y me hizo caminar hacia atr\u00e1s\u00bb, recuerda. Tras esto, ella fue \u00abquitada de en medio\u00bb mientras todo ocurr\u00eda en el sal\u00f3n \u00abdelante de todos los que estaban all\u00ed que no hicieron nada por meterse en medio\u00bb. <\/p>\n<p data-journey-content=\"true\" data-node-id=\"16\" class=\"css-6wxqfj emevuu60\">As\u00ed, ha revelado por primera vez c\u00f3mo termin\u00f3 Isa Pantoja todo este episodio: \u00abal d\u00eda siguiente <strong data-node-id=\"16.1\">mi ni\u00f1a ten\u00eda moratones por toda la cara<\/strong>\u00ab. Una frase con la que se revela que la ni\u00f1a sali\u00f3 malparada del forcejeo con su madre.<\/p>\n<p>Dulce reconoce la desigualdad en la casa de Isabel Pantoja<\/p>\n<p data-journey-content=\"true\" data-node-id=\"19\" class=\"css-6wxqfj emevuu60\">Una vez m\u00e1s, Dulce ha reconocido que la desigualdad de la familia de Isabel Pantoja entre los hijos fue constante. \u00abElla era consciente que desde el primer d\u00eda que lleg\u00f3 con su hija&#8230; <strong data-node-id=\"19.1\">sabe perfectamente que no era querida por la familia<\/strong>\u00ab, ha dicho la que fuera la ni\u00f1era de Isa. \u00abLa familia era incapaz de decirle y hacerle nada a la ni\u00f1a si estaba su madre, pero cuando se iba, no sal\u00edan de la salita, no la miraban\u00bb, ha a\u00f1adido.<\/p>\n<p data-journey-content=\"true\" data-node-id=\"21\" class=\"css-6wxqfj emevuu60\">En este sentido, ha acusado a su hermano, Kiko Rivera que \u00ablleg\u00f3 a no hablar a Isa\u00bb durante largo tiempo, o que <strong data-node-id=\"21.1\">Do\u00f1a Ana la trataba con \u00abindiferencia\u00bb<\/strong>. Adem\u00e1s, ha hecho una gran acusaci\u00f3n frente a <a href=\"https:\/\/diezminutos.es\/anabel-pantoja\" target=\"_blank\" data-node-id=\"21.3\" class=\"css-177bzfx emevuu60\" rel=\"nofollow noopener\">Anabel Pantoja<\/a>: \u00abAnabel hac\u00eda todo lo que quer\u00edan su abuela y su t\u00edo. As\u00ed est\u00e1 ahora, que juega a dos bandas, esa es su postura, de siempre\u00bb.<\/p>\n<p><img src=\"https:\/\/www.europesays.com\/es\/wp-content\/uploads\/2025\/11\/1764398832_221_323095e3-d675-4360-ad79-c3a735f161a1_1681830139.file\" alt=\"Headshot of Aroa D\u00edaz\" title=\"Headshot of Aroa D\u00edaz\" width=\"100%\" height=\"100%\" decoding=\"async\" loading=\"lazy\" class=\"css-o0wq4v ev8dhu53\"\/><\/p>\n<p>Aroa D\u00edaz es experta en realities, televisi\u00f3n y actualidad en general. No hay momento del d\u00eda en el que no tenga encendida la televisi\u00f3n conociendo los \u00faltimos desvelos de los famosos, disfrutando de los realities como Supervivientes o de los concursos m\u00e1s rocambolescos. Las \u00faltimas novedades de los famosos del coraz\u00f3n son su perdici\u00f3n y la actualidad de las Casas Reales, su gran pasi\u00f3n. \u00a0\u00a0<\/p>\n<p>En sus ratos libres disfruta de las pel\u00edculas y series de moda, y bucea por los cat\u00e1logos de las plataformas de podcast buscando nuevas entrevistas y charlas de famosos.<\/p>\n<p>Adem\u00e1s, no ha parado de formarse en todos los aspectos convirti\u00e9ndose en una periodista 360: locuci\u00f3n, doblaje, grabaci\u00f3n de v\u00eddeo, periodismo m\u00f3vil, producci\u00f3n de podcast y SEO. Actualmente est\u00e1 form\u00e1ndose en el M\u00e1ster universitario de Periodismo y Comunicaci\u00f3n Digital: Datos y Nuevas Narrativas de la UOC.<\/p>\n<p>Graduada en periodismo por la Universidad Rey Juan Carlos, no ha parado de trabajar desde que obtuvo su t\u00edtulo all\u00e1 por el 2013. Despu\u00e9s de un breve impass en Palma de Mallorca, volvi\u00f3 a Legan\u00e9s donde arranc\u00f3 su experiencia con Legan\u00e9s Activo. En este tiempo he pasado por las redacciones de varios medios recayendo finalmente en Hearst Espa\u00f1a (Telenovela, Qu\u00e9 me dices y Diez Minutos). Tambi\u00e9n tiene experiencia en diferentes radios. \u00a0<\/p>\n","protected":false},"excerpt":{"rendered":"La que fuera la ni\u00f1era de Isa Pantoja, Dulce, se ha sentado ante las c\u00e1maras de &#8216;De Viernes&#8217;&hellip;\n","protected":false},"author":2,"featured_media":261619,"comment_status":"","ping_status":"","sticky":false,"template":"","format":"standard","meta":{"footnotes":""},"categories":[174],"tags":[255,253,146,147,25,24,256,23],"class_list":{"0":"post-261618","1":"post","2":"type-post","3":"status-publish","4":"format-standard","5":"has-post-thumbnail","7":"category-famosos","8":"tag-celebrities","9":"tag-discover","10":"tag-entertainment","11":"tag-entretenimiento","12":"tag-es","13":"tag-espana","14":"tag-famosos","15":"tag-spain"},"share_on_mastodon":{"url":"https:\/\/pubeurope.com\/@es\/115631649334929287","error":""},"_links":{"self":[{"href":"https:\/\/www.europesays.com\/es\/wp-json\/wp\/v2\/posts\/261618","targetHints":{"allow":["GET"]}}],"collection":[{"href":"https:\/\/www.europesays.com\/es\/wp-json\/wp\/v2\/posts"}],"about":[{"href":"https:\/\/www.europesays.com\/es\/wp-json\/wp\/v2\/types\/post"}],"author":[{"embeddable":true,"href":"https:\/\/www.europesays.com\/es\/wp-json\/wp\/v2\/users\/2"}],"replies":[{"embeddable":true,"href":"https:\/\/www.europesays.com\/es\/wp-json\/wp\/v2\/comments?post=261618"}],"version-history":[{"count":0,"href":"https:\/\/www.europesays.com\/es\/wp-json\/wp\/v2\/posts\/261618\/revisions"}],"wp:featuredmedia":[{"embeddable":true,"href":"https:\/\/www.europesays.com\/es\/wp-json\/wp\/v2\/media\/261619"}],"wp:attachment":[{"href":"https:\/\/www.europesays.com\/es\/wp-json\/wp\/v2\/media?parent=261618"}],"wp:term":[{"taxonomy":"category","embeddable":true,"href":"https:\/\/www.europesays.com\/es\/wp-json\/wp\/v2\/categories?post=261618"},{"taxonomy":"post_tag","embeddable":true,"href":"https:\/\/www.europesays.com\/es\/wp-json\/wp\/v2\/tags?post=261618"}],"curies":[{"name":"wp","href":"https:\/\/api.w.org\/{rel}","templated":true}]}}