{"id":261620,"date":"2025-11-29T06:48:35","date_gmt":"2025-11-29T06:48:35","guid":{"rendered":"https:\/\/www.europesays.com\/es\/261620\/"},"modified":"2025-11-29T06:48:35","modified_gmt":"2025-11-29T06:48:35","slug":"las-cronicas-de-babia-de-un-medico-de-cuenca","status":"publish","type":"post","link":"https:\/\/www.europesays.com\/es\/261620\/","title":{"rendered":"Las cr\u00f3nicas de Babia de un m\u00e9dico de Cuenca"},"content":{"rendered":"<p>                                    <img decoding=\"async\" loading=\"lazy\" src=\"https:\/\/www.europesays.com\/es\/wp-content\/uploads\/2025\/09\/65f8588ed278b.jpeg\" alt=\"Pacho Rodr\u00edguez\" width=\"40\" height=\"40\" data-full-src=\"https:\/\/www.europesays.com\/es\/wp-content\/uploads\/2025\/09\/65f8588ed278b.jpeg\"\/><\/p>\n<p class=\"paragraph\">EEl Museo Cristina Garc\u00eda Rodero de Puertollano acoge hasta el 29 de noviembre la exposici\u00f3n Robinsones en Babia, de la que es autor Pedro Higueras. Higueras presenta 40 fotograf\u00edas realizadas en Babia que retratan, recuerdan y representan su paso por la comarca ejerciendo de m\u00e9dico. De esta forma, el tambi\u00e9n fot\u00f3grafo retrata su etapa en los valles leoneses de Babia, las miradas y paisajes de una tierra que le record\u00f3 a sus ra\u00edces en Cabezarrubias del Puerto. Es decir, las tierras aparentemente lejanas unidas por la verdad rural en una muestra humana y cercana. La inauguraci\u00f3n cont\u00f3 con la presencia del alcalde de Puertollano, Miguel \u00c1ngel Ruiz, junto al concejal de Cultura, Juan Sebasti\u00e1n L\u00f3pez Berdonces, y la concejala de Promoci\u00f3n Econ\u00f3mica Mar\u00eda Castellanos, que pone en valor la vida rural y a quienes eligen permanecer en contacto con la naturaleza. Tambi\u00e9n se proyect\u00f3 al respecto Ser en Babia.<\/p>\n<p class=\"paragraph\">En este sentido, el propio ayuntamiento aporta la informaci\u00f3n necesaria que da las claves para entender la exposici\u00f3n de Pedro Higueras, que por otra parte es un aut\u00e9ntico homenaje a Babia pero tambi\u00e9n al origen rural que nos une a todos. Robinsones en Babia es la forma en la que Higueras recuerda la repetida expresi\u00f3n de Estar en Babia, al ser el lugar donde veraneaban los Reyes en la Edad Media en esta zona fronteriza con Asturias conocida por su potencial ganadero con las ovejas merinas que hac\u00edan la trashumancia al Valle de Alcudia y Extremadura.<\/p>\n<p class=\"paragraph\">Este es el Babia que fue conociendo durante los dos a\u00f1os en que trabaj\u00f3 como m\u00e9dico rural. Con sus pacientes entabl\u00f3 una relaci\u00f3n de confianza que le permiti\u00f3 descubrir muchas similitudes con otras zonas rurales, como Bascu\u00f1ana de San Pedro, en la serran\u00eda de Cuenca, o Cabezarrubias del Puerto, el pueblo de su madre donde pasaba los veranos. \u00abEso te permite conocer a personas que viven en entornos muy parecidos, que enseguida te abren las puertas; y, adem\u00e1s, siendo el m\u00e9dico del pueblo, todo resulta un poco m\u00e1s f\u00e1cil\u00bb.<\/p>\n<p class=\"paragraph\">Lo de ser el m\u00e9dico del pueblo facilit\u00f3 que aquellos habitantes de Babia se relajaran ante la c\u00e1mara hasta construir un proyecto creativo gracias a estas personas que no solo iban en verano o los fines de semana, sino que tambi\u00e9n hac\u00edan de este lugar su forma de vida y de ser, en la monta\u00f1a.<\/p>\n<p class=\"paragraph\">Una exposici\u00f3n, que comisariada por Mario Castro, re\u00fane ahora las miradas y testimonios de personas que intentan llevar una vida lo m\u00e1s productiva y c\u00f3moda posible sin necesidad de emigrar a la ciudad. Tambi\u00e9n muestra el regreso de quienes, tras marcharse, han vuelto a la monta\u00f1a convencidos de que en el campo tambi\u00e9n se puede generar riqueza y de que ese es, en definitiva, el futuro de las zonas rurales, relata Higueras. Y Babia podr\u00eda ser perfectamente Cabezarrubias del Puerto, Hinojosas de Calatrava, Bascu\u00f1ana o cualquier pueblo de la sierra de Ja\u00e9n o de los Pirineos.<\/p>\n<p class=\"paragraph\">La muestra abunda en esa idea de que al final existe una poblaci\u00f3n rural que vive en una realidad paralela al mundo urbano, donde las diferencias geogr\u00e1ficas son m\u00ednimas. Sus formas de vida se parecen mucho, y las mismas personas que conoc\u00ed en el pueblo de mi padre las he visto reflejadas como en un espejo en Babia, igual que podr\u00eda verlas en El Bierzo o en Los Ancares.<\/p>\n<p class=\"paragraph\">Una exposici\u00f3n que ser\u00e1 inaugurada en la tarde del s\u00e1bado, 8 de noviembre, con la proyecci\u00f3n del documental \u00abSer en Babia\u00bb, realizado por Kater\u00edn \u00c1lvarez junto a \u00c1ngel Qui\u00f1ones, Bea \u00c1lvarez, El\u00edas Varc\u00e1rcel, Emilio Mart\u00ednez, Josefa L\u00f3pez y Manuel \u00c1lvarez.<\/p>\n<p class=\"paragraph\">El Museo Municipal \u00abCristina Garc\u00eda Rodero\u00bb de Puertollano (Ciudad Real) es el \u00fanico dedicado a una fot\u00f3grafa espa\u00f1ola. Cuenta con una sala expositiva permanente con obras de la autora as\u00ed como con diferentes exposiciones que se ir\u00e1n sucediendo en el tiempo y que contendr\u00e1n diferentes trabajos de la carrera de m\u00e1s de 40 a\u00f1os como artista de Garc\u00eda Rodero.<\/p>\n<p class=\"paragraph\">Inaugurado en septiembre de 2018 este espacio acoge \u00abRituales en Hait\u00ed\u00bb, donde la fot\u00f3grafa puertollanera muestra una selecci\u00f3n de un centenar de fotograf\u00edas en las que se refleja un conjunto ritual entre el catolicismo y el vud\u00fa. Cristina Garc\u00eda Rodero, nacida en Puertollano en 1949, es Medalla de Oro de las Bellas Artes, Premio Nacional de Fotograf\u00eda, miembro de la Real Academia de Bellas Artes de San Fernando y la primera y \u00fanica persona espa\u00f1ola integrante de la prestigiosa Agencia Magnum.<\/p>\n","protected":false},"excerpt":{"rendered":"EEl Museo Cristina Garc\u00eda Rodero de Puertollano acoge hasta el 29 de noviembre la exposici\u00f3n Robinsones en Babia,&hellip;\n","protected":false},"author":2,"featured_media":261621,"comment_status":"","ping_status":"","sticky":false,"template":"","format":"standard","meta":{"footnotes":""},"categories":[173],"tags":[229,233,231,230,1940,1942,232,234,146,147,25,24,241,1949,4108,23],"class_list":{"0":"post-261620","1":"post","2":"type-post","3":"status-publish","4":"format-standard","5":"has-post-thumbnail","7":"category-arte-y-diseno","8":"tag-arte","9":"tag-arte-y-diseno","10":"tag-arts","11":"tag-arts-and-design","12":"tag-ciudad-real","13":"tag-cuenca","14":"tag-design","15":"tag-diseno","16":"tag-entertainment","17":"tag-entretenimiento","18":"tag-es","19":"tag-espana","20":"tag-exposiciones","21":"tag-ganaderia","22":"tag-leon","23":"tag-spain"},"share_on_mastodon":{"url":"https:\/\/pubeurope.com\/@es\/115631653189410541","error":""},"_links":{"self":[{"href":"https:\/\/www.europesays.com\/es\/wp-json\/wp\/v2\/posts\/261620","targetHints":{"allow":["GET"]}}],"collection":[{"href":"https:\/\/www.europesays.com\/es\/wp-json\/wp\/v2\/posts"}],"about":[{"href":"https:\/\/www.europesays.com\/es\/wp-json\/wp\/v2\/types\/post"}],"author":[{"embeddable":true,"href":"https:\/\/www.europesays.com\/es\/wp-json\/wp\/v2\/users\/2"}],"replies":[{"embeddable":true,"href":"https:\/\/www.europesays.com\/es\/wp-json\/wp\/v2\/comments?post=261620"}],"version-history":[{"count":0,"href":"https:\/\/www.europesays.com\/es\/wp-json\/wp\/v2\/posts\/261620\/revisions"}],"wp:featuredmedia":[{"embeddable":true,"href":"https:\/\/www.europesays.com\/es\/wp-json\/wp\/v2\/media\/261621"}],"wp:attachment":[{"href":"https:\/\/www.europesays.com\/es\/wp-json\/wp\/v2\/media?parent=261620"}],"wp:term":[{"taxonomy":"category","embeddable":true,"href":"https:\/\/www.europesays.com\/es\/wp-json\/wp\/v2\/categories?post=261620"},{"taxonomy":"post_tag","embeddable":true,"href":"https:\/\/www.europesays.com\/es\/wp-json\/wp\/v2\/tags?post=261620"}],"curies":[{"name":"wp","href":"https:\/\/api.w.org\/{rel}","templated":true}]}}