{"id":261622,"date":"2025-11-29T06:50:10","date_gmt":"2025-11-29T06:50:10","guid":{"rendered":"https:\/\/www.europesays.com\/es\/261622\/"},"modified":"2025-11-29T06:50:10","modified_gmt":"2025-11-29T06:50:10","slug":"bertin-osborne-ha-visto-a-su-hijo-tres-veces","status":"publish","type":"post","link":"https:\/\/www.europesays.com\/es\/261622\/","title":{"rendered":"\u201cBert\u00edn Osborne ha visto a su hijo tres veces\u201d"},"content":{"rendered":"<p>\u201cNo tengo nada que celebrar si mi hijo tiene un padre ausente\u201d. Gabriela Guill\u00e9n comenzaba su entrevista en \u2018De viernes\u2019 refiri\u00e9ndose a Bert\u00edn Osborne. La relaci\u00f3n con el padre de su hijo no es cercana. \u201cNo se ha llegado a ning\u00fan acuerdo, si no se cumple los requisitos y todo lo que hemos hablado, s\u00ed, lo demandar\u00e9\u201d.<\/p>\n<p>\u201cObviamente, voy a velar por la seguridad y el bienestar de mi hijo\u201d, aclaraba antes de asentarse en todo lo que compete al menor y a la relaci\u00f3n de este con el cantante. A pesar de la presentaci\u00f3n oficial que hicieron de forma conjunta, el contacto entre Osborne y su hijo es pr\u00e1cticamente nulo.<\/p>\n<p>La entrevista de Gabriela Guillen<\/p>\n<ul>\n<li>Sobre cuantas veces ha visto a su hijo<\/li>\n<\/ul>\n<p>Tres veces y la \u00faltima vez fue para la exclusiva. Lo \u00faltimo que hemos hablado ha sido sobre el acuerdo al que est\u00e1bamos intentando llegar, sobre el tema del ni\u00f1o, que nos est\u00e1 costando poniendo de acuerdo. No ha sido un desacuerdo econ\u00f3mico. Para m\u00ed, he pedido lo que le corresponde a mi hijo, por derecho. El problema es una falta de comunicaci\u00f3n y de inter\u00e9s.\u00a0<\/p>\n<ul>\n<li>Sobre el acuerdo con Bert\u00edn<\/li>\n<\/ul>\n<p>El hecho de que no se haya firmado el contrato es un poco por la falta de inter\u00e9s. Aqu\u00ed parece ser que lo m\u00e1s importante es el dinero, pero es que en ning\u00fan momento nadie se ha preocupado por el ni\u00f1o, por c\u00f3mo est\u00e1. Es el derecho que tiene nuestro hijo, como todo ni\u00f1o debe tener relaci\u00f3n con su padre.\u00a0<\/p>\n<p>Yo a \u00e9l en ning\u00fan momento le he pedido que cambie pa\u00f1ales ni que lo lleve al colegio, pero yo no he recibido ninguna llamada preguntando oye est\u00e1 bien, le falta algo. Eso es de lo que yo me quejo. Ese desinter\u00e9s. Las condiciones no se basan solamente a nivel econ\u00f3mico. Realmente lo que quiero como madre es que est\u00e9 de alguna manera, como \u00e9l pueda.<\/p>\n<p>Creo que ahora mismo \u00e9l est\u00e1 m\u00e1s pausado y podr\u00eda reconsiderar y decir que voy a disfrutar de este hijo que me ha dado, me ha regalado. Yo me conformar\u00eda que \u00e9l estuviera, estuviera en la vida de nuestro hijo. Que le haga una videollamada. Oye, \u00bfc\u00f3mo est\u00e1? \u00bfQu\u00e9 ha hecho en el cole? Porque es que a m\u00ed en el cole hace dibujos, el ni\u00f1o hace dibujos del padre, de dibujos estos para&#8230; S\u00ed, familiares. Para familiares, que tiene que estar presente los padres.<\/p>\n<ul>\n<li>Sobre la exclusiva con su hijo<\/li>\n<\/ul>\n<p>En un momento que est\u00e1bamos bien con Bert\u00edn, est\u00e1bamos hablando, ten\u00edamos una relaci\u00f3n cordial, porque habl\u00e1bamos y \u00e9l ten\u00eda la intenci\u00f3n de ver m\u00e1s al ni\u00f1o, \u00bfpor qu\u00e9 no normalizar y hacer este paso? Realmente yo no hab\u00eda hecho ninguna revista anterior, entonces yo ve\u00eda un poco lo que me han asesorado. Dijeron de hacer una foto de los tres, pero Bert\u00edn dijo que no. Que \u00e9l posaba con el ni\u00f1o, pero que conmigo no, para evitar confusiones, que estuvi\u00e9ramos juntos y que le daba una normalidad<\/p>\n<ul>\n<li>Sobre los problemas econ\u00f3micos<\/li>\n<\/ul>\n<p>Me dice que no est\u00e1 pasando un momento pues econ\u00f3mico bueno, con lo cual vamos a ver si puede hacer frente en estos meses y que pues vale, yo le he dicho que s\u00ed, que no hay ning\u00fan problema, que vamos a firmar el acuerdo y que pr\u00f3ximamente como pueda lo vaya haciendo. Es que es lo que digo, que si en el momento de que ya hoy, o sea, hoy justamente hemos quedado en acuerdo, todo est\u00e1 de acuerdo, si no es as\u00ed la semana que viene, pues yo tendr\u00e9 que interponer una demanda.<\/p>\n<ul>\n<li>Sobre que las hijas de Bert\u00edn conozcan a su hijo<\/li>\n<\/ul>\n<p>Su padre es independiente, su padre no quiere dar el paso por respeto pero oye, es una personita que est\u00e1 aqu\u00ed, que es tu sangre. O sea, si t\u00fa realmente lo quieres hacer, yo creo que yo pasar\u00eda tambi\u00e9n un poco. Yo siempre he dado todas las facilidades, que a m\u00ed no me han llamado, no saben d\u00f3nde vivo&#8230;Yo no voy a poner ning\u00fan tipo de impedimento. No lo voy a poner y siempre lo he dicho, que yo encantada que se lo quieren hacer, que lo haga<\/p>\n","protected":false},"excerpt":{"rendered":"\u201cNo tengo nada que celebrar si mi hijo tiene un padre ausente\u201d. Gabriela Guill\u00e9n comenzaba su entrevista en&hellip;\n","protected":false},"author":2,"featured_media":261623,"comment_status":"","ping_status":"","sticky":false,"template":"","format":"standard","meta":{"footnotes":""},"categories":[171],"tags":[146,147,25,24,23,214],"class_list":{"0":"post-261622","1":"post","2":"type-post","3":"status-publish","4":"format-standard","5":"has-post-thumbnail","7":"category-tv","8":"tag-entertainment","9":"tag-entretenimiento","10":"tag-es","11":"tag-espana","12":"tag-spain","13":"tag-tv"},"share_on_mastodon":{"url":"https:\/\/pubeurope.com\/@es\/115631660916611902","error":""},"_links":{"self":[{"href":"https:\/\/www.europesays.com\/es\/wp-json\/wp\/v2\/posts\/261622","targetHints":{"allow":["GET"]}}],"collection":[{"href":"https:\/\/www.europesays.com\/es\/wp-json\/wp\/v2\/posts"}],"about":[{"href":"https:\/\/www.europesays.com\/es\/wp-json\/wp\/v2\/types\/post"}],"author":[{"embeddable":true,"href":"https:\/\/www.europesays.com\/es\/wp-json\/wp\/v2\/users\/2"}],"replies":[{"embeddable":true,"href":"https:\/\/www.europesays.com\/es\/wp-json\/wp\/v2\/comments?post=261622"}],"version-history":[{"count":0,"href":"https:\/\/www.europesays.com\/es\/wp-json\/wp\/v2\/posts\/261622\/revisions"}],"wp:featuredmedia":[{"embeddable":true,"href":"https:\/\/www.europesays.com\/es\/wp-json\/wp\/v2\/media\/261623"}],"wp:attachment":[{"href":"https:\/\/www.europesays.com\/es\/wp-json\/wp\/v2\/media?parent=261622"}],"wp:term":[{"taxonomy":"category","embeddable":true,"href":"https:\/\/www.europesays.com\/es\/wp-json\/wp\/v2\/categories?post=261622"},{"taxonomy":"post_tag","embeddable":true,"href":"https:\/\/www.europesays.com\/es\/wp-json\/wp\/v2\/tags?post=261622"}],"curies":[{"name":"wp","href":"https:\/\/api.w.org\/{rel}","templated":true}]}}