{"id":261625,"date":"2025-11-29T06:55:13","date_gmt":"2025-11-29T06:55:13","guid":{"rendered":"https:\/\/www.europesays.com\/es\/261625\/"},"modified":"2025-11-29T06:55:13","modified_gmt":"2025-11-29T06:55:13","slug":"boris-izaguirre-entra-en-el-debate-por-el-despido-de-alessandro-lequio-y-desvela-como-se-encuentra-tras-su-salida-de-telecinco","status":"publish","type":"post","link":"https:\/\/www.europesays.com\/es\/261625\/","title":{"rendered":"Boris Izaguirre entra en el debate por el despido de Alessandro Lequio y desvela c\u00f3mo se encuentra tras su salida de Telecinco"},"content":{"rendered":"<p class=\"ft-text\">La salida fulminante de Alessandro Lequio de Telecinco contin\u00faa generando comentarios en el sector audiovisual, y uno de los \u00faltimos en pronunciarse ha sido Boris Izaguirre. El escritor, presente en la alfombra roja de los Premios Ondas 2025, fue preguntado por la pol\u00e9mica y no rehuy\u00f3 el tema, aunque opt\u00f3 por la cautela ante la gravedad del caso.<\/p>\n<p class=\"ft-text\">El debate se reactiv\u00f3 despu\u00e9s de que, el 19 de noviembre, Mediaset Espa\u00f1a y Unicorn Content rescindieran el contrato del colaborador tras recibir un auto judicial que valida el relato de Antonia Dell\u2019Atte. La exmodelo hab\u00eda descrito semanas antes en\u00a0El Pa\u00eds\u00a0una relaci\u00f3n marcada \u2014siempre seg\u00fan su versi\u00f3n\u2014 por agresiones, amenazas y un aislamiento absoluto durante su vida en Tur\u00edn. \u201cMe dec\u00eda que iba a destruir mi nariz para que no fuera guapa\u2026 Me oblig\u00f3 a dejar de trabajar\u201d, explic\u00f3 entonces.<\/p>\n<p class=\"ft-text\">Preguntado por la situaci\u00f3n, Izaguirre admiti\u00f3 que se trata de un momento delicado. \u201cEs una situaci\u00f3n complicada para todos, muy complicada\u201d, se\u00f1al\u00f3 a\u00a0<a class=\"ft-link ft-link--decoration\" href=\"https:\/\/www.mundodeportivo.com\/elotromundo\/television\/20251127\/1002577028\/boris-izaguirre-sobre-despido-alessandro-lequio-creo-esta-llevando-situacion-complicada-todos-dct.html\" rel=\"nofollow noopener\" target=\"_blank\">Mundo Deportivo<\/a>, aunque a\u00f1adi\u00f3 que, en su opini\u00f3n, \u201cAlessandro lo est\u00e1 llevando muy bien\u201d. El presentador aprovech\u00f3 tambi\u00e9n para reconocer la valent\u00eda de Dell\u2019Atte: \u201cEstoy muy de acuerdo con sus declaraciones y con la lucha que ha tenido que atravesar\u201d.<\/p>\n<p class=\"ft-text\">La entrevista de Dell\u2019Atte en \u2018Directo al grano\u2019, emitida esta misma semana, ha vuelto a situar el caso en primer plano. En ella ofreci\u00f3 nuevos detalles sobre lo vivido durante su matrimonio, incluyendo episodios de control y violencia. \u201cUn d\u00eda me oblig\u00f3 a cenar con sus amigos\u2026 me dijo \u2018t\u00fa eres mi mujer y haces lo que digo yo\u2019. Y me dio una bofetada\u201d, relat\u00f3 ante Marta Flich. Tambi\u00e9n afirm\u00f3 que su entonces marido le asegur\u00f3 en varias ocasiones que \u201ciba a matar\u201d a ella y a su familia, al tiempo que describ\u00eda cada agresi\u00f3n como seguida de un \u201cperd\u00f3n\u201d.<\/p>\n","protected":false},"excerpt":{"rendered":"La salida fulminante de Alessandro Lequio de Telecinco contin\u00faa generando comentarios en el sector audiovisual, y uno de&hellip;\n","protected":false},"author":2,"featured_media":261626,"comment_status":"","ping_status":"","sticky":false,"template":"","format":"standard","meta":{"footnotes":""},"categories":[91],"tags":[15651,38106,2170,11559,5702,4083,3569,146,7115,147,25,24,37867,35829,1965,23,692],"class_list":{"0":"post-261625","1":"post","2":"type-post","3":"status-publish","4":"format-standard","5":"has-post-thumbnail","7":"category-entretenimiento","8":"tag-alessandro","9":"tag-boris","10":"tag-como","11":"tag-debate","12":"tag-despido","13":"tag-desvela","14":"tag-encuentra","15":"tag-entertainment","16":"tag-entra","17":"tag-entretenimiento","18":"tag-es","19":"tag-espana","20":"tag-izaguirre","21":"tag-lequio","22":"tag-salida","23":"tag-spain","24":"tag-telecinco"},"share_on_mastodon":{"url":"https:\/\/pubeurope.com\/@es\/115631680811879593","error":""},"_links":{"self":[{"href":"https:\/\/www.europesays.com\/es\/wp-json\/wp\/v2\/posts\/261625","targetHints":{"allow":["GET"]}}],"collection":[{"href":"https:\/\/www.europesays.com\/es\/wp-json\/wp\/v2\/posts"}],"about":[{"href":"https:\/\/www.europesays.com\/es\/wp-json\/wp\/v2\/types\/post"}],"author":[{"embeddable":true,"href":"https:\/\/www.europesays.com\/es\/wp-json\/wp\/v2\/users\/2"}],"replies":[{"embeddable":true,"href":"https:\/\/www.europesays.com\/es\/wp-json\/wp\/v2\/comments?post=261625"}],"version-history":[{"count":0,"href":"https:\/\/www.europesays.com\/es\/wp-json\/wp\/v2\/posts\/261625\/revisions"}],"wp:featuredmedia":[{"embeddable":true,"href":"https:\/\/www.europesays.com\/es\/wp-json\/wp\/v2\/media\/261626"}],"wp:attachment":[{"href":"https:\/\/www.europesays.com\/es\/wp-json\/wp\/v2\/media?parent=261625"}],"wp:term":[{"taxonomy":"category","embeddable":true,"href":"https:\/\/www.europesays.com\/es\/wp-json\/wp\/v2\/categories?post=261625"},{"taxonomy":"post_tag","embeddable":true,"href":"https:\/\/www.europesays.com\/es\/wp-json\/wp\/v2\/tags?post=261625"}],"curies":[{"name":"wp","href":"https:\/\/api.w.org\/{rel}","templated":true}]}}