{"id":261631,"date":"2025-11-29T06:58:12","date_gmt":"2025-11-29T06:58:12","guid":{"rendered":"https:\/\/www.europesays.com\/es\/261631\/"},"modified":"2025-11-29T06:58:12","modified_gmt":"2025-11-29T06:58:12","slug":"ecuador-desestimo-las-acusaciones-de-venezuela-no-perderemos-tiempo-en-declaraciones-necias","status":"publish","type":"post","link":"https:\/\/www.europesays.com\/es\/261631\/","title":{"rendered":"Ecuador desestim\u00f3 las acusaciones de Venezuela: \u201cNo perderemos tiempo en declaraciones necias\u201d"},"content":{"rendered":"<p><img alt=\"La Canciller de Ecuador, Gabriela\" class=\"global-image\" decoding=\"async\" fetchpriority=\"high\" height=\"5578\" loading=\"eager\" src=\"https:\/\/www.europesays.com\/es\/wp-content\/uploads\/2025\/11\/TO7EHTTUFJCRJKWNHS7ZLZRBVM.JPG\" width=\"7923\"\/>La Canciller de Ecuador, Gabriela Sommerfeld.  Jacquelyn Martin\/Pool via REUTERS<\/p>\n<p class=\"paragraph\">La canciller de Ecuador, <b>Gabriela Sommerfeld<\/b>, respondi\u00f3 este mi\u00e9rcoles a las declaraciones de la vicepresidenta de Venezuela, <b>Delcy Rodr\u00edguez<\/b>, quien afirm\u00f3 que si Estados Unidos \u201cquisiera combatir el narcotr\u00e1fico\u201d tendr\u00eda que <b>\u201cirse a Ecuador y buscar ah\u00ed mismo en la Presidencia de la Rep\u00fablica la principal empresa de exportaci\u00f3n de coca\u00edna<\/b>\u201d, acusaci\u00f3n que apunt\u00f3 directamente al Gobierno de Daniel Noboa y al sector bananero ecuatoriano. <\/p>\n<p class=\"paragraph\">Sommerfeld calific\u00f3 estas afirmaciones como \u201cdeclaraciones necias\u201d provenientes de un \u201c<b>r\u00e9gimen que ni siquiera respeta la voluntad de su pueblo<\/b>\u201d, y precis\u00f3 que Ecuador no dedicar\u00e1 tiempo diplom\u00e1tico a ese tipo de se\u00f1alamientos. \u201c<b>No vamos a gastar tiempo en ese tipo de declaraciones\u201d,<\/b> afirm\u00f3 en una entrevista con Ecuavisa, al recordar que el Gobierno ya respondi\u00f3 una vez \u201c<b>con un solo comunicado bien puesto hace unas semanas<\/b>\u201d. La canciller evit\u00f3 escalarlas nuevamente en esta ocasi\u00f3n. <\/p>\n<p class=\"paragraph\">Las declaraciones de Rodr\u00edguez se inscribieron en un discurso m\u00e1s amplio contra la pol\u00edtica exterior estadounidense, pero reactivaron un episodio que se ha repetido en otras ocasiones durante los \u00faltimos a\u00f1os. No es la primera vez que funcionarios de alto nivel del Gobierno de Nicol\u00e1s Maduro acusan a Ecuador de tener v\u00ednculos estructurales con el narcotr\u00e1fico o de ser un punto de salida predominante de drogas hacia mercados internacionales. <\/p>\n<p><img alt=\"La vicepresidenta de Venezuela, Delcy\" class=\"global-image\" decoding=\"async\" fetchpriority=\"low\" height=\"2296\" loading=\"lazy\" src=\"https:\/\/www.europesays.com\/es\/wp-content\/uploads\/2025\/11\/H4LH3ZYGWBG4RDU3E2LY37LVKY.JPG\" width=\"3448\"\/>La vicepresidenta de Venezuela, Delcy Rodr\u00edguez. REUTERS\/Gaby Oraa\/File Photo<\/p>\n<p class=\"paragraph\">La nueva declaraci\u00f3n de Sommerfeld llega en un momento especialmente sensible para Ecuador, marcado por los efectos pol\u00edticos de la consulta popular del 16 de noviembre y por la presi\u00f3n internacional para sostener la cooperaci\u00f3n en seguridad. En la entrevista, la canciller insisti\u00f3 en que <b>el pa\u00eds enfrenta un \u201cenemigo inmensamente potente\u201d en referencia al crimen organizado transnacional<\/b>, y que la estrategia del Gobierno apunta a sostener cooperaci\u00f3n con socios como Estados Unidos sin romper el respeto a la institucionalidad democr\u00e1tica. El rechazo a los se\u00f1alamientos venezolanos se enmarca en este contexto, en el que Quito busca proyectar estabilidad pese a los desaf\u00edos internos.<\/p>\n<p class=\"paragraph\">La canciller remarc\u00f3 que<b> Ecuador no puede \u201cestar atento\u201d a declaraciones provenientes de un r\u00e9gimen que considera ileg\u00edtimo<\/b> y a\u00f1adi\u00f3 que la pol\u00edtica exterior ecuatoriana prioriza esfuerzos verificables en materia de cooperaci\u00f3n, comercio e inversiones. Durante la misma entrevista, Sommerfeld explic\u00f3 que la relaci\u00f3n con Washington atraviesa su mejor momento en a\u00f1os, tras la designaci\u00f3n de Ecuador como \u201caliado estrat\u00e9gico\u201d por parte de la Casa Blanca y en medio de negociaciones sobre comercio, seguridad y cooperaci\u00f3n financiera. <b>La canciller sostuvo que este giro es incompatible con los se\u00f1alamientos sobre narcotr\u00e1fico que formul\u00f3 Caracas.<\/b><\/p>\n<p class=\"paragraph\">La respuesta oficial de Ecuador sigue la misma l\u00ednea que el Gobierno ha mostrado en otros roces recientes con Caracas. Hace apenas unas semanas, Quito hab\u00eda desestimado acusaciones del r\u00e9gimen de Maduro sobre un presunto uso pol\u00edtico de la seguridad regional, y Sommerfeld record\u00f3 que entonces bast\u00f3 \u201cun solo comunicado\u201d para dejar clara la posici\u00f3n ecuatoriana. La canciller insisti\u00f3 en que no todas las declaraciones ameritan una r\u00e9plica formal y que el pa\u00eds responder\u00e1 \u00fanicamente cuando se trate de se\u00f1alamientos que requieran precisi\u00f3n institucional, no de mensajes que, a su criterio, buscan generar ruido pol\u00edtico.<\/p>\n<p><img alt=\"La Polic\u00eda incluye en sus\" class=\"global-image\" decoding=\"async\" fetchpriority=\"low\" height=\"630\" loading=\"lazy\" src=\"https:\/\/www.europesays.com\/es\/wp-content\/uploads\/2025\/11\/DMAVXNXUSNDMDPMK5YPSSY2INM.jpeg\" width=\"1012\"\/>La Polic\u00eda incluye en sus operativos la revisi\u00f3n de los productos de exportaci\u00f3n que salen de los puertos. (Polic\u00eda Nacional)<\/p>\n<p class=\"paragraph\">Las nuevas alusiones de Venezuela sobre narcotr\u00e1fico llegan en un momento especialmente sensible para Ecuador, que enfrenta una escalada violenta vinculada a organizaciones criminales y un escrutinio internacional sobre la infiltraci\u00f3n del narcotr\u00e1fico en rutas mar\u00edtimas. El sector bananero \u2014uno de los motores de la econom\u00eda ecuatoriana y cuyo principal emporio pertenece a la familia del presidente Daniel Noboa\u2014 ha aparecido en investigaciones internacionales por el uso de contenedores para mover coca\u00edna desde puertos del pa\u00eds. El Gobierno sostiene, no obstante, que ha endurecido los controles y que los comentarios de Caracas pasan por alto operativos y coordinaciones con agencias extranjeras que han permitido incautaciones r\u00e9cord.<\/p>\n<p class=\"paragraph\">Sommerfeld no descart\u00f3 que Ecuador emita nuevas respuestas diplom\u00e1ticas si surgen m\u00e1s acusaciones, pero dej\u00f3 claro que el pa\u00eds no tiene intenci\u00f3n de entrar en un intercambio permanente con el r\u00e9gimen de Maduro. \u201cAqu\u00ed tambi\u00e9n hay que invertir dependiendo de qui\u00e9n llegan las palabras\u201d, dijo, en alusi\u00f3n a la falta de legitimidad que Quito atribuye al Gobierno venezolano. Seg\u00fan la canciller, ese criterio pesar\u00e1 al decidir cu\u00e1ndo responder y cu\u00e1ndo no.<\/p>\n","protected":false},"excerpt":{"rendered":"La Canciller de Ecuador, Gabriela Sommerfeld. Jacquelyn Martin\/Pool via REUTERS La canciller de Ecuador, Gabriela Sommerfeld, respondi\u00f3 este&hellip;\n","protected":false},"author":2,"featured_media":261632,"comment_status":"","ping_status":"","sticky":false,"template":"","format":"standard","meta":{"footnotes":""},"categories":[42],"tags":[17,18,405,13,14,11,61,62,63,64,19,20,9,10,15,16,56646,757,12,21,22,65,66,67],"class_list":{"0":"post-261631","1":"post","2":"type-post","3":"status-publish","4":"format-standard","5":"has-post-thumbnail","7":"category-internacional","8":"tag-breaking-news","9":"tag-breakingnews","10":"tag-diplomacy-foreign-policy","11":"tag-featured-news","12":"tag-featurednews","13":"tag-headlines","14":"tag-internacional","15":"tag-international","16":"tag-international-news","17":"tag-internationalnews","18":"tag-latest-news","19":"tag-latestnews","20":"tag-news","21":"tag-noticias","22":"tag-noticias-destacadas","23":"tag-noticiasdestacadas","24":"tag-quito","25":"tag-south-america-central-america","26":"tag-titulares","27":"tag-ultimas-noticias","28":"tag-ultimasnoticias","29":"tag-world","30":"tag-world-news","31":"tag-worldnews"},"share_on_mastodon":{"url":"https:\/\/pubeurope.com\/@es\/115631694402146156","error":""},"_links":{"self":[{"href":"https:\/\/www.europesays.com\/es\/wp-json\/wp\/v2\/posts\/261631","targetHints":{"allow":["GET"]}}],"collection":[{"href":"https:\/\/www.europesays.com\/es\/wp-json\/wp\/v2\/posts"}],"about":[{"href":"https:\/\/www.europesays.com\/es\/wp-json\/wp\/v2\/types\/post"}],"author":[{"embeddable":true,"href":"https:\/\/www.europesays.com\/es\/wp-json\/wp\/v2\/users\/2"}],"replies":[{"embeddable":true,"href":"https:\/\/www.europesays.com\/es\/wp-json\/wp\/v2\/comments?post=261631"}],"version-history":[{"count":0,"href":"https:\/\/www.europesays.com\/es\/wp-json\/wp\/v2\/posts\/261631\/revisions"}],"wp:featuredmedia":[{"embeddable":true,"href":"https:\/\/www.europesays.com\/es\/wp-json\/wp\/v2\/media\/261632"}],"wp:attachment":[{"href":"https:\/\/www.europesays.com\/es\/wp-json\/wp\/v2\/media?parent=261631"}],"wp:term":[{"taxonomy":"category","embeddable":true,"href":"https:\/\/www.europesays.com\/es\/wp-json\/wp\/v2\/categories?post=261631"},{"taxonomy":"post_tag","embeddable":true,"href":"https:\/\/www.europesays.com\/es\/wp-json\/wp\/v2\/tags?post=261631"}],"curies":[{"name":"wp","href":"https:\/\/api.w.org\/{rel}","templated":true}]}}