{"id":261635,"date":"2025-11-29T07:00:52","date_gmt":"2025-11-29T07:00:52","guid":{"rendered":"https:\/\/www.europesays.com\/es\/261635\/"},"modified":"2025-11-29T07:00:52","modified_gmt":"2025-11-29T07:00:52","slug":"feijoo-pide-a-la-patronal-catalana-que-convenza-a-junts-y-erc-para-apoyar-una-mocion-de-censura-contra-sanchez","status":"publish","type":"post","link":"https:\/\/www.europesays.com\/es\/261635\/","title":{"rendered":"Feij\u00f3o pide a la patronal catalana que convenza a Junts y ERC para apoyar una moci\u00f3n de censura contra S\u00e1nchez"},"content":{"rendered":"<p class=\"article-text\">\n        \u201cMe faltan votos para una moci\u00f3n con un \u00fanico compromiso: convocar elecciones y que los espa\u00f1oles puedan decidir. Me faltan votos de los suyos, entre comillas, pero no los tengo\u201d. As\u00ed se ha expresado el l\u00edder del PP, Alberto N\u00fa\u00f1ez Feij\u00f3o, ante la patronal catalana Foment. Ese \u201csuyos\u201d que, seg\u00fan Feij\u00f3o, son de los empresarios, se refiere a Junts y ERC, en palabras del l\u00edder del PP. Unos y otros ya desde\u00f1aron esta opci\u00f3n el pasado mes de mayo, tras el encarcelamiento de Santos Cerd\u00e1n.\n    <\/p>\n<p>    <a href=\"https:\/\/www.eldiario.es\/politica\/tellado-invita-votantes-vox-concentracion-sanchez-advierte-no-fallarle-espana_1_12804740.html\" data-mrf-recirculation=\"saber-mas\" data-dl-event=\"saber-mas\" rel=\"nofollow noopener\" target=\"_blank\"><\/p>\n<p class=\"know-more__title\">Tellado \u00abinvita\u00bb a \u00ablos votantes de Vox\u00bb a la concentraci\u00f3n contra S\u00e1nchez y advierte de que no ir \u00abes fallarle a Espa\u00f1a\u00bb<\/p>\n<p>            <img decoding=\"async\" class=\"lazy\" loading=\"lazy\" data-src=\"https:\/\/static.eldiario.es\/clip\/537a4235-4b2d-41e8-a78e-34e161ff8f66_16-9-aspect-ratio_default_0_x887y214.jpg\" src=\"data:image\/svg+xml,%3Csvg xmlns=\" http:=\"\" viewbox=\"0 0 880 495\" alt=\"Tellado &quot;invita&quot; a &quot;los votantes de Vox&quot; a la concentraci\u00f3n contra S\u00e1nchez y advierte de que no ir &quot;es fallarle a Espa\u00f1a&quot;\"\/><\/p>\n<p>                        <\/a><\/p>\n<p class=\"article-text\">\n        \u201cYo estoy convencido de que en esta sala seguro que hay muchas personas que han votado a Junts\u201d, ha dicho Feij\u00f3o durante un acto en Barcelona organizado por Foment y en el que le ha presentado el que fuera diputado de CiU y hoy l\u00edder de la patronal, Josep S\u00e1nchez Llibre. \u201cNo s\u00e9 si hay muchas o pocas que han votado Esquerra\u201d, ha a\u00f1adido Feij\u00f3o, pero a unos y otros les ha querido \u201chablar de una forma muy clara\u201d.\n    <\/p>\n<p class=\"article-text\">\n        \u201cA m\u00ed no me faltan ganas para presentar una moci\u00f3n de censura. Me faltan votos para presentar una moci\u00f3n de censura que tenga un \u00fanico compromiso, convocar elecciones generales y que todos los ciudadanos de Espa\u00f1a puedan decidir qu\u00e9 Gobierno quieren en las urnas\u201d, una afirmaci\u00f3n que dijo ayer mismo, cuando <a href=\"https:\/\/www.eldiario.es\/politica\/feijoo-convoca-manifestacion-pedro-sanchez-encarcelamiento-abalos_1_12803039.html\" target=\"_blank\" data-mrf-recirculation=\"links-noticia\" class=\"link\" rel=\"nofollow noopener\">convoc\u00f3 la s\u00e9ptima protesta callejera contra S\u00e1nchez<\/a>.\n    <\/p>\n<p class=\"article-text\">\n        Pero la novedad es la apelaci\u00f3n directa y p\u00fablica a las relaciones entre los empresarios catalanes y, especialmente, Junts. \u201cLo que me faltan son votos de los suyos, entre comillas, pero no los tengo. \u201dEs una constataci\u00f3n y no es una cr\u00edtica, es una cr\u00f3nica\u201c, ha zanjado.\n    <\/p>\n<p class=\"article-text\">\n        Tras la intervenci\u00f3n de Feij\u00f3o se ha producido un turno de preguntas de los asistentes, pero la retransmisi\u00f3n se ha cortado. Desde el PP aseguran que esa parte del acto no era en abierto.\n    <\/p>\n<p class=\"article-text\">\n        No es la primera vez que Feij\u00f3o hace una apelaci\u00f3n directa a Junts o ERC para buscar sus votos en una moci\u00f3n de censura contra S\u00e1nchez. Lo hizo, por ejemplo, este mismo mes de mayo, despu\u00e9s del encarcelamiento de Santos Cerd\u00e1n. En enero, Feij\u00f3o dijo tambi\u00e9n expresamente que <a href=\"https:\/\/www.eldiario.es\/politica\/feijoo-abre-conversar-junts-mocion-censura-elecciones-apoyada-vox_1_11962080.html\" target=\"_blank\" data-mrf-recirculation=\"links-noticia\" class=\"link\" rel=\"nofollow noopener\">quer\u00eda negociar con Junts<\/a>. Algo que ya hizo en 2023 <a href=\"https:\/\/www.eldiario.es\/politica\/pp-estudio-amnistia-reunirse-junts-abre-indultar-puigdemont_1_10913162.html\" target=\"_blank\" data-mrf-recirculation=\"links-noticia\" class=\"link\" rel=\"nofollow noopener\">para buscar su investidura<\/a>.\n    <\/p>\n<p class=\"article-text\">\n        Entonces, el independentismo catal\u00e1n de izquierdas y de derechas <a href=\"https:\/\/www.eldiario.es\/politica\/feijoo-amaga-mocion-censura-peor-momento-relacion-junts-pnv_1_12341652.html\" target=\"_blank\" data-mrf-recirculation=\"links-noticia\" class=\"link\" rel=\"nofollow noopener\">desech\u00f3 la idea<\/a>. Pero algunas cosas han cambiado. Junts ha escenificado su ruptura con el Gobierno, y este jueves tumb\u00f3 la senda presupuestaria.\n    <\/p>\n<p>    <a href=\"https:\/\/www.eldiario.es\/politica\/feijoo-convoca-manifestacion-pedro-sanchez-encarcelamiento-abalos_1_12803039.html\" data-mrf-recirculation=\"saber-mas-abajo\" data-dl-event=\"saber-mas-abajo\" rel=\"nofollow noopener\" target=\"_blank\"><\/p>\n<p class=\"know-more__title\">Feij\u00f3o convoca una manifestaci\u00f3n contra Pedro S\u00e1nchez tras el encarcelamiento de \u00c1balos<\/p>\n<p>            <img decoding=\"async\" class=\"lazy\" loading=\"lazy\" data-src=\"https:\/\/static.eldiario.es\/clip\/5738b112-8896-4461-8253-19e65b047bd2_16-9-aspect-ratio_default_0.jpg\" src=\"data:image\/svg+xml,%3Csvg xmlns=\" http:=\"\" viewbox=\"0 0 880 495\" alt=\"Feij\u00f3o convoca una manifestaci\u00f3n contra Pedro S\u00e1nchez tras el encarcelamiento de \u00c1balos\"\/><\/p>\n<p>                        <\/a><\/p>\n<p class=\"article-text\">\n        Ayer, cuando convoc\u00f3 la manifestaci\u00f3n del domingo, Feij\u00f3o volvi\u00f3 a rechazar la moci\u00f3n de censura. Pero a\u00f1adi\u00f3 una coletilla a tener en cuenta: <a href=\"https:\/\/www.eldiario.es\/politica\/feijoo-convoca-manifestacion-pedro-sanchez-encarcelamiento-abalos_1_12803039.html\" target=\"_blank\" data-mrf-recirculation=\"links-noticia\" class=\"link\" rel=\"nofollow noopener\">\u201cEsta es mi posici\u00f3n en el d\u00eda de hoy\u201d<\/a>.\n    <\/p>\n","protected":false},"excerpt":{"rendered":"\u201cMe faltan votos para una moci\u00f3n con un \u00fanico compromiso: convocar elecciones y que los espa\u00f1oles puedan decidir.&hellip;\n","protected":false},"author":2,"featured_media":261636,"comment_status":"","ping_status":"","sticky":false,"template":"","format":"standard","meta":{"footnotes":""},"categories":[5],"tags":[7290,17,18,31792,3374,65266,6324,25,24,13,14,9860,11,5216,19,20,1351,9,10,15,16,19025,34,199,23,12,21,22],"class_list":{"0":"post-261635","1":"post","2":"type-post","3":"status-publish","4":"format-standard","5":"has-post-thumbnail","7":"category-titulares","8":"tag-apoyar","9":"tag-breaking-news","10":"tag-breakingnews","11":"tag-catalana","12":"tag-censura","13":"tag-convenza","14":"tag-erc","15":"tag-es","16":"tag-espana","17":"tag-featured-news","18":"tag-featurednews","19":"tag-feijoo","20":"tag-headlines","21":"tag-junts","22":"tag-latest-news","23":"tag-latestnews","24":"tag-mocion","25":"tag-news","26":"tag-noticias","27":"tag-noticias-destacadas","28":"tag-noticiasdestacadas","29":"tag-patronal","30":"tag-pide","31":"tag-sanchez","32":"tag-spain","33":"tag-titulares","34":"tag-ultimas-noticias","35":"tag-ultimasnoticias"},"share_on_mastodon":{"url":"https:\/\/pubeurope.com\/@es\/115631704154595844","error":""},"_links":{"self":[{"href":"https:\/\/www.europesays.com\/es\/wp-json\/wp\/v2\/posts\/261635","targetHints":{"allow":["GET"]}}],"collection":[{"href":"https:\/\/www.europesays.com\/es\/wp-json\/wp\/v2\/posts"}],"about":[{"href":"https:\/\/www.europesays.com\/es\/wp-json\/wp\/v2\/types\/post"}],"author":[{"embeddable":true,"href":"https:\/\/www.europesays.com\/es\/wp-json\/wp\/v2\/users\/2"}],"replies":[{"embeddable":true,"href":"https:\/\/www.europesays.com\/es\/wp-json\/wp\/v2\/comments?post=261635"}],"version-history":[{"count":0,"href":"https:\/\/www.europesays.com\/es\/wp-json\/wp\/v2\/posts\/261635\/revisions"}],"wp:featuredmedia":[{"embeddable":true,"href":"https:\/\/www.europesays.com\/es\/wp-json\/wp\/v2\/media\/261636"}],"wp:attachment":[{"href":"https:\/\/www.europesays.com\/es\/wp-json\/wp\/v2\/media?parent=261635"}],"wp:term":[{"taxonomy":"category","embeddable":true,"href":"https:\/\/www.europesays.com\/es\/wp-json\/wp\/v2\/categories?post=261635"},{"taxonomy":"post_tag","embeddable":true,"href":"https:\/\/www.europesays.com\/es\/wp-json\/wp\/v2\/tags?post=261635"}],"curies":[{"name":"wp","href":"https:\/\/api.w.org\/{rel}","templated":true}]}}