{"id":261639,"date":"2025-11-29T07:06:29","date_gmt":"2025-11-29T07:06:29","guid":{"rendered":"https:\/\/www.europesays.com\/es\/261639\/"},"modified":"2025-11-29T07:06:29","modified_gmt":"2025-11-29T07:06:29","slug":"el-mensaje-clave-de-david-ferrer-a-pedro-martinez-en-la-semifinal-de-la-copa-davis-necesito-tu-resto","status":"publish","type":"post","link":"https:\/\/www.europesays.com\/es\/261639\/","title":{"rendered":"El mensaje clave de David Ferrer a Pedro Mart\u00ednez en la semifinal de la Copa Davis: \u00abNecesito tu resto\u00bb"},"content":{"rendered":"<p class=\"c-paragraph\"><b>Los chicos de<a href=\"https:\/\/www.20minutos.es\/tags\/deportes\/david-ferrer.html\" title=\"David Ferrer\" rel=\"nofollow noopener\" target=\"_blank\"> David Ferrer <\/a>est\u00e1n en la final de la <a href=\"https:\/\/www.20minutos.es\/tags\/deportes\/copa-davis.html\" title=\"Copa Davis\" rel=\"nofollow noopener\" target=\"_blank\">Copa Davis<\/a><\/b>. El combinado espa\u00f1ol derrot\u00f3 en la semifinal a Alemania, en un duelo que necesit\u00f3 de los tres partidos y que solo se resolvi\u00f3 en el \u00faltimo partido, en los dobles. Marcel Granollers y Pedro Mart\u00ednez, especialmente destacado en el tercer set, lograron la victoria espoleados por el capit\u00e1n.\u00a0<\/p>\n<p class=\"c-paragraph\">El propio Granollers resumi\u00f3 el partido: \u00abHemos empezado de una manera incre\u00edble, conectando unos restos muy buenos. Y despu\u00e9s, el segundo set ha pasado un rato en que ellos han sacado bien y no hemos podido entrar en ning\u00fan punto. Pero bueno, <b>hemos conectado muy r\u00e1pido en el tercer set y esa energ\u00eda, ese empuje, nos ha llevado a la victoria<\/b>\u00ab.<\/p>\n<p class=\"c-paragraph\">\u00abRealmente creo que tenemos que seguir la l\u00ednea que estamos. <b>Hemos ganado dos eliminatorias dur\u00edsimas<\/b>, el equipo est\u00e1 compitiendo muy bien y yo creo que no tenemos que cambiar absolutamente nada. Tenemos que ir punto a punto como estamos haciendo, siendo un equipo, estando juntos y solo as\u00ed podremos ganar\u00bb, subray\u00f3 Granollers tambi\u00e9n a Movistar Plus+.<\/p>\n<p class=\"c-paragraph\">Por \u00faltimo, Pedro Mart\u00ednez coincidi\u00f3 en haber \u00abempezado muy bien\u00bb ante los alemanes Kevin Krawietz y Tim P\u00fctz. \u00ab<b>Yo he tenido un rato muy bueno al principio del primer set, he restado muy bien <\/b>y \u00e9l tambi\u00e9n. En el segundo yo notaba que todo el rato ellos jugaban con primeros saques y era muy dif\u00edcil restar\u00bb, reconoci\u00f3 el tenista alcire\u00f1o.<\/p>\n<p class=\"c-paragraph\">\u00abY al final el capi me ha dicho<b> &#8216;necesito tu resto, necesito tu resto&#8217;<\/b>. Hemos hecho un &#8216;break&#8217; y hemos mantenido el saque hasta el final y creo que ha sido eso la clave\u00bb, describi\u00f3 Mart\u00ednez sobre sus charlas con Ferrer. Por \u00faltimo, bromearon con su corte de pelo. \u00abMe pas\u00f3 la m\u00e1quina al cero y ya no hab\u00eda vuelta atr\u00e1s. Intent\u00e9 arreglarlo&#8230; pero bueno, ojal\u00e1 que d\u00e9 suerte para ma\u00f1ana\u00bb, dese\u00f3 finalmente entre risas.<\/p>\n","protected":false},"excerpt":{"rendered":"Los chicos de David Ferrer est\u00e1n en la final de la Copa Davis. El combinado espa\u00f1ol derrot\u00f3 en&hellip;\n","protected":false},"author":2,"featured_media":261640,"comment_status":"","ping_status":"","sticky":false,"template":"","format":"standard","meta":{"footnotes":""},"categories":[274],"tags":[13877,9482,168,25,24,34990,23,167,327,326],"class_list":{"0":"post-261639","1":"post","2":"type-post","3":"status-publish","4":"format-standard","5":"has-post-thumbnail","7":"category-tenis","8":"tag-copa-davis","9":"tag-david-ferrer","10":"tag-deportes","11":"tag-es","12":"tag-espana","13":"tag-marcel-granollers","14":"tag-spain","15":"tag-sports","16":"tag-tenis","17":"tag-tennis"},"share_on_mastodon":{"url":"https:\/\/pubeurope.com\/@es\/115631723863427271","error":""},"_links":{"self":[{"href":"https:\/\/www.europesays.com\/es\/wp-json\/wp\/v2\/posts\/261639","targetHints":{"allow":["GET"]}}],"collection":[{"href":"https:\/\/www.europesays.com\/es\/wp-json\/wp\/v2\/posts"}],"about":[{"href":"https:\/\/www.europesays.com\/es\/wp-json\/wp\/v2\/types\/post"}],"author":[{"embeddable":true,"href":"https:\/\/www.europesays.com\/es\/wp-json\/wp\/v2\/users\/2"}],"replies":[{"embeddable":true,"href":"https:\/\/www.europesays.com\/es\/wp-json\/wp\/v2\/comments?post=261639"}],"version-history":[{"count":0,"href":"https:\/\/www.europesays.com\/es\/wp-json\/wp\/v2\/posts\/261639\/revisions"}],"wp:featuredmedia":[{"embeddable":true,"href":"https:\/\/www.europesays.com\/es\/wp-json\/wp\/v2\/media\/261640"}],"wp:attachment":[{"href":"https:\/\/www.europesays.com\/es\/wp-json\/wp\/v2\/media?parent=261639"}],"wp:term":[{"taxonomy":"category","embeddable":true,"href":"https:\/\/www.europesays.com\/es\/wp-json\/wp\/v2\/categories?post=261639"},{"taxonomy":"post_tag","embeddable":true,"href":"https:\/\/www.europesays.com\/es\/wp-json\/wp\/v2\/tags?post=261639"}],"curies":[{"name":"wp","href":"https:\/\/api.w.org\/{rel}","templated":true}]}}