{"id":261645,"date":"2025-11-29T07:10:15","date_gmt":"2025-11-29T07:10:15","guid":{"rendered":"https:\/\/www.europesays.com\/es\/261645\/"},"modified":"2025-11-29T07:10:15","modified_gmt":"2025-11-29T07:10:15","slug":"getafe-elche-en-directo-hoy","status":"publish","type":"post","link":"https:\/\/www.europesays.com\/es\/261645\/","title":{"rendered":"Getafe &#8211; Elche, en directo hoy"},"content":{"rendered":"<p>\n    LiveBlog: 5373\n<\/p>\n<p>                                    Formaci\u00f3n: 442<br \/>\n                                Campo de juego LaLiga EA Sports<\/p>\n<p>                                                                        13<br \/>\n                                            21<br \/>\n                                            12<br \/>\n                                            5<br \/>\n                                            22<br \/>\n                                            2<br \/>\n                                            17<br \/>\n                                            8<br \/>\n                                            9<br \/>\n                                            23<br \/>\n                                            18<br \/>\n                                                                                                            13<br \/>\n                                            39<br \/>\n                                            11<br \/>\n                                            21<br \/>\n                                            22<br \/>\n                                            15<br \/>\n                                            19<br \/>\n                                            14<br \/>\n                                            9<br \/>\n                                            20<br \/>\n                                            16<\/p>\n<p>                                        <img decoding=\"async\" class=\"shield-img\" src=\"https:\/\/www.europesays.com\/es\/wp-content\/uploads\/2025\/10\/60f53a73a2a57.png\" alt=\"Local Getafe\"\/><\/p>\n<p>\n                    Estadio Coliseum\n                <\/p>\n<p>                                        <img decoding=\"async\" class=\"shield-img dc-img-right\" src=\"https:\/\/www.europesays.com\/es\/wp-content\/uploads\/2025\/09\/60f53b16cefbe.png\" alt=\"Visitante Elche\"\/><\/p>\n<p>\n                        13David Soria\n                                            <\/p>\n<p>\n                        I\u00f1aki Pe\u00f1a13\n                                            <\/p>\n<p>\n                        21Juan Iglesias\n                                            <\/p>\n<p>\n                        5Luis Milla<\/p>\n<p>                                                                42&#8242;<\/p>\n<p>\n                        L\u00e9o P\u00e9trot21\n                                            <\/p>\n<p>\n                        22Domingos Duarte\n                                            <\/p>\n<p>\n                        David Affengruber22\n                                            <\/p>\n<p>\n                        2Djen\u00e9 Dakonam<\/p>\n<p>                                                                77&#8242;<\/p>\n<p>\n                        \u00c1lvaro N\u00fa\u00f1ez15\n                                            <\/p>\n<p>\n                        8Mauro Arambarri<\/p>\n<p>                                                                55&#8242;<\/p>\n<p>\n                        Aleix Febas14\n                                            <\/p>\n<p>\n                        23Adri\u00e1n Liso\n                                            <\/p>\n<p>\n                        \u00c1lvaro Rodr\u00edguez20\n                                            <\/p>\n<p>                                        <img decoding=\"async\" class=\"shield-img\" src=\"https:\/\/www.europesays.com\/es\/wp-content\/uploads\/2025\/10\/60f53a73a2a57.png\" alt=\"Local Getafe\"\/><\/p>\n<p>\n                    Suplentes\n                <\/p>\n<p>                                        <img decoding=\"async\" class=\"shield-img dc-img-right\" src=\"https:\/\/www.europesays.com\/es\/wp-content\/uploads\/2025\/09\/60f53b16cefbe.png\" alt=\"Visitante Elche\"\/><\/p>\n<p>\n                            1Jir\u00ed Let\u00e1cek\n                                                    <\/p>\n<p>\n                            Mat\u00edas Dituro1\n                                                    <\/p>\n<p>\n                            Alejandro Iturbe45\n                                                    <\/p>\n<p>\n                            32Lucas Laso\n                                                    <\/p>\n<p>\n                            Bambo Diaby4\n                                                    <\/p>\n<p>\n                            41Jorge Montes\n                                                    <\/p>\n<p>\n                            Pedro Bigas6\n                                                    <\/p>\n<p>\n                            John Donald18\n                                                    <\/p>\n<p>\n                            34Hugo Solozabal\n                                                    <\/p>\n<p>\n                            Federico Redondo5\n                                                    <\/p>\n<p>\n                            7Juanmi\n                                                    <\/p>\n<p>                            Rodrigo Mendoza30<\/p>\n<p>                                                                        45&#8242;<\/p>\n<p>                                                                        72&#8242;<\/p>\n<p>\n                            20Coba da Costa\n                                                    <\/p>\n<p>\n                            37Joselu P\u00e9rez\n                                                    <\/p>\n<p>\n                            Adam El Mokhtari32\n                                                    <\/p>\n<p>                                        <img decoding=\"async\" class=\"shield-img\" src=\"https:\/\/www.europesays.com\/es\/wp-content\/uploads\/2025\/10\/60f53a73a2a57.png\" alt=\"Local Getafe\"\/><\/p>\n<p>\n                    Entrenador\n                <\/p>\n<p>                                        <img decoding=\"async\" class=\"shield-img dc-img-right\" src=\"https:\/\/www.europesays.com\/es\/wp-content\/uploads\/2025\/09\/60f53b16cefbe.png\" alt=\"Visitante Elche\"\/><\/p>\n<p>\n                    Jos\u00e9 Bordal\u00e1s\n                <\/p>\n<p>\n                    Eder Sarabia\n                <\/p>\n<p data-gtm-element-container=\"modulo-texto-link\" class=\"paragraph\">Buenas tardes y bienvenidos a la narraci\u00f3n, en directo, del partido de f\u00fatbol de la LaLiga EA Sports que enfrenta al Getafe contra el Elche correspondiente a Jornada 14. Desde Mundo Deportivo, te ofrecemos toda la cobertura minuto a minuto, la previa, las alineaciones, las mejores jugadas y goles del encuentro y el resultado con todas las reacciones al post match.<\/p>\n<p data-gtm-element-container=\"modulo-texto-link\" class=\"paragraph\">Horario y d\u00f3nde por TV el partido entre Getafe y Elche<\/p>\n<p data-gtm-element-container=\"modulo-texto-link\" class=\"paragraph\">El partido se disputa viernes 28 de noviembre de 2025 a las 21:00 en el Estadio Coliseum. \u00a1Disfruta del mejor f\u00fatbol en vivo, en la web de Mundo Deportivo!<\/p>\n<p data-gtm-element-container=\"modulo-texto-link\" class=\"paragraph\">Getafe &#8211; Elche | LaLiga EA Sports<\/p>\n","protected":false},"excerpt":{"rendered":"LiveBlog: 5373 Formaci\u00f3n: 442 Campo de juego LaLiga EA Sports 13 21 12 5 22 2 17 8&hellip;\n","protected":false},"author":2,"featured_media":261646,"comment_status":"","ping_status":"","sticky":false,"template":"","format":"standard","meta":{"footnotes":""},"categories":[268],"tags":[168,25,24,280,282,281,23,167],"class_list":{"0":"post-261645","1":"post","2":"type-post","3":"status-publish","4":"format-standard","5":"has-post-thumbnail","7":"category-futbol","8":"tag-deportes","9":"tag-es","10":"tag-espana","11":"tag-football","12":"tag-futbol","13":"tag-soccer","14":"tag-spain","15":"tag-sports"},"share_on_mastodon":{"url":"https:\/\/pubeurope.com\/@es\/115631740268883133","error":""},"_links":{"self":[{"href":"https:\/\/www.europesays.com\/es\/wp-json\/wp\/v2\/posts\/261645","targetHints":{"allow":["GET"]}}],"collection":[{"href":"https:\/\/www.europesays.com\/es\/wp-json\/wp\/v2\/posts"}],"about":[{"href":"https:\/\/www.europesays.com\/es\/wp-json\/wp\/v2\/types\/post"}],"author":[{"embeddable":true,"href":"https:\/\/www.europesays.com\/es\/wp-json\/wp\/v2\/users\/2"}],"replies":[{"embeddable":true,"href":"https:\/\/www.europesays.com\/es\/wp-json\/wp\/v2\/comments?post=261645"}],"version-history":[{"count":0,"href":"https:\/\/www.europesays.com\/es\/wp-json\/wp\/v2\/posts\/261645\/revisions"}],"wp:featuredmedia":[{"embeddable":true,"href":"https:\/\/www.europesays.com\/es\/wp-json\/wp\/v2\/media\/261646"}],"wp:attachment":[{"href":"https:\/\/www.europesays.com\/es\/wp-json\/wp\/v2\/media?parent=261645"}],"wp:term":[{"taxonomy":"category","embeddable":true,"href":"https:\/\/www.europesays.com\/es\/wp-json\/wp\/v2\/categories?post=261645"},{"taxonomy":"post_tag","embeddable":true,"href":"https:\/\/www.europesays.com\/es\/wp-json\/wp\/v2\/tags?post=261645"}],"curies":[{"name":"wp","href":"https:\/\/api.w.org\/{rel}","templated":true}]}}