{"id":261647,"date":"2025-11-29T07:11:12","date_gmt":"2025-11-29T07:11:12","guid":{"rendered":"https:\/\/www.europesays.com\/es\/261647\/"},"modified":"2025-11-29T07:11:12","modified_gmt":"2025-11-29T07:11:12","slug":"richard-gere-enciende-el-gran-arbol-de-navidad-de-murcia-estas-celebraciones-sirven-para-que-podamos-recordar-que-somos-seres-de-luz-el-pais","status":"publish","type":"post","link":"https:\/\/www.europesays.com\/es\/261647\/","title":{"rendered":"Richard Gere enciende el Gran \u00c1rbol de Navidad de Murcia: \u201cEstas celebraciones sirven para que podamos recordar que somos seres de luz\u201d &#8211; EL PA\u00cdS"},"content":{"rendered":"<ol>\n<li><a href=\"https:\/\/news.google.com\/rss\/articles\/CBMigwJBVV95cUxORUItRmxXeEw0U1FEb0htZTVfal9Dbm51aWxTZjk0TkpobDdhbEtVeEVPMWJTMXRrUTFCaTNlbWgzYThUUjV1Q2toWGRlMHB6ZnVZTzF3c3ZNQTJnYzE2Vk1BWVR3emYwZ1hqWHpLeGtDLWZYSlZISzVmT3lJQlp2VGFxYjV6blpYZnRDbV84UUFRdTNhTUl6aVBvTFJqWlpibk9oZUxYUGd5YWhLLWpXS1prcU9qZkdsM0Jia0hlSWwxTXA3TVNHYkc1R2JzNGVOMU1jY2NGckRaamw5R29famhlc2VSbmMzazRRVHpTXzRHU3JfTnppTmFVbWFqdHlKaENN?oc=5\" target=\"_blank\" rel=\"nofollow noopener\">Richard Gere enciende el Gran \u00c1rbol de Navidad de Murcia: \u201cEstas celebraciones sirven para que podamos recordar que somos seres de luz\u201d<\/a>&nbsp;&nbsp;EL PA\u00cdS<\/li>\n<li><a href=\"https:\/\/news.google.com\/rss\/articles\/CBMiqwFBVV95cUxPcXRmM29hTUVTQVhnYUg0aFJYZVVrYWpycXlVSTRlSnBBYWgyaUtaMm9RX1E3ZEZGV3Vydngzb252S3pmUnBMNE5ybG9EcnZzbXRucURjR1NJOFBGN1NnRTB1ejctZDd1dVJxOXFKOTlWTTZXdmZ2OFctM2Y1T3FkYzEwQjhtOExidTF5ZzY5Y2RrM0JMX0pzZHFBbzBuckxNb0s5TC0tQWNWekU?oc=5\" target=\"_blank\" rel=\"nofollow noopener\">Richard Gere enamora a La Arrixaca: \u00abSi mi pa\u00eds tuviera otro presidente, podr\u00edamos aprender mucho de la sanidad de Espa\u00f1a<\/a>&nbsp;&nbsp;La Verdad<\/li>\n<li><a href=\"https:\/\/news.google.com\/rss\/articles\/CBMiggFBVV95cUxNLXppY3RkU1AzdUJlMzJMN20ybzJraXlLUmtDY1NGQkFaQ1VBZmVCTEV4UGpPNm1PcDk4Sm9ndnZjR0FOeVdYVEkzNW82dkJiamJ5dEc1R1FZZEc4c3Z4SzBGanV4OHBsRHR6UF9pNGI0c1pCbkt6ck9wZ29DVHJFRFN3?oc=5\" target=\"_blank\" rel=\"nofollow noopener\">La Regi\u00f3n de Murcia contar\u00e1 con el mayor gimnasio hospitalario de Espa\u00f1a para ni\u00f1os y adolescentes con &#8230;<\/a>&nbsp;&nbsp;CARM.es<\/li>\n<li><a href=\"https:\/\/news.google.com\/rss\/articles\/CBMipgFBVV95cUxQSXpPSi1PZXpMWk9yc0ZMZm5vTjFEZGJLQlBGNTBtOG1sTVJRdExVZE9GYmYtSG82Q0JWTEdJdVMwQWp4XzZiUllSOUpOdUtPVndVRG9sSGtNS0VlaUFnYkRSeXQ3Z09LYWVDN1g2THJ4SjlzN3FCNG5lTmFuRFg4MGpsbG55NC1IRW9pWFhld1RiaDkzRVhSRFc1T2JyQUJLSExUNUVB?oc=5\" target=\"_blank\" rel=\"nofollow noopener\">A qu\u00e9 hora es el encendido del \u00e1rbol de Navidad de Murcia hoy con Richard Gere, ubicaci\u00f3n y actividades<\/a>&nbsp;&nbsp;ABC<\/li>\n<li><a href=\"https:\/\/news.google.com\/rss\/articles\/CBMijAFBVV95cUxQZlRXc0poTm5VUndDU1lHc1RkMGRYbmQ2MUYyRlZLamlCQzN2a3ZoWVVXWFY4UmU5Z0R1LWN5c3ZtMGx2Uk5ka3NKS0phdXhTQ3pHaUp5ZUdqRzhPOTZjcWR0UkNHZDFZbkJsLVhKcG9PMTBySjlwVXVodzVGUEQyM05pZFk0QTNCYnA2SA?oc=5\" target=\"_blank\" rel=\"nofollow noopener\">Richard Gere conquista Murcia: emoci\u00f3n, saludo en espa\u00f1ol y confusi\u00f3n con un doble<\/a>&nbsp;&nbsp;HOLA<\/li>\n<\/ol>\n","protected":false},"excerpt":{"rendered":"Richard Gere enciende el Gran \u00c1rbol de Navidad de Murcia: \u201cEstas celebraciones sirven para que podamos recordar que&hellip;\n","protected":false},"author":2,"featured_media":261648,"comment_status":"","ping_status":"","sticky":false,"template":"","format":"standard","meta":{"footnotes":""},"categories":[174],"tags":[255,146,147,25,24,256,23],"class_list":{"0":"post-261647","1":"post","2":"type-post","3":"status-publish","4":"format-standard","5":"has-post-thumbnail","7":"category-famosos","8":"tag-celebrities","9":"tag-entertainment","10":"tag-entretenimiento","11":"tag-es","12":"tag-espana","13":"tag-famosos","14":"tag-spain"},"share_on_mastodon":{"url":"https:\/\/pubeurope.com\/@es\/115631744126687408","error":""},"_links":{"self":[{"href":"https:\/\/www.europesays.com\/es\/wp-json\/wp\/v2\/posts\/261647","targetHints":{"allow":["GET"]}}],"collection":[{"href":"https:\/\/www.europesays.com\/es\/wp-json\/wp\/v2\/posts"}],"about":[{"href":"https:\/\/www.europesays.com\/es\/wp-json\/wp\/v2\/types\/post"}],"author":[{"embeddable":true,"href":"https:\/\/www.europesays.com\/es\/wp-json\/wp\/v2\/users\/2"}],"replies":[{"embeddable":true,"href":"https:\/\/www.europesays.com\/es\/wp-json\/wp\/v2\/comments?post=261647"}],"version-history":[{"count":0,"href":"https:\/\/www.europesays.com\/es\/wp-json\/wp\/v2\/posts\/261647\/revisions"}],"wp:featuredmedia":[{"embeddable":true,"href":"https:\/\/www.europesays.com\/es\/wp-json\/wp\/v2\/media\/261648"}],"wp:attachment":[{"href":"https:\/\/www.europesays.com\/es\/wp-json\/wp\/v2\/media?parent=261647"}],"wp:term":[{"taxonomy":"category","embeddable":true,"href":"https:\/\/www.europesays.com\/es\/wp-json\/wp\/v2\/categories?post=261647"},{"taxonomy":"post_tag","embeddable":true,"href":"https:\/\/www.europesays.com\/es\/wp-json\/wp\/v2\/tags?post=261647"}],"curies":[{"name":"wp","href":"https:\/\/api.w.org\/{rel}","templated":true}]}}