{"id":261651,"date":"2025-11-29T07:14:08","date_gmt":"2025-11-29T07:14:08","guid":{"rendered":"https:\/\/www.europesays.com\/es\/261651\/"},"modified":"2025-11-29T07:14:08","modified_gmt":"2025-11-29T07:14:08","slug":"edgar-vivar-recuerda-a-roberto-gomez-bolanos-chespirito-a-mas-de-una-decada-de-su-muerte-infobae","status":"publish","type":"post","link":"https:\/\/www.europesays.com\/es\/261651\/","title":{"rendered":"Edgar Vivar recuerda a Roberto G\u00f3mez Bola\u00f1os \u201cChespirito\u201d a m\u00e1s de una d\u00e9cada de su muerte &#8211; Infobae"},"content":{"rendered":"<ol>\n<li><a href=\"https:\/\/news.google.com\/rss\/articles\/CBMiywFBVV95cUxOREl2cDAtNVdQdThoOXJ2dElMT2prYnVGYVZ3WFFiVUpQLVB1N0t3RU1UUXBnZVlSQkZTajJCRXZxNnBZMnRJQUdTbG53TzVjbHZ2T2xGRE1HaVlSYmJjTTJnRTZmSmxzVVE0ZG5BNkJKeHZhVEQ5ZFNycTlOZGQ2djc2bjVtZ01ITEJnU0JoajVnb0lzQlFXM2VYRnExeTRocktvWjA1a2t4MUNJVVJoN3lLWk1CTVg3WHZhTWpZT093MUxabndKSS1GMNIB5gFBVV95cUxNeGNYWnQ3YkIzZG9zd2Exem9NQlkzM1UxZFFNSV93N19IN3lZXzVMWXEzel9QSE0zZElSNEUwOXN5ME5qYTlhMTVvRGJUM0lfUFd1ZkVGU2l4Ym9wenhKeTdBQVJnUTdNOElfLXV4ei1DOWUtZzlOa2NEUHl3Y2p0OVZiTHBBclVrV0pnelRRWl80R0NnQkhjTi0zSlY3ZUk3MTE2dUlHLWNuZUdkdVZGd19zM3ZhZ3lUTDB3ZHNDc0thQXZXN3BxOW5NY0VTbVRidFREQlljZ0sxLTc1MWV5VTZzeG9Wdw?oc=5\" target=\"_blank\" rel=\"nofollow noopener\">Edgar Vivar recuerda a Roberto G\u00f3mez Bola\u00f1os \u201cChespirito\u201d a m\u00e1s de una d\u00e9cada de su muerte<\/a>&nbsp;&nbsp;Infobae<\/li>\n<li><a href=\"https:\/\/news.google.com\/rss\/articles\/CBMiuAFBVV95cUxNRFFYeDltQk1nNkVzVmFqZXZWcFlVWHdMQW4wNElzR2xqaDhlY1hJbDdmcUNOa19yVU1jVUNOai03cW8yVHVFZGVfYlhFaHJwZEoyakQ0R05sOHB3Q091TVBZbE55aUx2TXJLRld1c0dreUhRS3VFQUxFXzJYVElocUdkdFNBS29sRlotQVlFTWtLdms1amc3VWFZZXJ5N1h2M3FaY1d4YzY1TjNiUHY1cHdOb0YyNWZx?oc=5\" target=\"_blank\" rel=\"nofollow noopener\">A 11 a\u00f1os de su fallecimiento, descubre estos 5 datos curiosos sobre Chespirito<\/a>&nbsp;&nbsp;Municipios Puebla<\/li>\n<li><a href=\"https:\/\/news.google.com\/rss\/articles\/CBMiqwFBVV95cUxOV0g2SDBUd2VnaVhYU19OWEdQanhoNGNKQTdHMV9oYlhyTWhOTVc0eXBGTy1aSmtKUlUtMjlIYUlnZURoNkxVR1dnbExGaXR6eUdhaFQ5WUNDSEQ1TEItNTAtWHZLZXo3VXlSZUFYYVFIdnNWdVpfYXMwSzBHYUl3Q3lFTzBSbG44YVFsSk54QUV0eVE4enNJZnVEbDA0NUpZUzNDTXdkVVFfQ3M?oc=5\" target=\"_blank\" rel=\"nofollow noopener\">Florinda Meza recuerda a Roberto G\u00f3mez Bola\u00f1os: \u00abTe he extra\u00f1ado mucho cada d\u00eda\u00bb<\/a>&nbsp;&nbsp;Per\u00fa 21<\/li>\n<li><a href=\"https:\/\/news.google.com\/rss\/articles\/CBMivwFBVV95cUxOSHFpcHF1LUQ0REFJeTgxc3lJc09kVERZb1pqaEdQYVRhcGJYS2ZBS1hzUUxpYlRwdm8zekpubG1XQTNBZ29ubGhrS0tTNy1idTRlY3NDQlIzSkZGVERmN25jcDlDLWN2dDJGeXBHOG1ZLW5GbDd6Mmg4R1UzRTdIVnl4eV85cGZOaWd5ZmRPYl9qSjh5SE5RT2JOOGpRSXBBQVluNHR3Z0ZPQXM5U2hnUnlYNE9ZejNkUGFfRGhXMA?oc=5\" target=\"_blank\" rel=\"nofollow noopener\">A 11 a\u00f1os de la muerte de Chespirito, el genio que marc\u00f3 la comedia en Am\u00e9rica Latina<\/a>&nbsp;&nbsp;El Imparcial de Oaxaca<\/li>\n<li><a href=\"https:\/\/news.google.com\/rss\/articles\/CBMi-AFBVV95cUxQT3JDTS1lYVMtb2dyZmtDOGFaSlJRbGxKTS1NdW9pOUZXUWtyYTByVWhzWTJLTURiQU42dndVRi1hbTFGcmU1eFhGRXZVejBxbGFtX0libHo1S1Z4WXQ2Zy1RM2hwNFVVZ1FpeUhRMVN0OWtKV2hzcDM5b2M4M2k2UER4OGFfdzh3VHNVZThzYmFPekMtZTZsaDRVRDhUa2Mtelc0dGlmeWI3V0dpZ19ORkhWZEVETlBQNTE0YW9jSklORFk0bEtXS20yWkZKa2hMeHVnTmY3NGQtZnJOOE9obTEycHlaVzZIRC1sNEZjQUFwYnZsaVZrctIBkwJBVV95cUxOWTl2WGxiaFQ5RWd6WjVZa0VYeW82ZDNxeHVrSjR3RzY3YlpQU1dFWHp4NVFod0tJM29aVVFaaHJXeVgxM3JNLXhtVmtnTllBNlhJQWV0M3NoZzVHU3ZwNE04X1lKdkxGSmtETWhfd0J4dS11UTZYcVdJY3NRalJHb255VUVnYS1SU3dXS2JybTdXSDZkWVh5WEdIWFBxN2pVUXJ3SGF5VkhmNUpaMTNTX3hYRGRYZU1FeTNpZFZHNEs5YXJPTldXTkpnc0VJOUszT054a1ljRVY4MUtZUUVUWWJ4X2EwR3BQbGFibm9DY0VjdVNTVzZWRTNVcDExblo5b0g2ekJQZGZ5amk2bjhIT1BoRQ?oc=5\" target=\"_blank\" rel=\"nofollow noopener\">\u00c9dgar Vivar recuerda a Chespirito a 11 a\u00f1os de su muerte y comparte una foto in\u00e9dita de su etapa en \u201cLos Caquitos\u201d<\/a>&nbsp;&nbsp;El Imparcial<\/li>\n<\/ol>\n","protected":false},"excerpt":{"rendered":"Edgar Vivar recuerda a Roberto G\u00f3mez Bola\u00f1os \u201cChespirito\u201d a m\u00e1s de una d\u00e9cada de su muerte&nbsp;&nbsp;Infobae A 11&hellip;\n","protected":false},"author":2,"featured_media":248356,"comment_status":"","ping_status":"","sticky":false,"template":"","format":"standard","meta":{"footnotes":""},"categories":[171],"tags":[146,147,25,24,23,214],"class_list":{"0":"post-261651","1":"post","2":"type-post","3":"status-publish","4":"format-standard","5":"has-post-thumbnail","7":"category-tv","8":"tag-entertainment","9":"tag-entretenimiento","10":"tag-es","11":"tag-espana","12":"tag-spain","13":"tag-tv"},"share_on_mastodon":{"url":"","error":""},"_links":{"self":[{"href":"https:\/\/www.europesays.com\/es\/wp-json\/wp\/v2\/posts\/261651","targetHints":{"allow":["GET"]}}],"collection":[{"href":"https:\/\/www.europesays.com\/es\/wp-json\/wp\/v2\/posts"}],"about":[{"href":"https:\/\/www.europesays.com\/es\/wp-json\/wp\/v2\/types\/post"}],"author":[{"embeddable":true,"href":"https:\/\/www.europesays.com\/es\/wp-json\/wp\/v2\/users\/2"}],"replies":[{"embeddable":true,"href":"https:\/\/www.europesays.com\/es\/wp-json\/wp\/v2\/comments?post=261651"}],"version-history":[{"count":0,"href":"https:\/\/www.europesays.com\/es\/wp-json\/wp\/v2\/posts\/261651\/revisions"}],"wp:featuredmedia":[{"embeddable":true,"href":"https:\/\/www.europesays.com\/es\/wp-json\/wp\/v2\/media\/248356"}],"wp:attachment":[{"href":"https:\/\/www.europesays.com\/es\/wp-json\/wp\/v2\/media?parent=261651"}],"wp:term":[{"taxonomy":"category","embeddable":true,"href":"https:\/\/www.europesays.com\/es\/wp-json\/wp\/v2\/categories?post=261651"},{"taxonomy":"post_tag","embeddable":true,"href":"https:\/\/www.europesays.com\/es\/wp-json\/wp\/v2\/tags?post=261651"}],"curies":[{"name":"wp","href":"https:\/\/api.w.org\/{rel}","templated":true}]}}