{"id":261652,"date":"2025-11-29T07:17:13","date_gmt":"2025-11-29T07:17:13","guid":{"rendered":"https:\/\/www.europesays.com\/es\/261652\/"},"modified":"2025-11-29T07:17:13","modified_gmt":"2025-11-29T07:17:13","slug":"octopus-lucira-en-el-frontal-de-la-camiseta-del-granada-cf-en-los-proximos-encuentros-granada-cf","status":"publish","type":"post","link":"https:\/\/www.europesays.com\/es\/261652\/","title":{"rendered":"Octopus lucir\u00e1 en el frontal de la camiseta del Granada CF en los pr\u00f3ximos encuentros | Granada CF"},"content":{"rendered":"<p>El Granada Club de F\u00fatbol anuncia la incorporaci\u00f3n de<strong> OCTOPUS<\/strong> como patrocinador rotativo en el frontal de la camiseta del primer equipo durante los pr\u00f3ximos tres encuentros oficiales, incluido el partido de Copa del Rey frente al Club Deportivo Tenerife, y los dos de LaLiga Hypermotion frente a la Cultural y Deportiva Leonesa a domicilio y ante la Agrupaci\u00f3n Deportiva Ceuta en Los C\u00e1rmenes.<\/p>\n<p>Con esta alianza, OCTOPUS se convierte en la cuarta empresa que luce su imagen en la parte delantera de nuestra equipaci\u00f3n esta temporada 2025\/26, dentro del proyecto de patrocinio rotativo impulsado por el Club junto a C\u00e1mara de Comercio Granada.<\/p>\n<p>OCTOPUS, l\u00edder en dise\u00f1o y producci\u00f3n integral de ferias comerciales y eventos, se une al Granada CF con un acuerdo que va m\u00e1s all\u00e1 de la presencia en la camiseta. Esta colaboraci\u00f3n supone el inicio de una relaci\u00f3n bidireccional, en la que ambas entidades impulsar\u00e1n iniciativas y proyectos futuros, reforzando su compromiso con el desarrollo del tejido empresarial.<\/p>\n<p>El Club expresa su satisfacci\u00f3n por sumar a un referente del sector al proyecto rojiblanco y agradece la confianza depositada por OCTOPUS en esta nueva etapa de colaboraci\u00f3n.<\/p>\n","protected":false},"excerpt":{"rendered":"El Granada Club de F\u00fatbol anuncia la incorporaci\u00f3n de OCTOPUS como patrocinador rotativo en el frontal de la&hellip;\n","protected":false},"author":2,"featured_media":261653,"comment_status":"","ping_status":"","sticky":false,"template":"","format":"standard","meta":{"footnotes":""},"categories":[93],"tags":[168,25,24,23,167],"class_list":{"0":"post-261652","1":"post","2":"type-post","3":"status-publish","4":"format-standard","5":"has-post-thumbnail","7":"category-deportes","8":"tag-deportes","9":"tag-es","10":"tag-espana","11":"tag-spain","12":"tag-sports"},"share_on_mastodon":{"url":"https:\/\/pubeurope.com\/@es\/115631767167089669","error":""},"_links":{"self":[{"href":"https:\/\/www.europesays.com\/es\/wp-json\/wp\/v2\/posts\/261652","targetHints":{"allow":["GET"]}}],"collection":[{"href":"https:\/\/www.europesays.com\/es\/wp-json\/wp\/v2\/posts"}],"about":[{"href":"https:\/\/www.europesays.com\/es\/wp-json\/wp\/v2\/types\/post"}],"author":[{"embeddable":true,"href":"https:\/\/www.europesays.com\/es\/wp-json\/wp\/v2\/users\/2"}],"replies":[{"embeddable":true,"href":"https:\/\/www.europesays.com\/es\/wp-json\/wp\/v2\/comments?post=261652"}],"version-history":[{"count":0,"href":"https:\/\/www.europesays.com\/es\/wp-json\/wp\/v2\/posts\/261652\/revisions"}],"wp:featuredmedia":[{"embeddable":true,"href":"https:\/\/www.europesays.com\/es\/wp-json\/wp\/v2\/media\/261653"}],"wp:attachment":[{"href":"https:\/\/www.europesays.com\/es\/wp-json\/wp\/v2\/media?parent=261652"}],"wp:term":[{"taxonomy":"category","embeddable":true,"href":"https:\/\/www.europesays.com\/es\/wp-json\/wp\/v2\/categories?post=261652"},{"taxonomy":"post_tag","embeddable":true,"href":"https:\/\/www.europesays.com\/es\/wp-json\/wp\/v2\/tags?post=261652"}],"curies":[{"name":"wp","href":"https:\/\/api.w.org\/{rel}","templated":true}]}}