{"id":261654,"date":"2025-11-29T07:19:09","date_gmt":"2025-11-29T07:19:09","guid":{"rendered":"https:\/\/www.europesays.com\/es\/261654\/"},"modified":"2025-11-29T07:19:09","modified_gmt":"2025-11-29T07:19:09","slug":"solo-le-ha-visto-tres-veces","status":"publish","type":"post","link":"https:\/\/www.europesays.com\/es\/261654\/","title":{"rendered":"\u00abSolo le ha visto tres veces\u00bb"},"content":{"rendered":"<p style=\"\"><a href=\"https:\/\/www.abc.es\/gente\/gabriela-guillen-calla-explota-bertin-osborne-20251120112554-vi.html\" target=\"_self\" data-voc-vtm-id=\"in-text-traffic\" title=\"Gabriela Guill\u00e9n\" data-mrf-link=\"www.abc.es\" rel=\"nofollow noopener\">Gabriela Guill\u00e9n<\/a> y <a href=\"https:\/\/www.abc.es\/gente\/gabriela-guillen-responde-tajante-hijas-bertin-osborne-20251030160034-vi.html\" target=\"_self\" data-voc-vtm-id=\"in-text-traffic\" title=\"Bert\u00edn Osborne\" data-mrf-link=\"www.abc.es\" rel=\"nofollow noopener\">Bert\u00edn Osborne<\/a> vuelven a llevarse mal. La paraguaya se sent\u00f3 en el plat\u00f3 de &#8216;\u00a1De Viernes!&#8217; para aclarar ciertas cosas, y m\u00e1s especialmente <strong>el papel del cantante como padre<\/strong>. Al respecto, no pudo ser m\u00e1s tajante y asegur\u00f3 que  &#8230; a su hijo \u00ab<strong>solo le ha visto tres veces<\/strong>\u00bb. Eso s\u00ed, anunci\u00f3 un acuerdo in extremis por la <strong>manutenci\u00f3n<\/strong> del peque\u00f1o despu\u00e9s de que amenazara con demandas.<\/p>\n<p class=\"voc-p\" style=\"\">Fue el 20 de agosto de este a\u00f1o cuando <a href=\"https:\/\/www.abc.es\/gente\/gabriela-guillen-publica-primera-vez-fotografia-hijo-20250104130506-nt.html\" target=\"_self\" data-voc-vtm-id=\"in-text-traffic\" title=\"Bert\u00edn Osborne y Gabriela Guill\u00e9n\" data-mrf-link=\"www.abc.es\" rel=\"nofollow noopener\">Bert\u00edn Osborne y Gabriela Guill\u00e9n<\/a> posaban junto a su hijo en la portada de &#8216;\u00a1Hola!&#8217; para protagonizar <strong>una de las exclusivas del verano<\/strong>. Luego se supo que hab\u00edan sido fotografiados por separado y ahora se est\u00e1 conociendo que aquella tierna estampa familiar no era tan as\u00ed.<\/p>\n<p class=\"voc-p\" style=\"\">Gabriela Guill\u00e9n lleg\u00f3 al plat\u00f3 de &#8216;\u00a1De Viernes!&#8217; entre comentarios sobre <a href=\"https:\/\/www.abc.es\/gente\/dificil-momento-gabriela-guillen-deudas-nueva-tension-20251120122457-nt.html\" target=\"_self\" data-voc-vtm-id=\"in-text-traffic\" title=\"eventuales problemas econ\u00f3micos\" data-mrf-link=\"www.abc.es\" rel=\"nofollow noopener\">eventuales problemas econ\u00f3micos<\/a> y con el prop\u00f3sito de exponer a los ojos de toda Espa\u00f1a <strong>c\u00f3mo est\u00e1n las cosas entre ella y Bert\u00edn Osborne<\/strong> despu\u00e9s de que el entorno del cantante deslizara en estas semanas que las cosas estaban normaliz\u00e1ndose. Pues de eso nada, seg\u00fan el testimonio de la madre del \u00faltimo hijo del artista.<\/p>\n<p>\nSin noticias de \u00e9l desde agosto\n<\/p>\n<p class=\"voc-p\" style=\"\">El peque\u00f1o cumplir\u00e1 en las pr\u00f3ximas semanas dos a\u00f1os y no tiene padre al que abrazar. Al menos, eso es lo que ha asegurado Gabriela Guill\u00e9n, quien ha denunciado que Bert\u00edn Osborne <strong>no tiene ning\u00fan inter\u00e9s en ver a su hijo<\/strong>. \u00abSolo le ha visto tres veces. Despu\u00e9s de la portada no le ha vuelto a ver\u00bb, ha dicho para empezar en su regreso a los plat\u00f3s.<\/p>\n<p class=\"voc-p\" style=\"\">&#8216;\u00a1De Viernes!&#8217; emiti\u00f3 esta semana un adelanto de la entrevista en el que la paraguaya amenazaba a Bert\u00edn Osborne con adoptar medidas legales. \u00abY<strong>a no puedo m\u00e1s, lo siguiente ser\u00e1 una demanda<\/strong>\u00bb, aseguraba en un v\u00eddeo difundido por el programa. Y parece que esa amenaza surti\u00f3 efecto, pues el cantante se puso en contacto con Gabriela Guill\u00e9n antes de que esta acudiera al programa.<\/p>\n<p class=\"voc-title\">\u00abHab\u00edamos intentado varias veces llegar a un acuerdo y hoy me ha llegado un mensaje\u00bb<\/p>\n<p class=\"voc-p\" style=\"\">As\u00ed lo ha contado ella misma: \u00abHe hablado con \u00e9l hoy, se ha puesto en contacto conmigo <strong>para hablar de lo que ten\u00edamos pendiente sobre la manutenci\u00f3n<\/strong>. Hab\u00edamos intentado varias veces llegar a un acuerdo y hoy me ha llegado un mensaje\u00bb. Lleva desde marzo intentado llegar a un acuerdo con \u00e9l sobre la manutenci\u00f3n.<\/p>\n<p>\n\u00abLo he aceptado\u00bb\n<\/p>\n<p class=\"voc-p\" style=\"\">\u00abNo era una situaci\u00f3n econ\u00f3mica, no voy a contar las cifras, <strong>pero \u00e9l dijo que eso pod\u00eda y lo he aceptado<\/strong>. Yo no he pedido nada, he pedido lo justo para mi hijo, lo que le corresponde por derecho\u00bb, ha aclarado Gabriela Guill\u00e9n antes de decir: \u00abNo hay acuerdo y \u00e9l no ha pagado nada, ni hay responsabilidad emocional ni de nada\u00bb.<\/p>\n<p class=\"voc-title\">\u00abYo no tengo que pedir nada, \u00e9l tiene que darlo, \u00e9l tiene una responsabilidad\u00bb<\/p>\n<p class=\"voc-p\" style=\"\">Para la paraguaya est\u00e1 siendo desolador ver la falta de inter\u00e9s de Bert\u00edn Orborne con su hijo, a quien est\u00e1 criando ella sola. \u00abEl hecho de que no se haya firmado el contrato es por <strong>falta de comunicaci\u00f3n<\/strong>. \u00c9l no se ha preocupado en ning\u00fan momento. Yo no tengo que pedir nada, \u00e9l tiene que darlo, \u00e9l tiene una responsabilidad. Es el derecho que tiene nuestro hijo, como todo ni\u00f1o\u00bb, ha se\u00f1alado. Y se ha lamentado: \u00ab<strong>Me da pena por mi hijo porque quiero que sepa que su padre est\u00e1 ah\u00ed<\/strong>\u00bb.<\/p>\n","protected":false},"excerpt":{"rendered":"Gabriela Guill\u00e9n y Bert\u00edn Osborne vuelven a llevarse mal. La paraguaya se sent\u00f3 en el plat\u00f3 de &#8216;\u00a1De&hellip;\n","protected":false},"author":2,"featured_media":261655,"comment_status":"","ping_status":"","sticky":false,"template":"","format":"standard","meta":{"footnotes":""},"categories":[91],"tags":[25177,65270,146,147,25,24,18134,24056,16630,30,25178,847,1138,23,603,3106,8922],"class_list":{"0":"post-261654","1":"post","2":"type-post","3":"status-publish","4":"format-standard","5":"has-post-thumbnail","7":"category-entretenimiento","8":"tag-bertin","9":"tag-crudeza","10":"tag-entertainment","11":"tag-entretenimiento","12":"tag-es","13":"tag-espana","14":"tag-expone","15":"tag-gabriela","16":"tag-guillen","17":"tag-hijo","18":"tag-osborne","19":"tag-papel","20":"tag-solo","21":"tag-spain","22":"tag-tres","23":"tag-veces","24":"tag-visto"},"share_on_mastodon":{"url":"https:\/\/pubeurope.com\/@es\/115631775037456279","error":""},"_links":{"self":[{"href":"https:\/\/www.europesays.com\/es\/wp-json\/wp\/v2\/posts\/261654","targetHints":{"allow":["GET"]}}],"collection":[{"href":"https:\/\/www.europesays.com\/es\/wp-json\/wp\/v2\/posts"}],"about":[{"href":"https:\/\/www.europesays.com\/es\/wp-json\/wp\/v2\/types\/post"}],"author":[{"embeddable":true,"href":"https:\/\/www.europesays.com\/es\/wp-json\/wp\/v2\/users\/2"}],"replies":[{"embeddable":true,"href":"https:\/\/www.europesays.com\/es\/wp-json\/wp\/v2\/comments?post=261654"}],"version-history":[{"count":0,"href":"https:\/\/www.europesays.com\/es\/wp-json\/wp\/v2\/posts\/261654\/revisions"}],"wp:featuredmedia":[{"embeddable":true,"href":"https:\/\/www.europesays.com\/es\/wp-json\/wp\/v2\/media\/261655"}],"wp:attachment":[{"href":"https:\/\/www.europesays.com\/es\/wp-json\/wp\/v2\/media?parent=261654"}],"wp:term":[{"taxonomy":"category","embeddable":true,"href":"https:\/\/www.europesays.com\/es\/wp-json\/wp\/v2\/categories?post=261654"},{"taxonomy":"post_tag","embeddable":true,"href":"https:\/\/www.europesays.com\/es\/wp-json\/wp\/v2\/tags?post=261654"}],"curies":[{"name":"wp","href":"https:\/\/api.w.org\/{rel}","templated":true}]}}