{"id":261662,"date":"2025-11-29T07:23:26","date_gmt":"2025-11-29T07:23:26","guid":{"rendered":"https:\/\/www.europesays.com\/es\/261662\/"},"modified":"2025-11-29T07:23:26","modified_gmt":"2025-11-29T07:23:26","slug":"el-gobierno-da-oxigeno-a-los-propietarios-de-vivienda-y-evita-exigir-la-etiqueta-e-para-vender-o-alquilar","status":"publish","type":"post","link":"https:\/\/www.europesays.com\/es\/261662\/","title":{"rendered":"El Gobierno da ox\u00edgeno a los propietarios de vivienda y evita exigir la &#8216;etiqueta E&#8217; para vender o alquilar"},"content":{"rendered":"\n<p> Cuando usted pasea por las calles de una gran ciudad, est\u00e1 desfilando frente a uno de los principales responsables de <a href=\"https:\/\/www.elconfidencial.com\/salud\/2025-10-29\/22-000-muertes-al-ano-contaminacion-del-aire_4236782\/\" target=\"_self\" rel=\"nofollow noopener\">la contaminaci\u00f3n de nuestras urbes<\/a>. Los edificios consumen <strong>m\u00e1s del 40% de la energ\u00eda<\/strong> y generan cerca del<strong> 30% de las emisiones<\/strong>, cifras que los convierten en claros protagonistas del cambio clim\u00e1tico y que amenazan con ir a m\u00e1s por el envejecimiento de los inmuebles. <\/p>\n<p> En <strong>Espa\u00f1a<\/strong>, m\u00e1s de la mitad de los edificios son anteriores a 1980, lo que significa que est\u00e1n construidos bajo unas exigencias de eficiencia energ\u00e9tica que distan mucho de las actuales. El caso de nuestro pa\u00eds, lejos de ser una excepci\u00f3n, es regla general en el Viejo Continente. Por eso, <strong>Bruselas<\/strong> lleva a\u00f1os trabajando en concienciar a los pa\u00edses de la necesidad de renovar el parque edificatorio, para lo cual, ha movilizado fondos, como los <strong>Next Generation<\/strong>, y desarrollado la <a href=\"https:\/\/www.boe.es\/buscar\/doc.php?id=DOUE-L-2023-81299\" target=\"_blank\" rel=\"nofollow noopener\">Directiva de Eficiencia Energ\u00e9tica<\/a>. <\/p>\n<p> Esta habilita a los pa\u00edses a exigir una certificaci\u00f3n energ\u00e9tica m\u00ednima para <strong>poder alquilar o vender viviendas<\/strong>, etiqueta comparable a las impuestas a los coches para poder entrar en ciudades como <strong>Madrid<\/strong>. En el caso de los hogares, esta clasificaci\u00f3n se ha establecido con una escala de siete letras: A, B, C, D, E, F y G. A partir del a\u00f1o 2030, Bruselas propuso que hiciera falta una calificaci\u00f3n m\u00ednima de E, y <a href=\"https:\/\/www.elconfidencial.com\/medioambiente\/ciudad\/2023-10-19\/edificio-etiqueta-energetica-bra_3751646\/\" target=\"_self\" rel=\"nofollow noopener\">elevarla a D<\/a> tres a\u00f1os despu\u00e9s. <\/p>\n<p> Esto amenaza a gran parte del parque espa\u00f1ol, ya que los edificios construidos <strong>antes de 1980<\/strong> se dise\u00f1aron bajo un marco que no exig\u00eda<a href=\"https:\/\/www.elconfidencial.com\/espana\/2025-11-26\/cero-emisiones-gas-biometano-buena-huella_4183584\/\" target=\"_self\" rel=\"nofollow noopener\"> los niveles de emisiones<\/a> y eficiencia actual. Tampoco el <strong>Gobierno<\/strong> va a hacerlo ahora. <\/p>\n<p>              <img decoding=\"async\" class=\"inTextNews__img\" alt=\"Foto: transferencia-riqueza-pisos-herencia\" src=\"https:\/\/www.europesays.com\/es\/wp-content\/uploads\/2025\/11\/f.elconfidencial.com\/original\/bec\/405\/56d\/bec40556d36a5564d67ed3976c6e37ae.jpg\"  \/>     <\/p>\n<p>TE PUEDE INTERESAR<\/p>\n<p>      <a class=\"inTextNews__title\" href=\"https:\/\/www.elconfidencial.com\/inmobiliario\/residencial\/2025-01-06\/transferencia-riqueza-pisos-herencia_4033464\/\" onclick=\"window.ECCO.emit(&#039;amplitude&#039;, { dataEventName: &#039;click_related_article_module&#039;, data: { related_article_url: &#039;https:\/\/www.elconfidencial.com\/inmobiliario\/residencial\/2025-01-06\/transferencia-riqueza-pisos-herencia_4033464\/&#039;, related_article_author: &#039;Ruth Ugalde,Elena Sanz,Miguel \u00c1ngel Gavilanes&#039;, related_article_section: &#039;residencial&#039; } })\" rel=\"nofollow noopener\" target=\"_blank\"> La gran transferencia de riqueza que viene: millones de viviendas para menos herederos <\/a>   <\/p>\n<p>    R. Ugalde     E. Sanz     Gr\u00e1ficos: Miguel \u00c1ngel Gavilanes   <\/p>\n<p> Seg\u00fan explican desde el <strong><a href=\"https:\/\/www.elconfidencial.com\/espana\/2025-08-26\/vivienda-fondos-europeos-2024-infrautilizacion_4191223\/\" target=\"_self\" rel=\"nofollow noopener\">Ministerio de Vivienda<\/a><\/strong>, el Ejecutivo ha decidido no imponer esta regla dentro del <strong><a href=\"https:\/\/www.mivau.gob.es\/arquitectura-edificacion\/arce-2050\/pnre-2026\" target=\"_blank\" rel=\"nofollow noopener\">Plan Nacional de Renovaci\u00f3n de Edificios<\/a> (PNRE)<\/strong> que acaba de redactar y que enviar\u00e1 a Bruselas para su aprobaci\u00f3n antes de acabar el a\u00f1o, con el objetivo de que entre en vigor <strong>en la segunda mitad de 2026<\/strong>. Este documento es la columna vertebral de las acciones que va a llevar a cabo Espa\u00f1a para cumplir con la Directiva de Eficiencia Energ\u00e9tica. <\/p>\n<p> La <strong><a href=\"https:\/\/www.elconfidencial.com\/tags\/organismos\/union-europea-4096\/\" target=\"_self\" rel=\"nofollow noopener\">Uni\u00f3n Europea<\/a><\/strong> ha marcado el objetivo de que todo el parque edificatorio sea cero emisiones para 2050, un horizonte que empieza a asomar y que exige<strong> resultados en el corto plazo<\/strong>. As\u00ed, para 2030, Espa\u00f1a deber\u00e1 haber reducido un 16% las emisiones de todos sus inmuebles; y en 2035, este porcentaje deber\u00e1 ser del 20% en el parque residencial y del 26% en el terciario (hoteles, oficinas y comercios). <\/p>\n<p>               Operarios poniendo placas solares en un edificio de Barcelona.             <\/p>\n<p> Nuestro pa\u00eds cuenta con <strong>nueve millones de edificios residenciales<\/strong>, que suman 26 millones de viviendas, y 370.000 edificios terciarios. Para ambos, el PNRE ha fijado unos objetivos superiores a los marcados por Bruselas, al contemplar una reducci\u00f3n del 25% de las emisiones en 2030 y del 33% en 2035. A priori, esta ambici\u00f3n contrasta con el rechazo a imponer la certificaci\u00f3n E, e inclina a pensar que el Ejecutivo ha evitado esta medida porque nuestro pa\u00eds <strong>est\u00e1 lejos de cumplir<\/strong> los objetivos. <\/p>\n<p> Pero la realidad es que Espa\u00f1a, gracias a los <a href=\"https:\/\/www.elconfidencial.com\/economia\/2025-05-23\/espana-fondos-nextgen-gasto-corriente_4135297\/\" target=\"_self\" rel=\"nofollow noopener\">fondos Next Generation<\/a>, ya ha hecho gran parte de los deberes. Seg\u00fan el Ministerio de Vivienda, a cierre de 2023, \u00faltimo ejercicio con datos consolidados, se hab\u00eda conseguido ya<strong> una reducci\u00f3n del 10% del consumo energ\u00e9tico<\/strong> residencial, ajuste que al cierre de este ejercicio podr\u00eda estar rondando el 18%, es decir, que estar\u00edamos ya por encima de lo que exige Europa para 2030. <\/p>\n<p> Para hacer estos c\u00e1lculos, el Ejecutivo ha cruzado varios datos: las 540.000 viviendas rehabilitadas cada a\u00f1o en el periodo 2020-23, seg\u00fan el <strong>INE<\/strong>, la reducci\u00f3n de 622.000 toneladas de petr\u00f3leo de consumo de los hogares que estima <strong>Eurostat<\/strong>, ahorro que solo se puede conseguir con mejoras de edificaci\u00f3n, y datos como<a href=\"https:\/\/www.elconfidencial.com\/inmobiliario\/2025-02-20\/vivienda-rehabilitacion-parque-inmobiliario-bra_4068274\/\" target=\"_self\" rel=\"nofollow noopener\"> las licencias de rehabilitaciones profundas<\/a> que requieren visado colegial (31.500). <\/p>\n<p>              <img decoding=\"async\" class=\"inTextNews__img\" alt=\"Foto: edificio-etiqueta-energetica-bra\" src=\"https:\/\/www.europesays.com\/es\/wp-content\/uploads\/2025\/11\/f.elconfidencial.com\/original\/424\/f39\/7ac\/424f397ac4efbd5b4c3a066c8ac9bc53.jpg\"  \/>     <\/p>\n<p>TE PUEDE INTERESAR<\/p>\n<p>      <a class=\"inTextNews__title\" href=\"https:\/\/www.elconfidencial.com\/medioambiente\/ciudad\/2023-10-19\/edificio-etiqueta-energetica-bra_3751646\/\" onclick=\"window.ECCO.emit(&#039;amplitude&#039;, { dataEventName: &#039;click_related_article_module&#039;, data: { related_article_url: &#039;https:\/\/www.elconfidencial.com\/medioambiente\/ciudad\/2023-10-19\/edificio-etiqueta-energetica-bra_3751646\/&#039;, related_article_author: &#039;Sof\u00eda Fern\u00e1ndez&#039;, related_article_section: &#039;ciudad&#039; } })\" rel=\"nofollow noopener\" target=\"_blank\"> Dentro de poco tu edificio necesitar\u00e1 una etiqueta energ\u00e9tica D: en qu\u00e9 te afectar\u00e1 la nueva normativa <\/a>   <\/p>\n<p>    EC Brands   <\/p>\n<p> Con esta informaci\u00f3n, y haciendo una extrapolaci\u00f3n, el Ejecutivo estima que para poder cumplir el objetivo de 2030, Espa\u00f1a necesita invertir 39.350 millones de euros en seguir <strong>renovando el parque residencial y terciario.<\/strong> De esta cifra, el sector p\u00fablico aportar\u00e1 11.306 millones de euros, pero solo la mitad <strong>ser\u00e1n ayudas<\/strong>, y la otra mitad es el importe en que se valoran iniciativas como estudios o grupos de trabajo. <\/p>\n<p> Esto significa que ser\u00e1n los privados quienes deber\u00e1n financiar el grueso de la <strong>nueva oleada de rehabilitaciones<\/strong> que se necesitan para poder cumplir con <a href=\"https:\/\/www.elconfidencial.com\/economia\/2025-11-10\/reduccion-emisiones-estanca-cuestiona-objetivo-2030_4243673\/\" target=\"_self\" rel=\"nofollow noopener\">el objetivo de reducci\u00f3n de emisiones<\/a> marcado por el PNRE. Para poder movilizar esos 28.000 millones, se necesita convencer a miles de familias de las ventajas de mejorar la eficiencia de sus viviendas, una inversi\u00f3n que ya no contar\u00e1 con los fondos Next Generation y que, al menos de momento, tampoco<strong> prev\u00e9 incentivos fiscales.<\/strong> <\/p>\n<p> Y eso que, en las dos \u00faltimas declaraciones de la renta, se han contabilizado deducciones de particulares superiores a los mil millones de euros, ventaja fiscal que exig\u00eda poder demostrar <strong>ahorros energ\u00e9ticos del 60%<\/strong> para poder acogerse a ella. Ahora, en cambio, el Ejecutivo ha confiado todo a los <a href=\"https:\/\/www.elconfidencial.com\/economia\/2025-01-04\/caes-certificado-ahorro-energetico-lavadora-repsol_4034301\/\" target=\"_self\" rel=\"nofollow noopener\">certificados de ahorro energ\u00e9ticos<\/a>. <\/p>\n<p>            El nuevo bazar verde           <\/p>\n<p> Estas figuras, conocidas por su acr\u00f3nimo CAE, est\u00e1n llamadas a protagonizar <strong>un nuevo bazar verde<\/strong>, ya que la idea es que las compa\u00f1\u00edas energ\u00e9ticas compren a los privados los ahorros que consigan en la rehabilitaci\u00f3n de sus viviendas, dinero que servir\u00e1 a las familias para <strong>compensar parte de la inversi\u00f3n<\/strong> que necesiten hacer para mejorar su eficiencia y consumos. <\/p>\n<p> A las empresas energ\u00e9ticas, estos certificados les sirven como moneda de cambio a las aportaciones que est\u00e1n obligadas a hacer al <strong>Fondo Social para el Clima<\/strong>, veh\u00edculo que se ha creado y que exige a estos grupos hacer millonarias aportaciones por ser una de las industrias <strong>m\u00e1s contaminantes.<\/strong> <\/p>\n<p>              <img decoding=\"async\" class=\"inTextNews__img\" alt=\"Foto: derrumbe-edificio-centro-madrid\" src=\"https:\/\/www.europesays.com\/es\/wp-content\/uploads\/2025\/11\/f.elconfidencial.com\/original\/58a\/314\/0d5\/58a3140d518f4e626cd38f0cff9aed37.jpg\"  \/>     <\/p>\n<p>TE PUEDE INTERESAR<\/p>\n<p>      <a class=\"inTextNews__title\" href=\"https:\/\/www.elconfidencial.com\/inmobiliario\/residencial\/2025-10-08\/derrumbe-edificio-centro-madrid_4224086\/\" onclick=\"window.ECCO.emit(&#039;amplitude&#039;, { dataEventName: &#039;click_related_article_module&#039;, data: { related_article_url: &#039;https:\/\/www.elconfidencial.com\/inmobiliario\/residencial\/2025-10-08\/derrumbe-edificio-centro-madrid_4224086\/&#039;, related_article_author: &#039;Ruth Ugalde&#039;, related_article_section: &#039;residencial&#039; } })\" rel=\"nofollow noopener\" target=\"_blank\"> \u00abPara todas las obras que hay ahora en Madrid, es un milagro que no haya m\u00e1s accidentes\u00bb <\/a>   <\/p>\n<p>    Ruth Ugalde   <\/p>\n<p> Adem\u00e1s, se prev\u00e9 que estas compa\u00f1\u00edas desarrollen diferentes iniciativas comerciales dirigidas a convencer a los ciudadanos de que<strong> renueven los sistemas de calor y fr\u00edo<\/strong> de sus hogares, con el gancho de adquirirles estos certificados, y a cambio de quedarse luego con contratos de mantenimiento. <\/p>\n<p> Aunque el Gobierno ha decidido no incluir en este PNRE la obligaci\u00f3n de tener etiqueta E para <a href=\"https:\/\/www.elconfidencial.com\/vivienda\/2024-07-12\/requisito-vivienda-venta-alquiler-2030-1qrt_3923193\/\" target=\"_self\" rel=\"nofollow noopener\">poder alquilar o vender la vivienda<\/a> a partir de 2030, cabe la posibilidad de que <strong>s\u00ed sea obligatorio en el futuro.<\/strong> Por una parte, Bruselas podr\u00eda decidir imponerlo si considera que los pa\u00edses no est\u00e1n avanzando como deben. Por otro, el propio Gobierno espa\u00f1ol, en el siguiente plan que se redacte, dentro de cinco a\u00f1os, podr\u00eda exigirlo, como ya hacen otros pa\u00edses como Francia. <\/p>\n","protected":false},"excerpt":{"rendered":"Cuando usted pasea por las calles de una gran ciudad, est\u00e1 desfilando frente a uno de los principales&hellip;\n","protected":false},"author":2,"featured_media":261663,"comment_status":"","ping_status":"","sticky":false,"template":"","format":"standard","meta":{"footnotes":""},"categories":[8],"tags":[17,18,25,24,13,14,11,19,20,9,10,15,16,23,12,21,22],"class_list":{"0":"post-261662","1":"post","2":"type-post","3":"status-publish","4":"format-standard","5":"has-post-thumbnail","7":"category-espana","8":"tag-breaking-news","9":"tag-breakingnews","10":"tag-es","11":"tag-espana","12":"tag-featured-news","13":"tag-featurednews","14":"tag-headlines","15":"tag-latest-news","16":"tag-latestnews","17":"tag-news","18":"tag-noticias","19":"tag-noticias-destacadas","20":"tag-noticiasdestacadas","21":"tag-spain","22":"tag-titulares","23":"tag-ultimas-noticias","24":"tag-ultimasnoticias"},"share_on_mastodon":{"url":"https:\/\/pubeurope.com\/@es\/115631791009926257","error":""},"_links":{"self":[{"href":"https:\/\/www.europesays.com\/es\/wp-json\/wp\/v2\/posts\/261662","targetHints":{"allow":["GET"]}}],"collection":[{"href":"https:\/\/www.europesays.com\/es\/wp-json\/wp\/v2\/posts"}],"about":[{"href":"https:\/\/www.europesays.com\/es\/wp-json\/wp\/v2\/types\/post"}],"author":[{"embeddable":true,"href":"https:\/\/www.europesays.com\/es\/wp-json\/wp\/v2\/users\/2"}],"replies":[{"embeddable":true,"href":"https:\/\/www.europesays.com\/es\/wp-json\/wp\/v2\/comments?post=261662"}],"version-history":[{"count":0,"href":"https:\/\/www.europesays.com\/es\/wp-json\/wp\/v2\/posts\/261662\/revisions"}],"wp:featuredmedia":[{"embeddable":true,"href":"https:\/\/www.europesays.com\/es\/wp-json\/wp\/v2\/media\/261663"}],"wp:attachment":[{"href":"https:\/\/www.europesays.com\/es\/wp-json\/wp\/v2\/media?parent=261662"}],"wp:term":[{"taxonomy":"category","embeddable":true,"href":"https:\/\/www.europesays.com\/es\/wp-json\/wp\/v2\/categories?post=261662"},{"taxonomy":"post_tag","embeddable":true,"href":"https:\/\/www.europesays.com\/es\/wp-json\/wp\/v2\/tags?post=261662"}],"curies":[{"name":"wp","href":"https:\/\/api.w.org\/{rel}","templated":true}]}}