{"id":261664,"date":"2025-11-29T07:24:36","date_gmt":"2025-11-29T07:24:36","guid":{"rendered":"https:\/\/www.europesays.com\/es\/261664\/"},"modified":"2025-11-29T07:24:36","modified_gmt":"2025-11-29T07:24:36","slug":"ministerio-de-industria-y-turismo-5","status":"publish","type":"post","link":"https:\/\/www.europesays.com\/es\/261664\/","title":{"rendered":"Ministerio de Industria y Turismo"},"content":{"rendered":"<p>&#13;<br \/>\n&#13;<\/p>\n<ul class=\"detalle-noticia\">\n<li>Industria\u00bb&gt;Industria<\/li>\n<li>28\/11\/2025<\/li>\n<li><\/li>\n<\/ul>\n<p>&#13;<br \/>\n&#13;<\/p>\n<p class=\"subtitular\" role=\"doc-subtitle\">VII Foro Iberoamericano de la MIPYME<\/p>\n<p>&#13;<br \/>\n&#13;<\/p>\n<p>Espa\u00f1a es el segundo destino extrarregional de la inversi\u00f3n latinoamericana, solo por detr\u00e1s de EEUU.&#13;<br \/>\nEn 2023 las exportaciones espa\u00f1olas a Am\u00e9rica Latina rondaron los 20.400 millones de euros y las importaciones los 21.400 millones, con M\u00e9xico, Brasil, Chile y Argentina como principales socios comerciales.&#13;\n<\/p>\n<p>El ministro de Industria y Turismo ha recordado que las pymes en Espa\u00f1a son el 99,8% del tejido empresarial nacional y genera el 66% del empleo empresarial total.<\/p>\n<p>En este sentido, ha puesto en valor el esfuerzo del Gobierno para apoyar a las pymes a trav\u00e9s del Plan de Recuperaci\u00f3n, Transformaci\u00f3n y Resiliencia.&#13;\n<\/p>\n<p>En turismo, Jordi Hereu ha destacado que las pymes tambi\u00e9n juegan un papel fundamental. La Estrategia Espa\u00f1a Turismo 2030 es la expresi\u00f3n m\u00e1s clara de esta visi\u00f3n transformadora: un modelo que acompa\u00f1a a nuestras pymes para que sean m\u00e1s resilientes, m\u00e1s conectadas y m\u00e1s competitivas.<\/p>\n<p>&#13;<br \/>\n<img decoding=\"async\" src=\"https:\/\/www.europesays.com\/es\/wp-content\/uploads\/2025\/11\/WhatsApp Image 2025-11-28 at 11.11.12.jpeg\" alt=\"\"\/>&#13;<\/p>\n<p>El ministro de Industria y Turismo, <strong>Jordi Hereu,<\/strong> ha apostado hoy por el multilateralismo y la cooperaci\u00f3n internacional para afrontar los grandes retos que tienen que afrontar las pymes espa\u00f1olas y latinoamericanas. As\u00ed lo ha expuesto durante su intervenci\u00f3n en el VII Foro Iberoamericano de la MIPYME que se celebra en Tenerife.<\/p>\n<p>En este sentido, el ministro ha destacado las buenas relaciones con los pa\u00edses al otro lado del Atl\u00e1ntico. Sin ir m\u00e1s lejos, Espa\u00f1a es el segundo destino extrarregional de la inversi\u00f3n latinoamericana, solo por detr\u00e1s de EEUU. En 2024, Inversi\u00f3n extranjera directa (IED) desde Am\u00e9rica Latina en Espa\u00f1a fue de 2.178 millones de euros, solo por detr\u00e1s de Estados Unidos, destacando M\u00e9xico como principal emisor con el 50,2 % del total.<\/p>\n<p>&#13;<br \/>\nAdem\u00e1s, en 2023 las exportaciones espa\u00f1olas a Am\u00e9rica Latina rondaron los 20.400 millones de euros y las importaciones los 21.400 millones, con M\u00e9xico, Brasil, Chile y Argentina como principales socios comerciales.<\/p>\n<p>&#13;<br \/>\nHereu ha recordado que las pymes en Espa\u00f1a son el 99,8% del tejido empresarial nacional y genera el 66% del empleo empresarial total. En este sentido, ha puesto en valor el esfuerzo del Gobierno para apoyar a las pymes a trav\u00e9s del Plan de Recuperaci\u00f3n, Transformaci\u00f3n y Resiliencia. As\u00ed, un tercio del presupuesto del Plan est\u00e1 dirigido a las pymes y el 41% de los fondos adjudicados han beneficiado a m\u00e1s de 500.000 pymes espa\u00f1olas desde 2021.<\/p>\n<p>&#13;<br \/>\nEn cuanto a los PERTE que gestiona el Ministerio de Industria y Turismo, el 100% del PERTE Chip se ha destinado a pymes; el 40% del PERTE Agro tambi\u00e9n, al igual que el 50% del PERTE VEC y el 77% del PERTE Naval.&#13;<br \/>\nHereu ha recordado que entidades como ENISA, CERSA, EOI o el Fondo de Apoyo a la Inversi\u00f3n Industrial Productiva (FAIIP) est\u00e1n ayudando al crecimiento, modernizaci\u00f3n y digitalizaci\u00f3n de las pymes.<\/p>\n<p>Pymes y turismo<\/p>\n<p>&#13;<br \/>\nEn el \u00e1mbito del turismo, las pymes tambi\u00e9n juegan un papel fundamental, seg\u00fan ha incidido Hereu, que ha dicho que la Estrategia Espa\u00f1a Turismo 2030 es la expresi\u00f3n m\u00e1s clara de esta visi\u00f3n transformadora: un modelo que acompa\u00f1a a nuestras pymes para que sean m\u00e1s resilientes, m\u00e1s conectadas y m\u00e1s competitivas en un entorno global de cambio constante.<\/p>\n<p>&#13;<br \/>\nTambi\u00e9n es importante la labor de SEGITTUR para la digitalizaci\u00f3n de las micro y peque\u00f1as empresas tur\u00edsticas en Espa\u00f1a. Un progreso que refleja el compromiso de pa\u00eds con la innovaci\u00f3n y la transformaci\u00f3n del sector. Un turismo centrado en las personas, que garantice el desarrollo del sector a trav\u00e9s del bienestar de la ciudadan\u00eda.<\/p>\n<p>&#13;<\/p>\n","protected":false},"excerpt":{"rendered":"&#13; &#13; Industria\u00bb&gt;Industria 28\/11\/2025 &#13; &#13; VII Foro Iberoamericano de la MIPYME &#13; &#13; Espa\u00f1a es el segundo&hellip;\n","protected":false},"author":2,"featured_media":261665,"comment_status":"","ping_status":"","sticky":false,"template":"","format":"standard","meta":{"footnotes":""},"categories":[5],"tags":[17,18,25,24,13,14,11,19,20,9,10,15,16,23,12,21,22],"class_list":{"0":"post-261664","1":"post","2":"type-post","3":"status-publish","4":"format-standard","5":"has-post-thumbnail","7":"category-titulares","8":"tag-breaking-news","9":"tag-breakingnews","10":"tag-es","11":"tag-espana","12":"tag-featured-news","13":"tag-featurednews","14":"tag-headlines","15":"tag-latest-news","16":"tag-latestnews","17":"tag-news","18":"tag-noticias","19":"tag-noticias-destacadas","20":"tag-noticiasdestacadas","21":"tag-spain","22":"tag-titulares","23":"tag-ultimas-noticias","24":"tag-ultimasnoticias"},"share_on_mastodon":{"url":"https:\/\/pubeurope.com\/@es\/115631794689473616","error":""},"_links":{"self":[{"href":"https:\/\/www.europesays.com\/es\/wp-json\/wp\/v2\/posts\/261664","targetHints":{"allow":["GET"]}}],"collection":[{"href":"https:\/\/www.europesays.com\/es\/wp-json\/wp\/v2\/posts"}],"about":[{"href":"https:\/\/www.europesays.com\/es\/wp-json\/wp\/v2\/types\/post"}],"author":[{"embeddable":true,"href":"https:\/\/www.europesays.com\/es\/wp-json\/wp\/v2\/users\/2"}],"replies":[{"embeddable":true,"href":"https:\/\/www.europesays.com\/es\/wp-json\/wp\/v2\/comments?post=261664"}],"version-history":[{"count":0,"href":"https:\/\/www.europesays.com\/es\/wp-json\/wp\/v2\/posts\/261664\/revisions"}],"wp:featuredmedia":[{"embeddable":true,"href":"https:\/\/www.europesays.com\/es\/wp-json\/wp\/v2\/media\/261665"}],"wp:attachment":[{"href":"https:\/\/www.europesays.com\/es\/wp-json\/wp\/v2\/media?parent=261664"}],"wp:term":[{"taxonomy":"category","embeddable":true,"href":"https:\/\/www.europesays.com\/es\/wp-json\/wp\/v2\/categories?post=261664"},{"taxonomy":"post_tag","embeddable":true,"href":"https:\/\/www.europesays.com\/es\/wp-json\/wp\/v2\/tags?post=261664"}],"curies":[{"name":"wp","href":"https:\/\/api.w.org\/{rel}","templated":true}]}}