{"id":261668,"date":"2025-11-29T07:30:31","date_gmt":"2025-11-29T07:30:31","guid":{"rendered":"https:\/\/www.europesays.com\/es\/261668\/"},"modified":"2025-11-29T07:30:31","modified_gmt":"2025-11-29T07:30:31","slug":"en-italia-saben-que-el-giro-para-el-mundo-por-donde-pasa","status":"publish","type":"post","link":"https:\/\/www.europesays.com\/es\/261668\/","title":{"rendered":"En Italia saben que el Giro para el mundo por donde pasa"},"content":{"rendered":"<p>\t\t\t\t\t\t\t\t\t\t\t\t\t\t<img fetchpriority=\"high\" decoding=\"async\" class=\"aligncenter size-full wp-image-67398\" src=\"data:image\/svg+xml,%3Csvg%20xmlns=\" http:=\"\" alt=\"\" width=\"1025\" height=\"400\" data-lazy- data-lazy- data-lazy-src=\"https:\/\/www.europesays.com\/es\/wp-content\/uploads\/2025\/11\/anunci-generic-bla-1-1024x120-px-v3-02.jpg\"\/><br \/>\nEn Italia saben que el Giro para el mundo por donde pasa<\/p>\n<p>El Giro de Italia siempre ha tenido algo que no encontramos en ninguna otra grande. Un aroma antiguo, una forma de contar el ciclismo que se apoya en ciudades que parecen museos al aire libre, en monta\u00f1as que huelen a historia y en un p\u00fablico que lleva generaciones respirando ciclismo.<\/p>\n<p>Por eso, ahora que el Giro se presenta el lunes, <strong>queremos enviar nuestra particular carta a los Reyes<\/strong>.<\/p>\n<p>Porque la corsa rosa es bella, s\u00ed, pero tambi\u00e9n necesita recordar qui\u00e9n es.<\/p>\n<p><a class=\"wppaslink\" href=\"https:\/\/joanseguidor.com\/pas\/ccmm-valenciana\/44016\/0\" target=\"_blank\" rel=\"nofollow noopener\"><img decoding=\"async\" src=\"data:image\/svg+xml,%3Csvg%20xmlns=\" http:=\"\" alt=\"CCMM Valenciana\" border=\"0\" data-lazy-src=\"https:\/\/www.europesays.com\/es\/wp-content\/uploads\/2025\/11\/1764401428_916_tl-joanseguidorcom-1024x140-1.png\"\/><\/a><\/p>\n<p>A los que la hemos vivido desde dentro, el Giro nos atrap\u00f3 por cosas que s\u00f3lo vimos all\u00ed: etapas imposibles entre primavera y verano, los Dolomitas te\u00f1idos de rosa, ciudades que te hacen olvidar que est\u00e1s en una carrera, y un relato que te seduce con Coppi, con Bartali, con la leyenda hecha carne en cada curva.<\/p>\n<p>Pero llevamos dos ediciones desiguales, sin rodeos, del rodillo Tadej Pogacar al asalto de Simon Yates.<\/p>\n<p>Tras el respiro que dio la victoria de Bernal, llegaron dos Giros grises, decididos al final por inercia m\u00e1s que por grandeza: Roglic\u2013Thomas primero, Hindley\u2013Carapaz despu\u00e9s.<\/p>\n<p>Luego Pogacar y finalmente el vuelo raso del ingl\u00e9s.<\/p>\n<p>Pero el Giro necesita seguir sumando.<\/p>\n<p>\u00bfQu\u00e9 no deber\u00eda faltar nunca?<\/p>\n<p>Empecemos por lo obvio: <strong>el Stelvio, siempre que la nieve lo permita y mejor por el sur, aquel por el que Dennis vol\u00f3<\/strong>.<\/p>\n<p>Como el Galibier para el Tour, el Stelvio simboliza el Giro.<\/p>\n<p>Altura, dureza, carisma\u2026 ah\u00ed siempre pasa algo.<\/p>\n<p>Tambi\u00e9n pedimos <strong>una crono larga, a la antigua<\/strong>.<\/p>\n<p>El Giro, con ese equilibrio entre arte y geograf\u00eda, necesita un d\u00eda detenido en una gran ciudad, como aquel pr\u00f3logo en el Vaticano, <a href=\"https:\/\/joanseguidor.com\/giro-nairo-y-el-ciclismo-colombiano-necesitan-pasan-pagina\/\" target=\"_blank\" rel=\"noopener nofollow\">Nairo visitando al Papa<\/a> o las im\u00e1genes de Menchov cayendo junto al Coliseo.<\/p>\n<p>Un toque de solemnidad.<\/p>\n<p>Y, por supuesto, finales \u201ca la italiana\u201d: muritos encajados entre calles estrechas y pueblos sin aceras. Rampas cortas pero bravas, nada de paredes imposibles. Italia pura.<\/p>\n<p>M\u00e1s deseos: <strong>final en Roma m\u00e1s a menudo<\/strong>.<\/p>\n<p>La Via dei Fori Imperiali es un decorado irrepetible.<\/p>\n<p>Gui\u00f1os constantes a los campeones, porque ning\u00fan pa\u00eds trata su historia ciclista como Italia. Visita a Sicilia, donde cada curva mezcla lava, mar y ruinas.<\/p>\n<p><strong>Etapas en Toscana o Emilia-Romagna, con cotas, sterrato y esa Italia aut\u00e9ntica<\/strong> que el Giro muestra como nadie.<\/p>\n<p><a href=\"https:\/\/www.turismodecastellon.com\/es\/que-hacer\/rutaCicloturismo\" rel=\"nofollow noopener\" target=\"_blank\"><img loading=\"lazy\" decoding=\"async\" class=\"aligncenter wp-image-66569 size-medium\" src=\"data:image\/svg+xml,%3Csvg%20xmlns=\" http:=\"\" alt=\"\" width=\"300\" height=\"293\" data-lazy- data-lazy- data-lazy-src=\"https:\/\/www.europesays.com\/es\/wp-content\/uploads\/2025\/10\/bn-castellon-cycling-1024x1000-3-300x293.gif\"\/><\/a><br \/>Y, para cerrar, una excentricidad marca de la casa: <strong>una cronoescalada improbable, un descenso cronometrado<\/strong>, algo que recuerde que el Giro, cuando quiere, es la grande m\u00e1s atrevida.<\/p>\n<p>Que los Reyes Magos \u2014o RCS\u2014 tomen nota. El lunes sabremos si nos han escuchado.<\/p>\n<p><strong><a href=\"https:\/\/terresdelebre.travel\/cycling\/es\/deportivo\" target=\"_blank\" rel=\"noopener nofollow\"><img loading=\"lazy\" decoding=\"async\" class=\"aligncenter\" src=\"data:image\/svg+xml,%3Csvg%20xmlns=\" http:=\"\" alt=\"\" width=\"1024\" height=\"400\" data-lazy-src=\"https:\/\/www.europesays.com\/es\/wp-content\/uploads\/2025\/10\/1024x400-cicloturisme-joanseguidor.jpg\"\/><\/a><\/strong><\/p>\n","protected":false},"excerpt":{"rendered":"En Italia saben que el Giro para el mundo por donde pasa El Giro de Italia siempre ha&hellip;\n","protected":false},"author":2,"featured_media":261669,"comment_status":"","ping_status":"","sticky":false,"template":"","format":"standard","meta":{"footnotes":""},"categories":[273],"tags":[313,312,168,25,24,2548,17139,23,167],"class_list":{"0":"post-261668","1":"post","2":"type-post","3":"status-publish","4":"format-standard","5":"has-post-thumbnail","7":"category-ciclismo","8":"tag-ciclismo","9":"tag-cycling","10":"tag-deportes","11":"tag-es","12":"tag-espana","13":"tag-featured","14":"tag-giroitalia","15":"tag-spain","16":"tag-sports"},"share_on_mastodon":{"url":"https:\/\/pubeurope.com\/@es\/115631818197138560","error":""},"_links":{"self":[{"href":"https:\/\/www.europesays.com\/es\/wp-json\/wp\/v2\/posts\/261668","targetHints":{"allow":["GET"]}}],"collection":[{"href":"https:\/\/www.europesays.com\/es\/wp-json\/wp\/v2\/posts"}],"about":[{"href":"https:\/\/www.europesays.com\/es\/wp-json\/wp\/v2\/types\/post"}],"author":[{"embeddable":true,"href":"https:\/\/www.europesays.com\/es\/wp-json\/wp\/v2\/users\/2"}],"replies":[{"embeddable":true,"href":"https:\/\/www.europesays.com\/es\/wp-json\/wp\/v2\/comments?post=261668"}],"version-history":[{"count":0,"href":"https:\/\/www.europesays.com\/es\/wp-json\/wp\/v2\/posts\/261668\/revisions"}],"wp:featuredmedia":[{"embeddable":true,"href":"https:\/\/www.europesays.com\/es\/wp-json\/wp\/v2\/media\/261669"}],"wp:attachment":[{"href":"https:\/\/www.europesays.com\/es\/wp-json\/wp\/v2\/media?parent=261668"}],"wp:term":[{"taxonomy":"category","embeddable":true,"href":"https:\/\/www.europesays.com\/es\/wp-json\/wp\/v2\/categories?post=261668"},{"taxonomy":"post_tag","embeddable":true,"href":"https:\/\/www.europesays.com\/es\/wp-json\/wp\/v2\/tags?post=261668"}],"curies":[{"name":"wp","href":"https:\/\/api.w.org\/{rel}","templated":true}]}}