{"id":261670,"date":"2025-11-29T07:32:09","date_gmt":"2025-11-29T07:32:09","guid":{"rendered":"https:\/\/www.europesays.com\/es\/261670\/"},"modified":"2025-11-29T07:32:09","modified_gmt":"2025-11-29T07:32:09","slug":"mario-hezonja-lidera-el-facil-triunfo-de-croacia-sobre-chipre","status":"publish","type":"post","link":"https:\/\/www.europesays.com\/es\/261670\/","title":{"rendered":"Mario Hezonja lidera el f\u00e1cil triunfo de Croacia sobre Chipre"},"content":{"rendered":"<p data-gtm-element-container=\"modulo-texto-link\" class=\"paragraph\">La selecci\u00f3n de Croacia no ha tenido ning\u00fan problema para empezar con buen pie la primera fase del Pre Mundial de Qatar 2027 y este viernes a derrotado a Chipre por 100-60, cuarenta puntos de diferencia que hablan a las claras de la debilidad de los visitantes.<\/p>\n<p data-gtm-element-container=\"modulo-texto-link\" class=\"paragraph\">El triunfo croata ha tenido como gran protagonista al jugador del Real Madrid Mario Hezonja, que acabado con 25 puntos y un 36 de valoraci\u00f3n. El alero ha firmado una gran serie de tiro (3\/3 tiros de dos, 5\/8 triples y 4\/5 tiros libres) y ha flirteado con el triple-doble pues tambi\u00e9n ha aportado 7 rebotes y 6 asistencias.<\/p>\n<p>    Lee tambi\u00e9n<\/p>\n<p data-gtm-element-container=\"modulo-texto-link\" class=\"paragraph\">El segundo mejor de Croacia tambi\u00e9n ha sido un jugador de la Liga Endesa, el p\u00edvot del Breog\u00e1n Danko Brankovic, con 17 puntos. En el combinado croata han jugado otros tres ACB, Michael Ruzic, del Joventut (9 puntos), Dominik Mavra, del Breog\u00e1n (2 puntos) y Toni\u00a0 Nakic, del UCAM Murcia (6 puntos).<\/p>\n","protected":false},"excerpt":{"rendered":"La selecci\u00f3n de Croacia no ha tenido ning\u00fan problema para empezar con buen pie la primera fase del&hellip;\n","protected":false},"author":2,"featured_media":261671,"comment_status":"","ping_status":"","sticky":false,"template":"","format":"standard","meta":{"footnotes":""},"categories":[269],"tags":[299,298,168,25,24,23,167],"class_list":{"0":"post-261670","1":"post","2":"type-post","3":"status-publish","4":"format-standard","5":"has-post-thumbnail","7":"category-baloncesto","8":"tag-baloncesto","9":"tag-basketball","10":"tag-deportes","11":"tag-es","12":"tag-espana","13":"tag-spain","14":"tag-sports"},"share_on_mastodon":{"url":"https:\/\/pubeurope.com\/@es\/115631826210104220","error":""},"_links":{"self":[{"href":"https:\/\/www.europesays.com\/es\/wp-json\/wp\/v2\/posts\/261670","targetHints":{"allow":["GET"]}}],"collection":[{"href":"https:\/\/www.europesays.com\/es\/wp-json\/wp\/v2\/posts"}],"about":[{"href":"https:\/\/www.europesays.com\/es\/wp-json\/wp\/v2\/types\/post"}],"author":[{"embeddable":true,"href":"https:\/\/www.europesays.com\/es\/wp-json\/wp\/v2\/users\/2"}],"replies":[{"embeddable":true,"href":"https:\/\/www.europesays.com\/es\/wp-json\/wp\/v2\/comments?post=261670"}],"version-history":[{"count":0,"href":"https:\/\/www.europesays.com\/es\/wp-json\/wp\/v2\/posts\/261670\/revisions"}],"wp:featuredmedia":[{"embeddable":true,"href":"https:\/\/www.europesays.com\/es\/wp-json\/wp\/v2\/media\/261671"}],"wp:attachment":[{"href":"https:\/\/www.europesays.com\/es\/wp-json\/wp\/v2\/media?parent=261670"}],"wp:term":[{"taxonomy":"category","embeddable":true,"href":"https:\/\/www.europesays.com\/es\/wp-json\/wp\/v2\/categories?post=261670"},{"taxonomy":"post_tag","embeddable":true,"href":"https:\/\/www.europesays.com\/es\/wp-json\/wp\/v2\/tags?post=261670"}],"curies":[{"name":"wp","href":"https:\/\/api.w.org\/{rel}","templated":true}]}}