{"id":261688,"date":"2025-11-29T07:44:26","date_gmt":"2025-11-29T07:44:26","guid":{"rendered":"https:\/\/www.europesays.com\/es\/261688\/"},"modified":"2025-11-29T07:44:26","modified_gmt":"2025-11-29T07:44:26","slug":"dimite-david-martinez-el-consejero-mexicano-del-banco-sabadell-que-apoyo-la-opa-del-bbva","status":"publish","type":"post","link":"https:\/\/www.europesays.com\/es\/261688\/","title":{"rendered":"Dimite David Mart\u00ednez, el consejero mexicano del Banco Sabadell que apoy\u00f3 la opa del BBVA"},"content":{"rendered":"<p style=\"\"><strong>David Mart\u00ednez<\/strong> ha presentado su renuncia como <a href=\"https:\/\/www.abc.es\/economia\/david-martinez-tiburon-mexicano-wall-street-quiebra-20250930181819-nt.html\" title=\"www.abc.es\" data-voc-vtm-id=\"in-text-traffic\" data-mrf-link=\"www.abc.es\" rel=\"nofollow noopener\" target=\"_blank\">consejero dominical de Banco Sabadell<\/a>, seg\u00fan ha informado la entidad en un comunicado a la Comisi\u00f3n Nacional del Mercado de Valores (CNMV).<\/p>\n<p style=\"\">En su carta, Mart\u00ednez Guzm\u00e1n ha manifestado que durante sus 12 a\u00f1os de participaci\u00f3n  &#8230; en el consejo de la entidad catalana ha presenciado \u00abuna transformaci\u00f3n\u00bb del banco. Adem\u00e1s, ha expresado su \u00abprofundo agradecimiento\u00bb por el \u00e9xito \u00abrotundo\u00bb cosechado por el presidente y los equipos del banco.<\/p>\n<p class=\"voc-p\" style=\"\">Mart\u00ednez fue <a href=\"https:\/\/www.abc.es\/economia\/accionista-consejero-david-martinez-rompe-rechazo-unanime-20250930175132-nt.html\" title=\"www.abc.es\" data-voc-vtm-id=\"in-text-traffic\" data-mrf-link=\"www.abc.es\" rel=\"nofollow noopener\" target=\"_blank\">el \u00fanico consejero que anunci\u00f3 su intenci\u00f3n de acudir<\/a> a la finalmente fallida opa de BBVA sobre Sabadell.<\/p>\n<p class=\"voc-p\" style=\"\">Seg\u00fan fuentes de la entidad financiera, David Mart\u00ednez <strong>mantiene su participaci\u00f3n del 3,86%<\/strong> del banco pese a dejar el consejo. Apuntan, adem\u00e1s, que esto no significa que tengan que nombrar a un consejero en su lugar, ya que Sabadell tiene un n\u00famero elevado de consejeros y, por tanto, no ser\u00e1 necesaria su sustituci\u00f3n. David Mart\u00ednez rompi\u00f3 el pasado 30 de septiembre la unanimidad del Consejo al anunciar su decisi\u00f3n a acudir a la oferta mejorada presentada por BBVA. Argument\u00f3 su decisi\u00f3n en que \u00ab<strong>la futura consolidaci\u00f3n en Espa\u00f1a de ambas instituciones <\/strong>dar\u00e1 lugar a una entidad a\u00fan m\u00e1s competitiva y rentable y con mayor potencial de revalorizaci\u00f3n\u00bb.<\/p>\n<p>\nBeneficios estrat\u00e9gicos\n<\/p>\n<p class=\"voc-p\" style=\"\">El inversor asegur\u00f3 tambi\u00e9n que se hab\u00eda prestado demasiada atenci\u00f3n a la cuesti\u00f3n del precio y, a su juicio, ese factor era secundario \u00aba los beneficios estrat\u00e9gicos y financieros que la integraci\u00f3n de las entidades generar\u00e1 para sus accionistas en el largo plazo. Igualmente estimo que la interferencia pol\u00edtica ejercida ha afectado negativamente a la contraprestaci\u00f3n de esta oferta\u00bb. Por todo ello, <strong>se abstuvo de suscribir el informe elaborado<\/strong> con el argumento de \u00abno compartir algunas de las opiniones y argumentos expresados en el mismo\u00bb. En el primer informe que realiz\u00f3 el consejo sobre la oferta inicial unas semanas antes, este consejero dijo que no acudir\u00eda a ese precio y tambi\u00e9n se abstuvo de apoyar el documento que sali\u00f3 del \u00f3rgano.<\/p>\n<p class=\"voc-p\" style=\"\"><strong>El BBVA utiliz\u00f3 la decisi\u00f3n de David Mart\u00ednez<\/strong> para convencer a otros accionistas de las bondades de la oferta, aunque con no demasiado \u00e9xito, ya que finalmente solo fue aceptada por el 25,33% de los accionistas.<a href=\"https:\/\/www.abc.es\/economia\/bbva-fracasa-opa-sabadell-aceptacion-solo-2533-20251016203530-nt.html\" data-voc-vtm-id=\"in-text-traffic\" title=\" El fracaso de la opa dej\u00f3 \" rel=\"nofollow noopener\" target=\"_blank\"> El fracaso de la opa dej\u00f3 <\/a>en una situaci\u00f3n inc\u00f3moda al \u00fanico consejero que la hab\u00eda apoyado y eso explica su decisi\u00f3n ahora de dejar el consejo. <\/p>\n","protected":false},"excerpt":{"rendered":"David Mart\u00ednez ha presentado su renuncia como consejero dominical de Banco Sabadell, seg\u00fan ha informado la entidad en&hellip;\n","protected":false},"author":2,"featured_media":261689,"comment_status":"","ping_status":"","sticky":false,"template":"","format":"standard","meta":{"footnotes":""},"categories":[80],"tags":[1456,3285,82,13293,2429,2334,95,94,25,24,14269,825,10764,3284,65289,1457,23],"class_list":{"0":"post-261688","1":"post","2":"type-post","3":"status-publish","4":"format-standard","5":"has-post-thumbnail","7":"category-economia","8":"tag-banco","9":"tag-bbva","10":"tag-business","11":"tag-consejero","12":"tag-david","13":"tag-dimite","14":"tag-economia","15":"tag-economy","16":"tag-es","17":"tag-espana","18":"tag-favor","19":"tag-martinez","20":"tag-mexicano","21":"tag-opa","22":"tag-posiciono","23":"tag-sabadell","24":"tag-spain"},"share_on_mastodon":{"url":"https:\/\/pubeurope.com\/@es\/115631873385436638","error":""},"_links":{"self":[{"href":"https:\/\/www.europesays.com\/es\/wp-json\/wp\/v2\/posts\/261688","targetHints":{"allow":["GET"]}}],"collection":[{"href":"https:\/\/www.europesays.com\/es\/wp-json\/wp\/v2\/posts"}],"about":[{"href":"https:\/\/www.europesays.com\/es\/wp-json\/wp\/v2\/types\/post"}],"author":[{"embeddable":true,"href":"https:\/\/www.europesays.com\/es\/wp-json\/wp\/v2\/users\/2"}],"replies":[{"embeddable":true,"href":"https:\/\/www.europesays.com\/es\/wp-json\/wp\/v2\/comments?post=261688"}],"version-history":[{"count":0,"href":"https:\/\/www.europesays.com\/es\/wp-json\/wp\/v2\/posts\/261688\/revisions"}],"wp:featuredmedia":[{"embeddable":true,"href":"https:\/\/www.europesays.com\/es\/wp-json\/wp\/v2\/media\/261689"}],"wp:attachment":[{"href":"https:\/\/www.europesays.com\/es\/wp-json\/wp\/v2\/media?parent=261688"}],"wp:term":[{"taxonomy":"category","embeddable":true,"href":"https:\/\/www.europesays.com\/es\/wp-json\/wp\/v2\/categories?post=261688"},{"taxonomy":"post_tag","embeddable":true,"href":"https:\/\/www.europesays.com\/es\/wp-json\/wp\/v2\/tags?post=261688"}],"curies":[{"name":"wp","href":"https:\/\/api.w.org\/{rel}","templated":true}]}}