{"id":261692,"date":"2025-11-29T07:46:18","date_gmt":"2025-11-29T07:46:18","guid":{"rendered":"https:\/\/www.europesays.com\/es\/261692\/"},"modified":"2025-11-29T07:46:18","modified_gmt":"2025-11-29T07:46:18","slug":"la-conservadora-asociacion-profesional-de-la-magistratura-critica-la-intromision-de-sanchez-en-el-poder-judicial-espana","status":"publish","type":"post","link":"https:\/\/www.europesays.com\/es\/261692\/","title":{"rendered":"La conservadora Asociaci\u00f3n Profesional de la Magistratura critica la \u201cintromisi\u00f3n\u201d de S\u00e1nchez en el Poder Judicial | Espa\u00f1a"},"content":{"rendered":"<p class=\"\">La conservadora <a href=\"https:\/\/elpais.com\/noticias\/apm-asociacion-profesional-magistratura\/\" target=\"_self\" rel=\"nofollow noopener\" title=\"https:\/\/elpais.com\/noticias\/apm-asociacion-profesional-magistratura\/\">Asociaci\u00f3n Profesional de la Magistratura (APM)<\/a>, mayoritaria entre los jueces espa\u00f1oles, se ha pronunciado este viernes contra el presidente del Gobierno con una declaraci\u00f3n institucional en la que denuncian una \u201cintromisi\u00f3n\u201d de Pedro S\u00e1nchez en el Poder Judicial. El presidente hab\u00eda defendido al fiscal general del Estado, \u00c1lvaro Garc\u00eda Ortiz, <a href=\"https:\/\/elpais.com\/espana\/2025-11-09\/pedro-sanchez-el-fiscal-general-es-inocente-y-mas-aun-tras-lo-visto-el-juicio.html\" target=\"_self\" rel=\"nofollow noopener\" title=\"https:\/\/elpais.com\/espana\/2025-11-09\/pedro-sanchez-el-fiscal-general-es-inocente-y-mas-aun-tras-lo-visto-el-juicio.html\">en una entrevista en EL PA\u00cdS<\/a>, d\u00edas antes del fallo condenatorio. \u201cYo conf\u00edo en la justicia y creo que la verdad acabar\u00e1 imponi\u00e9ndose\u201d, apunt\u00f3 el jefe del Ejecutivo. El sentido de la condena lleg\u00f3 10 d\u00edas despu\u00e9s, y tras conocerlo, S\u00e1nchez mantuvo en la sesi\u00f3n de control de este mi\u00e9rcoles en el Congreso que su Gobierno est\u00e1 \u201ccon la verdad\u201d y que conf\u00eda en que \u201cel tiempo pondr\u00e1 las cosas en su sitio\u201d.<\/p>\n<p class=\"\">La asociaci\u00f3n ha realizado una declaraci\u00f3n institucional en la clausura de su 28\u00ba Congreso Nacional, celebrado en Murcia con la presencia del ministro de Justicia, <a href=\"https:\/\/elpais.com\/noticias\/felix-bolanos-garcia\/\" target=\"_self\" rel=\"nofollow noopener\" title=\"https:\/\/elpais.com\/noticias\/felix-bolanos-garcia\/\">F\u00e9lix Bola\u00f1os<\/a>. La presidenta de la asociaci\u00f3n, Mar\u00eda Jes\u00fas del Barco, ha le\u00eddo la declaraci\u00f3n en el acto, y se ha dirigido directamente al ministro: \u201cPara atentar contra nuestra independencia, nos vas a tener de frente\u201d, ha asegurado. El ministro ha salido al paso de las cr\u00edticas de los jueces, y ha defendido que es leg\u00edtimo acatar una sentencia y expresar al mismo tiempo una discrepancia. \u201cEn democracia se puede discrepar: en el plano judicial y en el argumental, con respeto\u201d, ha defendido frente a m\u00e1s de un centenar de jueces. Bola\u00f1os ha a\u00f1adido que, como ellos, el Gobierno quiere una justicia \u201crecta e imparcial\u201d.<\/p>\n<p>Felix Bola\u00f1os participa en el XXVII Congreso Nacional de la Asociaci\u00f3n Profesional de la Magistratura \u00abJusticia indepediente, garant\u00eda de democracia\u00bb.Foto: Edu Botella | V\u00eddeo: La 7<\/p>\n<p class=\"\">La APM ha exigido en su declaraci\u00f3n el cese de las cr\u00edticas a la judicatura porque asegura que son \u201cimpropias en una democracia avanzada\u201d. Han resaltado la importancia de que la sociedad mantenga el respeto al Poder Judicial y a las decisiones de jueces y tribunales, \u201cen particular\u201d de \u201cquienes ostentan responsabilidades institucionales de Gobierno\u201d. <\/p>\n<p class=\"\">Los magistrados sostienen que las afirmaciones \u201ccateg\u00f3ricas\u201d del presidente del Gobierno en torno <a href=\"https:\/\/elpais.com\/noticias\/fiscalia-general-estado\/\" target=\"_self\" rel=\"nofollow noopener\" title=\"https:\/\/elpais.com\/noticias\/fiscalia-general-estado\/\">a la culpabilidad del fiscal general<\/a>, en un asunto que todav\u00eda estaba siendo juzgado por el Supremo, \u201csolo pueden ser calificadas como una intromisi\u00f3n\u201d y un quebrantamiento del \u201cdeber de respeto\u201d que debe ejercer el presidente. Adem\u00e1s, insisten en que S\u00e1nchez desautoriz\u00f3 d\u00edas despu\u00e9s la decisi\u00f3n avanzada por la sala segunda del alto tribunal en un \u201cnuevo traspaso de la barrera de lealtad institucional\u201d, que califican de \u201cespecialmente censurable\u201d, con el argumento de que \u201cni siquiera se aguard\u00f3 a conocer las razones por las cuales se pronuncia la condena\u201d. <\/p>\n<p class=\"\">S\u00e1nchez asegur\u00f3 desde Johannesburgo el pasado domingo que la sentencia, a\u00fan pendiente,<b> <\/b>tendr\u00e1 \u201caspectos controvertidos\u201d que \u201ctendr\u00e1n que dirimirse\u201d en \u201cotras instancias jur\u00eddicas\u201d. El presidente argument\u00f3 tambi\u00e9n que su Gobierno acataba el fallo pero que \u201clo lamentaban\u201d y \u201cno lo compart\u00edan\u201d. La asociaci\u00f3n ha subrayado que las palabras del presidente sobre \u201cla posibilidad de revisar las potestades de tutela de los derechos e intereses leg\u00edtimos, colisiona frontalmente\u201d con la Constituci\u00f3n, y han pedido que cesen estos \u201cgraves ataques\u201d. \u201cEstamos en condiciones de garantizar al conjunto de la sociedad que, como implica la f\u00f3rmula de juramento que hicimos con motivo de nuestro ingreso en la carrera judicial, seguiremos dedicando lo mejor de nosotros mismos a la tarea de administrar recta e imparcial justicia frente a todos\u201d, zanjan en su comunicado.<\/p>\n","protected":false},"excerpt":{"rendered":"La conservadora Asociaci\u00f3n Profesional de la Magistratura (APM), mayoritaria entre los jueces espa\u00f1oles, se ha pronunciado este viernes&hellip;\n","protected":false},"author":2,"featured_media":261693,"comment_status":"","ping_status":"","sticky":false,"template":"","format":"standard","meta":{"footnotes":""},"categories":[8],"tags":[8577,65290,65291,17,18,11298,25,24,13,14,2165,2153,11,19,20,9,10,15,16,2959,4870,23,12,57640,21,22],"class_list":{"0":"post-261692","1":"post","2":"type-post","3":"status-publish","4":"format-standard","5":"has-post-thumbnail","7":"category-espana","8":"tag-alvaro-garcia-ortiz","9":"tag-apm","10":"tag-asociacion-profesional-magistratura","11":"tag-breaking-news","12":"tag-breakingnews","13":"tag-constitucion","14":"tag-es","15":"tag-espana","16":"tag-featured-news","17":"tag-featurednews","18":"tag-felix-bolanos-garcia","19":"tag-fiscalia-general-estado","20":"tag-headlines","21":"tag-latest-news","22":"tag-latestnews","23":"tag-news","24":"tag-noticias","25":"tag-noticias-destacadas","26":"tag-noticiasdestacadas","27":"tag-pedro-sanchez","28":"tag-poder-judicial","29":"tag-spain","30":"tag-titulares","31":"tag-tribunal-superior","32":"tag-ultimas-noticias","33":"tag-ultimasnoticias"},"share_on_mastodon":{"url":"","error":"Validation failed: Text character limit of 500 exceeded"},"_links":{"self":[{"href":"https:\/\/www.europesays.com\/es\/wp-json\/wp\/v2\/posts\/261692","targetHints":{"allow":["GET"]}}],"collection":[{"href":"https:\/\/www.europesays.com\/es\/wp-json\/wp\/v2\/posts"}],"about":[{"href":"https:\/\/www.europesays.com\/es\/wp-json\/wp\/v2\/types\/post"}],"author":[{"embeddable":true,"href":"https:\/\/www.europesays.com\/es\/wp-json\/wp\/v2\/users\/2"}],"replies":[{"embeddable":true,"href":"https:\/\/www.europesays.com\/es\/wp-json\/wp\/v2\/comments?post=261692"}],"version-history":[{"count":0,"href":"https:\/\/www.europesays.com\/es\/wp-json\/wp\/v2\/posts\/261692\/revisions"}],"wp:featuredmedia":[{"embeddable":true,"href":"https:\/\/www.europesays.com\/es\/wp-json\/wp\/v2\/media\/261693"}],"wp:attachment":[{"href":"https:\/\/www.europesays.com\/es\/wp-json\/wp\/v2\/media?parent=261692"}],"wp:term":[{"taxonomy":"category","embeddable":true,"href":"https:\/\/www.europesays.com\/es\/wp-json\/wp\/v2\/categories?post=261692"},{"taxonomy":"post_tag","embeddable":true,"href":"https:\/\/www.europesays.com\/es\/wp-json\/wp\/v2\/tags?post=261692"}],"curies":[{"name":"wp","href":"https:\/\/api.w.org\/{rel}","templated":true}]}}