{"id":261704,"date":"2025-11-29T07:58:15","date_gmt":"2025-11-29T07:58:15","guid":{"rendered":"https:\/\/www.europesays.com\/es\/261704\/"},"modified":"2025-11-29T07:58:15","modified_gmt":"2025-11-29T07:58:15","slug":"el-museo-de-bellas-artes-intervendra-su-cupula-por-peligro-de-desprendimientos","status":"publish","type":"post","link":"https:\/\/www.europesays.com\/es\/261704\/","title":{"rendered":"El Museo de Bellas Artes intervendr\u00e1 su c\u00fapula por peligro de desprendimientos"},"content":{"rendered":"<p class=\"ft-text ft-helper-closenews\">El <a class=\"ft-link ft-link--decoration\" href=\"https:\/\/www.levante-emv.com\/tags\/museo-de-bellas-artes\/\" rel=\"nofollow noopener\" target=\"_blank\">Museo de Bellas Artes de Val\u00e8ncia<\/a> afrontar\u00e1 en los pr\u00f3ximos meses una <strong>intervenci\u00f3n <\/strong>para atajar los problemas de <strong>desprendimientos en la c\u00fapula <\/strong>del antiguo Colegio Seminario de <a class=\"ft-link ft-link--decoration\" href=\"https:\/\/www.levante-emv.com\/fotos\/cultura\/2025\/07\/20\/pablo-gonzalez-tornel-museo-bellas-artes-san-pio-v-119744676.html\" rel=\"nofollow noopener\" target=\"_blank\">San P\u00edo V, <\/a>adem\u00e1s de<strong> mejorar el acceso principal y renovar<\/strong> los servicios de las salas temporales. La actuaci\u00f3n, recogida en un proyecto t\u00e9cnico ya redactado, cuenta con un <strong>presupuesto de 290.574,78 euros<\/strong> y un plazo de ejecuci\u00f3n de<strong> seis meses.<\/strong><\/p>\n<p class=\"ft-text\">Seg\u00fan ha explicado el director de la pinacoteca,<a class=\"ft-link ft-link--decoration\" href=\"https:\/\/www.levante-emv.com\/videos\/cultura\/2025\/07\/20\/entrevista-pablo-gonzalez-tornel-director-museo-bellas-artes-119746317.html\" rel=\"nofollow noopener\" target=\"_blank\"> Pablo Gonz\u00e1lez Tornel, <\/a>la intervenci\u00f3n est\u00e1 directamente relacionada con la compleja historia constructiva de la c\u00fapula, colapsada hace d\u00e9cadas por falta de mantenimiento y reconstruida a finales de los 90 del siglo pasado.<\/p>\n<p class=\"ft-text\">En 1946 el Museo de Bellas Artes de Val\u00e8ncia se instal\u00f3 en el antiguo Colegio Seminario de San P\u00edo V, fundado en el siglo XVI. La iglesia del seminario, edificada en el siglo XVII, <strong>fue desahuciada a comienzos del siglo XX <\/strong>como consecuencia de las muchas grietas que se observaban en ella <strong>y en 1925 se determin\u00f3 que era mucho m\u00e1s barato la demolici\u00f3n de la c\u00fapula central, <\/strong>de su tambor, de la nave lateral y de los pilares afectados, que reconstruirla. Adem\u00e1s con esta demolici\u00f3n se obten\u00edan materiales de ladrillo y mamposter\u00eda para otras obras.<\/p>\n<p class=\"ft-text\">No fue hasta 1986 cuando se iniciaron las obras de reforma y ampliaci\u00f3n del edificio San P\u00edo V sobre el proyecto inicial de los arquitectos <a class=\"ft-link ft-link--decoration\" href=\"https:\/\/www.levante-emv.com\/cultura\/2024\/01\/12\/colegio-arquitectos-valencia-dedica-exposicion-96812744.html\" rel=\"nofollow noopener\" target=\"_blank\"><strong>Manuel Portaceli <\/strong><\/a><strong>y \u00c1lvaro G\u00f3mez-Ferrer.<\/strong> La reconstrucci\u00f3n de la iglesia -y de su c\u00fapula- para convertirla en el vest\u00edbulo y distribuidor del museo se llev\u00f3 a cabo durante la segunda fase del proyecto, <strong>entre 1992 y 1994. <\/strong>Los arquitectos optaron por plantear la restituci\u00f3n del espacio cupulado restaurando las tres quintas partes existentes y construyendo el resto a partir de la imagen urbana reflejada en los grabados de la \u00e9poca.<\/p>\n<p><img decoding=\"async\" src=\"https:\/\/www.europesays.com\/es\/wp-content\/uploads\/2025\/11\/385b4566-3ae3-4f7b-ba01-1e1991be438f_alta-libre-aspect-ratio_default_0.jpg\" width=\"1200\" height=\"750\" alt=\"El San P\u00edo V sin la c\u00fapula.\" class=\"ft-helper-img-rd\" loading=\"lazy\"\/><\/p>\n<p class=\"ft-helper-fontColor-quaternary ft-helper-fontSize-body-S ft-helper-spacer-t-xxs\">El San P\u00edo V sin la c\u00fapula.  \/ L-EMV<\/p>\n<p>Diferencia de materiales<\/p>\n<p class=\"ft-text\">\u201cLo que hace el arquitecto del proyecto, Manuel Portaceli, es <strong>devolverle la volumetr\u00eda original, pero no mimetiza los materiales. <\/strong>La parte nueva es de hormig\u00f3n y metal, con una malla met\u00e1lica en la c\u00fapula, mientras que el edificio original del siglo XVIII es de f\u00e1brica tradicional\u201d, recuerda.<\/p>\n<p class=\"ft-text\">Esa diferencia de materiales, se\u00f1ala Gonz\u00e1lez Tornel, ha generado, con el paso del tiempo, <strong>problemas en los puntos de uni\u00f3n entre la estructura original y la reconstrucci\u00f3n moderna. <\/strong>\u201cLos materiales no dilatan ni contraen igual y en los encuentros el estuco no ha trabajado bien\u201d, reconoce el director, explicando as\u00ed los desprendimientos de revestimientos detectados en el tambor de la c\u00fapula y el deambulatorio.<\/p>\n<p class=\"ft-text\">El proyecto prev\u00e9 sanear estos revestimientos,<strong> reparar estucos y enfoscados deteriorados y reforzar el falso techo. <\/strong>Aunque el informe realizado por la Generalitat para la adjudicaci\u00f3n del proyecto aclara que no hay riesgo para la estabilidad estructural de la c\u00fapula, s\u00ed se\u00f1ala expresamente que \u201cel avanzado estado de desprendimientos podr\u00eda llegar a provocar ca\u00eddas de material que ocasionaran da\u00f1os tanto a las obras expuestas como a los visitantes\u201d.<\/p>\n<p><img decoding=\"async\" src=\"https:\/\/www.europesays.com\/es\/wp-content\/uploads\/2025\/11\/5d4228f8-564e-4124-a7cc-cf039db64fd3_alta-libre-aspect-ratio_default_0.jpg\" width=\"1200\" height=\"719\" alt=\"Obras de reconstrucci\u00f3n de la c\u00fapula en la d\u00e9cada de los 90.\" class=\"ft-helper-img-rd\" loading=\"lazy\"\/><\/p>\n<p class=\"ft-helper-fontColor-quaternary ft-helper-fontSize-body-S ft-helper-spacer-t-xxs\">Obras de reconstrucci\u00f3n de la c\u00fapula en la d\u00e9cada de los 90.  \/ L-EMV<\/p>\n<p>Fachadas y servicios<\/p>\n<p class=\"ft-text\">El proyecto tambi\u00e9n contempla actuar en las <strong>fachadas exteriores, <\/strong>donde se han detectado <strong>suciedad, degradaci\u00f3n de revocos y problemas en elementos met\u00e1licos. <\/strong>Seg\u00fan el informe de la Generalitat, la falta de mantenimiento ha generado ennegrecimiento generalizado de la piedra y ladrillo, mientras que las muros han tenido que ser repintados en varias ocasiones por la presencia de grafitis. La intervenci\u00f3n incluye tambi\u00e9n la <strong>reparaci\u00f3n del port\u00f3n de entrada,<\/strong> la sustituci\u00f3n del falso techo actual \u2014que llega a desprenderse en d\u00edas de viento\u2014 y la renovaci\u00f3n del pavimento y la iluminaci\u00f3n.<\/p>\n<p class=\"ft-text\">Adem\u00e1s, se actuar\u00e1 en los aseos de las salas temporales, los m\u00e1s antiguos del museo, con sustituci\u00f3n de instalaciones, carpinter\u00edas da\u00f1adas por inundaciones y fancoils averiados, y adaptaci\u00f3n a criterios actuales de accesibilidad. <strong>\u201cEs una zona de acceso y da servicio a las temporales; <\/strong>era l\u00f3gico aprovechar para renovarla\u201d, explica Gonz\u00e1lez Tornel.<\/p>\n<p class=\"ft-text\">El director conf\u00eda en que, si no se producen retrasos administrativos, las obras puedan estar pr\u00e1cticamente<strong> concluidas despu\u00e9s del verano del a\u00f1o pr\u00f3ximo. <\/strong>El objetivo es evitar el cierre de la c\u00fapula durante los trabajos, organizando la obra por tramos. \u201cQueremos que las molestias a los visitantes habituales sean las menos posibles, sobre todo para la gente que viene todas las semanas\u201d, subraya.<\/p>\n<p>Un paso de cebra para cruzar hacia el museo<\/p>\n<p class=\"ft-text\">La intervenci\u00f3n en el hall y la c\u00fapula se ver\u00e1 acompa\u00f1ada, previsiblemente en 2026, por <strong>una mejora en la accesibilidad exterior del museo. <\/strong>A trav\u00e9s de los presupuestos participativos del Ayuntamiento de Val\u00e8ncia, se ha aprobado la instalaci\u00f3n de un paso de cebra semaforizado frente a la fachada del museo, en la calle San P\u00edo V.<\/p>\n<p class=\"ft-text\">La propuesta fue impulsada por la <strong>Asociaci\u00f3n de Amigos del Museo <\/strong>ante la imposibilidad, por ahora, de peatonalizar la zona. \u201cPermitir\u00e1 un cruce m\u00e1s amable entre las dos orillas de la calle y ralentizar el tr\u00e1fico delante del museo\u201d, explica Gonz\u00e1lez Tornel.<\/p>\n<p><img decoding=\"async\" src=\"https:\/\/www.europesays.com\/es\/wp-content\/uploads\/2025\/11\/36f16cb8-dd83-42c1-99e2-490a4d67bf31_alta-libre-aspect-ratio_default_0.jpg\" width=\"1200\" height=\"800\" alt=\"Retablo de Nicol\u00e1s Borr\u00e1s procedente del monasterio de Cotalba.\" class=\"ft-helper-img-rd\" loading=\"lazy\"\/><\/p>\n<p class=\"ft-helper-fontColor-quaternary ft-helper-fontSize-body-S ft-helper-spacer-t-xxs\">Retablo de Nicol\u00e1s Borr\u00e1s procedente del monasterio de Cotalba.  \/ FERRAN MONTENEGRO<\/p>\n<p>Nueva museograf\u00eda para el siglo XVI<\/p>\n<p class=\"ft-text\">Paralelamente a la intervenci\u00f3n arquitect\u00f3nica, el museo sigue trabajando en la <strong>reordenaci\u00f3n museogr\u00e1fica de las salas dedicadas al siglo XVI, <\/strong>especialmente las dos grandes salas abovedadas que a\u00fan est\u00e1n pendientes tras la reciente renovaci\u00f3n de las dedicadas al Renacimiento del Norte y del Sur, Joan de Joanes y el Manierismo Internacional.<\/p>\n<p class=\"ft-text\">Este proyecto incluir\u00e1 tambi\u00e9n la restauraci\u00f3n de las b\u00f3vedas de estas salas y afectar\u00e1 al pasillo que conecta con la sala de retablos. Y traer\u00e1 consigo uno de los movimientos m\u00e1s delicados:<strong> el traslado de grandes piezas de la colecci\u00f3n.<\/strong><\/p>\n<p class=\"ft-text\">Entre ellas, destaca el retablo de <a class=\"ft-link ft-link--decoration\" href=\"https:\/\/www.levante-emv.com\/cultura\/2010\/12\/18\/san-pio-v-redescubre-nicolas-13096128.html\" rel=\"nofollow noopener\" target=\"_blank\"><strong>Nicol\u00e1s Borr\u00e1s<\/strong><\/a><strong> procedente del monasterio de Cotalba,<\/strong> que actualmente se exhibe en la sala de retablos g\u00f3ticos pese a ser muy posterior a estos. La intenci\u00f3n es trasladarlo a la sala de arte de la Contrarreforma para darle un contexto hist\u00f3rico m\u00e1s coherente.<\/p>\n<p class=\"ft-text\">\u201cEn su d\u00eda se coloc\u00f3 ah\u00ed por tama\u00f1o, pero <strong>hay que darle un sentido m\u00e1s did\u00e1ctico al discurso del museo\u201d, <\/strong>argumenta. Este proyecto museogr\u00e1fico, de mayor complejidad y coste que una intervenci\u00f3n menor, se adjudicar\u00e1 en las pr\u00f3ximas semanas, aunque su ejecuci\u00f3n est\u00e1 prevista para principios de 2026, debido al volumen de trabajo y a la necesidad de mover obras de gran formato.<\/p>\n<p data-close=\"closedContent\" class=\"subscribeHideForDisplay\">Suscr\u00edbete para seguir leyendo<\/p>\n","protected":false},"excerpt":{"rendered":"El Museo de Bellas Artes de Val\u00e8ncia afrontar\u00e1 en los pr\u00f3ximos meses una intervenci\u00f3n para atajar los problemas&hellip;\n","protected":false},"author":2,"featured_media":261705,"comment_status":"","ping_status":"","sticky":false,"template":"","format":"standard","meta":{"footnotes":""},"categories":[173],"tags":[24471,229,233,1968,231,230,1967,209,29404,232,234,146,147,25,24,12034,65293,6131,470,41080,474,23,21985],"class_list":{"0":"post-261704","1":"post","2":"type-post","3":"status-publish","4":"format-standard","5":"has-post-thumbnail","7":"category-arte-y-diseno","8":"tag-accesibilidad","9":"tag-arte","10":"tag-arte-y-diseno","11":"tag-artes","12":"tag-arts","13":"tag-arts-and-design","14":"tag-bellas","15":"tag-cultura","16":"tag-cupula","17":"tag-design","18":"tag-diseno","19":"tag-entertainment","20":"tag-entretenimiento","21":"tag-es","22":"tag-espana","23":"tag-iglesia","24":"tag-intervendra","25":"tag-ladrillo","26":"tag-museo","27":"tag-museo-de-bellas-artes","28":"tag-obras","29":"tag-spain","30":"tag-temporales"},"share_on_mastodon":{"url":"https:\/\/pubeurope.com\/@es\/115631928614341335","error":""},"_links":{"self":[{"href":"https:\/\/www.europesays.com\/es\/wp-json\/wp\/v2\/posts\/261704","targetHints":{"allow":["GET"]}}],"collection":[{"href":"https:\/\/www.europesays.com\/es\/wp-json\/wp\/v2\/posts"}],"about":[{"href":"https:\/\/www.europesays.com\/es\/wp-json\/wp\/v2\/types\/post"}],"author":[{"embeddable":true,"href":"https:\/\/www.europesays.com\/es\/wp-json\/wp\/v2\/users\/2"}],"replies":[{"embeddable":true,"href":"https:\/\/www.europesays.com\/es\/wp-json\/wp\/v2\/comments?post=261704"}],"version-history":[{"count":0,"href":"https:\/\/www.europesays.com\/es\/wp-json\/wp\/v2\/posts\/261704\/revisions"}],"wp:featuredmedia":[{"embeddable":true,"href":"https:\/\/www.europesays.com\/es\/wp-json\/wp\/v2\/media\/261705"}],"wp:attachment":[{"href":"https:\/\/www.europesays.com\/es\/wp-json\/wp\/v2\/media?parent=261704"}],"wp:term":[{"taxonomy":"category","embeddable":true,"href":"https:\/\/www.europesays.com\/es\/wp-json\/wp\/v2\/categories?post=261704"},{"taxonomy":"post_tag","embeddable":true,"href":"https:\/\/www.europesays.com\/es\/wp-json\/wp\/v2\/tags?post=261704"}],"curies":[{"name":"wp","href":"https:\/\/api.w.org\/{rel}","templated":true}]}}