{"id":261706,"date":"2025-11-29T08:00:10","date_gmt":"2025-11-29T08:00:10","guid":{"rendered":"https:\/\/www.europesays.com\/es\/261706\/"},"modified":"2025-11-29T08:00:10","modified_gmt":"2025-11-29T08:00:10","slug":"necesito-que-lo-oiga-quien-lo-tiene-que-oir","status":"publish","type":"post","link":"https:\/\/www.europesays.com\/es\/261706\/","title":{"rendered":"Necesito que lo oiga quien lo tiene que o\u00edr"},"content":{"rendered":"<p class=\"c-paragraph\"><b>Bert\u00edn Osborne<\/b> ha vuelto esta semana al foco medi\u00e1tico despu\u00e9s de lanzarse el avance de la <b>entrevista de Gabriela Guill\u00e9n<\/b> para \u00a1De viernes! Horas antes de emitirse el formato de Telecinco, <b>Fabiola Mart\u00ednez se ha pronunciado<\/b> y ha contado su propia experiencia habiendo sido madre tambi\u00e9n junto al artista.\u00a0<\/p>\n<p class=\"c-paragraph\">Despu\u00e9s de que Gabriela Guill\u00e9n haya confesado que <b>Osborne se ha desvinculado completamente del hijo<\/b> que tienen en com\u00fan, que est\u00e1 a punto de cumplir dos a\u00f1os, Fabiola Mart\u00ednez ha dejado claro su punto de vista.\u00a0<\/p>\n<p class=\"c-paragraph\"><b>\u00abMi opini\u00f3n personal me la guardo para m\u00ed,\u00a0<\/b>porque entend\u00e9is que cualquier cosa que yo pueda decir puede perjudicar primero a mis hijos, despu\u00e9s\u00a0a las hijas de Bert\u00edn, que las adoro\u00a0y que jam\u00e1s har\u00eda nada que las perjudique, y por \u00faltimo al propio Bert\u00edn\u00bb, ha aclarado la venezolana.\u00a0<\/p>\n<p class=\"c-paragraph\">Frente a las c\u00e1maras de Europa Press, Fabiola Mart\u00ednez ha relatado c\u00f3mo realizaron ellos el convenio regulador: \u00abNosotros al principio <b>acordamos todo a trav\u00e9s de los abogados.<\/b>\u00a0No por mal, sino porque entre los abogados al final <b>saben d\u00f3nde est\u00e1n las l\u00edneas<\/b> y eso evitaba que nosotros tuvi\u00e9ramos confrontaciones. Porque igual yo ten\u00eda unos intereses y \u00e9l ten\u00eda otros y no es f\u00e1cil cara a cara encima si adem\u00e1s hay sentimientos\u00bb.<\/p>\n<p class=\"c-paragraph\">La expareja de Bert\u00edn Osborne ha desvelado lo \u00abcomplicado\u00bb que est\u00e1 siendo <b>conciliar el trabajo con el cuidado de su hijo Kike<\/b>. \u00abYo tengo suerte porque me lo puedo permitir. <b>Tengo ayudas, tengo personas que trabajan en casa.<\/b> Pues a lo mejor, si yo tuviese que hacer eso sola, quiz\u00e1s o estoy aqu\u00ed o estoy all\u00ed,<b>\u00a0<\/b>no puedo estar en los dos sitios\u00bb, ha comentado.\u00a0<\/p>\n<p class=\"c-paragraph\">La venezolana ha aprovechado para lanzar <b>una peque\u00f1a pulla a Bert\u00edn Osborne,<\/b> pues es ella la que m\u00e1s tiempo dedica al cuidado de sus hijos. \u00abA\u00a0nivel corresponsabilidad, pues, \u00bfqu\u00e9 te voy a decir?\u00a0Que <b>me encantar\u00eda que el a\u00f1o estuviese mejor repartido<\/b> porque lo necesito. Necesito dormir, <b>necesito descansar\u00bb,<\/b> ha confesado.\u00a0<\/p>\n<p class=\"c-paragraph\">\u00abEsto no le llega a quien le tiene que llegar. Eso es lo malo, que\u00a0yo lo que <b>necesito es que lo oiga quien lo tiene que o\u00edr<\/b>, pero bueno, tambi\u00e9n entiendo que \u00e9l tiene sus fechas de trabajo que <b>es complicado tambi\u00e9n compaginarlo todo\u00bb,<\/b> ha a\u00f1adido Fabiola Mart\u00ednez,\u00a0indicando que le ha invitado a ir a la inauguraci\u00f3n del mercadillo,\u00a0pero que se ha negado por motivos de trabajo.<\/p>\n","protected":false},"excerpt":{"rendered":"Bert\u00edn Osborne ha vuelto esta semana al foco medi\u00e1tico despu\u00e9s de lanzarse el avance de la entrevista de&hellip;\n","protected":false},"author":2,"featured_media":261707,"comment_status":"","ping_status":"","sticky":false,"template":"","format":"standard","meta":{"footnotes":""},"categories":[171],"tags":[146,147,25,24,61624,2629,825,20987,23,214,20877],"class_list":{"0":"post-261706","1":"post","2":"type-post","3":"status-publish","4":"format-standard","5":"has-post-thumbnail","7":"category-tv","8":"tag-entertainment","9":"tag-entretenimiento","10":"tag-es","11":"tag-espana","12":"tag-fabiola","13":"tag-lanza","14":"tag-martinez","15":"tag-pulla","16":"tag-spain","17":"tag-tv","18":"tag-una"},"share_on_mastodon":{"url":"https:\/\/pubeurope.com\/@es\/115631936163988312","error":""},"_links":{"self":[{"href":"https:\/\/www.europesays.com\/es\/wp-json\/wp\/v2\/posts\/261706","targetHints":{"allow":["GET"]}}],"collection":[{"href":"https:\/\/www.europesays.com\/es\/wp-json\/wp\/v2\/posts"}],"about":[{"href":"https:\/\/www.europesays.com\/es\/wp-json\/wp\/v2\/types\/post"}],"author":[{"embeddable":true,"href":"https:\/\/www.europesays.com\/es\/wp-json\/wp\/v2\/users\/2"}],"replies":[{"embeddable":true,"href":"https:\/\/www.europesays.com\/es\/wp-json\/wp\/v2\/comments?post=261706"}],"version-history":[{"count":0,"href":"https:\/\/www.europesays.com\/es\/wp-json\/wp\/v2\/posts\/261706\/revisions"}],"wp:featuredmedia":[{"embeddable":true,"href":"https:\/\/www.europesays.com\/es\/wp-json\/wp\/v2\/media\/261707"}],"wp:attachment":[{"href":"https:\/\/www.europesays.com\/es\/wp-json\/wp\/v2\/media?parent=261706"}],"wp:term":[{"taxonomy":"category","embeddable":true,"href":"https:\/\/www.europesays.com\/es\/wp-json\/wp\/v2\/categories?post=261706"},{"taxonomy":"post_tag","embeddable":true,"href":"https:\/\/www.europesays.com\/es\/wp-json\/wp\/v2\/tags?post=261706"}],"curies":[{"name":"wp","href":"https:\/\/api.w.org\/{rel}","templated":true}]}}