{"id":261708,"date":"2025-11-29T08:02:10","date_gmt":"2025-11-29T08:02:10","guid":{"rendered":"https:\/\/www.europesays.com\/es\/261708\/"},"modified":"2025-11-29T08:02:10","modified_gmt":"2025-11-29T08:02:10","slug":"la-pelicula-de-accion-definitiva-de-schwarzenegger-que-clint-eastwood-odio-es-una-porqueria","status":"publish","type":"post","link":"https:\/\/www.europesays.com\/es\/261708\/","title":{"rendered":"La pel\u00edcula de acci\u00f3n definitiva de Schwarzenegger que Clint Eastwood odi\u00f3: \u201cEs una porquer\u00eda\u201d"},"content":{"rendered":"<p class=\"\"><b>Arnold Schwarzenegger<\/b> y <b>Clint Eastwood<\/b> son dos aut\u00e9nticas leyendas vivas de Hollywood. Ambos comparten varios aspectos de su profesi\u00f3n, como ser considerados algunos de los mayores <b>tipos duros de Hollywood<\/b> durante buena parte de su carrera, a pesar de que nunca han trabajado juntos. Y si bien Arnie siempre ha considerado a <a href=\"https:\/\/as.com\/meristation\/cine\/de-pistolero-estoico-a-cantante-en-un-musical-asi-fue-el-papel-mas-extrano-de-clint-eastwood-en-la-leyenda-de-la-ciudad-sin-nombre-f202511-n\/\" target=\"_blank\" rel=\"noreferrer nofollow noopener\" title=\"https:\/\/as.com\/meristation\/cine\/de-pistolero-estoico-a-cantante-en-un-musical-asi-fue-el-papel-mas-extrano-de-clint-eastwood-en-la-leyenda-de-la-ciudad-sin-nombre-f202511-n\/\">Eastwood<\/a> como <a href=\"https:\/\/as.com\/meristation\/cine\/el-thriller-olvidado-de-clint-eastwood-que-marco-el-regreso-de-schwarzenegger-me-quito-la-maldicion-n\/\" target=\"_blank\" rel=\"noreferrer nofollow noopener\" title=\"https:\/\/as.com\/meristation\/cine\/el-thriller-olvidado-de-clint-eastwood-que-marco-el-regreso-de-schwarzenegger-me-quito-la-maldicion-n\/\">fuente de inspiraci\u00f3n<\/a> \u2013incluso se consideran amigos en el \u00e1mbito personal\u2013, lo cierto es que el <a href=\"https:\/\/as.com\/meristation\/cine\/clint-eastwood-dicta-sentencia-sobre-su-actor-favorito-el-cine-fue-inventado-para-el-n\/\" target=\"_blank\" rel=\"noreferrer nofollow noopener\" title=\"https:\/\/as.com\/meristation\/cine\/clint-eastwood-dicta-sentencia-sobre-su-actor-favorito-el-cine-fue-inventado-para-el-n\/\">c\u00e9lebre actor y director<\/a> de pel\u00edculas como \u2018<b>Sin perd\u00f3n<\/b>\u2019, \u2018<b>Million Dollar Baby<\/b>\u2019 o \u2018<b>Gran Torino<\/b>\u2019 considera que una pel\u00edcula en concreto del <a href=\"https:\/\/as.com\/meristation\/cine\/arnold-schwarzenegger-y-su-contundente-opinion-sobre-el-remake-de-un-clasico-de-stephen-king-que-protagonizo-en-1987-f202511-n\/\" target=\"_blank\" rel=\"noreferrer nofollow noopener\" title=\"https:\/\/as.com\/meristation\/cine\/arnold-schwarzenegger-y-su-contundente-opinion-sobre-el-remake-de-un-clasico-de-stephen-king-que-protagonizo-en-1987-f202511-n\/\">actor de origen austr\u00edaco<\/a> \u201c<b>es una porquer\u00eda<\/b>\u201d. Y adem\u00e1s, es uno de los mayores batacazos de <a href=\"https:\/\/as.com\/meristation\/cine\/arnold-schwarzenegger-carga-contra-el-remake-de-uno-de-sus-clasicos-de-accion-eso-es-una-tonteria-f202511-v\/\" target=\"_blank\" rel=\"noreferrer nofollow noopener\" title=\"https:\/\/as.com\/meristation\/cine\/arnold-schwarzenegger-carga-contra-el-remake-de-uno-de-sus-clasicos-de-accion-eso-es-una-tonteria-f202511-v\/\">Schwarzenegger<\/a>: \u2018<b>El \u00faltimo gran h\u00e9roe<\/b>\u2019 de 1993.<\/p>\n<p><b>Clint Eastwood opina sobre \u2018El \u00faltimo gran h\u00e9roe\u2019 de Schwarzenegger<\/b><\/p>\n<p class=\"\">A principios de los a\u00f1os 90, tanto Schwarzenegger como Eastwood estaban en un <b>gran momento<\/b> de sus respectivas carreras. El primero se encontraba en el momento de m\u00e1xima popularidad tras blockbusters como \u2018<b>Desaf\u00edo Total<\/b>\u2019, \u2018<b>Terminator 2: el juicio final<\/b>\u2019 o \u2018<b>Mentiras arriesgadas<\/b>\u2019. El segundo triunfaba con \u2018<b>Sin perd\u00f3n<\/b>\u2019, pel\u00edcula que le vali\u00f3 sus dos primeros premios Oscar, apareciendo poco despu\u00e9s en dos cintas tan reivindicables como \u2018<b>En la l\u00ednea de fuego<\/b>\u2019 y \u2018<b>Un mundo perfecto<\/b>\u2019. Sin embargo, hay una pel\u00edcula de Schwarzenegger de esa \u00e9poca que a Eastwood \u2013y a buena parte del p\u00fablico\u2013 no gust\u00f3 demasiado: \u2018<b>El \u00faltimo gran h\u00e9roe<\/b>\u2019 de 1993.<\/p>\n<p class=\"\">Tanto es as\u00ed, que \u2018<b>En la l\u00ednea de fuego<\/b>\u2019 y \u2018<b>El \u00faltimo gran h\u00e9roe<\/b>\u2019 se estrenaron ese mismo verano de 1993. Sin embargo, la primera estaba en mejor posici\u00f3n que la segunda, ya que cost\u00f3 menos de la mitad que la otra y no tuvo el descaro de tratar de competir en cines con \u2018<b>Jurassic Park<\/b>\u2019 de <b>Steven Spielberg<\/b>. \u00bfEl resultado? La que deb\u00eda ser la cinta de acci\u00f3n definitiva de Arnie fue un rotundo <b>fracaso en Estados Unidos<\/b>. Hasta que el punto de que el tr\u00edo formado por el director <b>John McTiernan<\/b>, el guionista <b>Shane Black<\/b> y el protagonista <b>Arnold Schwarzenegger<\/b> fuera devorado por los dinosaurios de Spielberg.<\/p>\n<p class=\"\">Seguramente infravalorada y adelantada a su tiempo, \u2018<b>El \u00faltimo gran h\u00e9roe<\/b>\u2019 fue un fracaso rotundo de cr\u00edtica y p\u00fablico. As\u00ed lo <a href=\"https:\/\/faroutmagazine.co.uk\/arnold-schwarzenegger-movie-clint-eastwood-called-crap\/\" target=\"_blank\" rel=\"noreferrer nofollow noopener\" title=\"https:\/\/faroutmagazine.co.uk\/arnold-schwarzenegger-movie-clint-eastwood-called-crap\/\">expres\u00f3<\/a> el propio <b>Clint Eastwood<\/b> al famoso cr\u00edtico <b>Roger Ebert<\/b>, que <a href=\"https:\/\/as.com\/meristation\/cine\/este-es-el-western-que-clint-eastwood-odiaba-con-toda-su-alma-por-su-mal-guion-con-un-tipo-disfrazado-de-su-abuela-n\/\" target=\"_blank\" rel=\"noreferrer nofollow noopener\" title=\"https:\/\/as.com\/meristation\/cine\/este-es-el-western-que-clint-eastwood-odiaba-con-toda-su-alma-por-su-mal-guion-con-un-tipo-disfrazado-de-su-abuela-n\/\">critic\u00f3<\/a> la decisi\u00f3n de mostar el filme a la prensa especializada antes que al p\u00fablico, provocando una <b>publicidad que conden\u00f3<\/b> el filme: \u201cIntentas hacer una evaluaci\u00f3n pr\u00e1ctica, quiz\u00e1 para descubrir qu\u00e9 tienes o para detectar algunos cambios, pero no resulta as\u00ed. <b>Alguien lo ve y lo publica, y es una porquer\u00eda<\/b>. Quiz\u00e1s no estabas listo para mostrarlo p\u00fablicamente. Creo que deber\u00edas analizarlo mentalmente, en lugar de hacer todas esas intromisiones\u201d, <b>sentenci\u00f3 Eastwood sobre la pel\u00edcula de Schwarzenegger<\/b>.<\/p>\n<p><img decoding=\"async\" src=\"https:\/\/www.europesays.com\/es\/wp-content\/uploads\/2025\/11\/IU6V36I3GJE2HEH5BIUHJEWQNU.jpg\" alt=\"La pel\u00edcula de acci\u00f3n definitiva de Schwarzenegger que Clint Eastwood odi\u00f3: \u201cEs una porquer\u00eda\u201d\" height=\"720\" width=\"1280\"   loading=\"lazy\"\/><\/p>\n<p class=\"\">\u2018<b>El \u00faltimo gran h\u00e9roe<\/b>\u2019 puede verse en <b>Espa\u00f1a<\/b> a trav\u00e9s de plataformas como <a href=\"https:\/\/www.primevideo.com\/-\/es\/detail\/El-%C3%9Altimo-Gran-H%C3%A9roe\/0G0W58WSLIMPOJGA3ZZP4QCU6T\" target=\"_blank\" rel=\"noreferrer nofollow noopener\" title=\"https:\/\/www.primevideo.com\/-\/es\/detail\/El-%C3%9Altimo-Gran-H%C3%A9roe\/0G0W58WSLIMPOJGA3ZZP4QCU6T\">Prime Video<\/a>, <a href=\"https:\/\/tv.apple.com\/es\/movie\/el-ultimo-gran-heroe\/umc.cmc.4vzx52uf4xb0zpuybqfjjf118\" target=\"_blank\" rel=\"noreferrer nofollow noopener\" title=\"https:\/\/tv.apple.com\/es\/movie\/el-ultimo-gran-heroe\/umc.cmc.4vzx52uf4xb0zpuybqfjjf118\">Apple TV+<\/a>, <a href=\"https:\/\/www.filmin.es\/pelicula\/el-ultimo-gran-heroe\" target=\"_blank\" rel=\"noreferrer nofollow noopener\" title=\"https:\/\/www.filmin.es\/pelicula\/el-ultimo-gran-heroe\">Filmin<\/a> o <a href=\"https:\/\/www.movistarplus.es\/cine\/el-ultimo-gran-heroe\/ficha?tipo=E&amp;id=71079\" target=\"_blank\" rel=\"noreferrer nofollow noopener\" title=\"https:\/\/www.movistarplus.es\/cine\/el-ultimo-gran-heroe\/ficha?tipo=E&amp;id=71079\">Movistar Plus+<\/a>.<\/p>\n<p>Noticias relacionadas<\/p>\n<p class=\"\">Suscr\u00edbete al <a href=\"https:\/\/www.youtube.com\/@meristation\" target=\"_self\" rel=\"nofollow noopener\" title=\"https:\/\/www.youtube.com\/@meristation\">canal de MeriStation en YouTube<\/a>, tu web de videojuegos y entretenimiento para conocer todas las noticias y novedades sobre el mundo del videojuego, cine, series, manga y anime. An\u00e1lisis, entrevistas, tr\u00e1ileres, gameplays, p\u00f3dcast y mucho m\u00e1s. Tambi\u00e9n te animamos a seguir <a href=\"https:\/\/www.tiktok.com\/@meristation\" rel=\"nofollow noopener\" title=\"https:\/\/www.tiktok.com\/@meristation\" target=\"_blank\">nuestra cuenta de TikTok<\/a>. <\/p>\n<p class=\"\">\u00a1S\u00edguenos en ambas y, si est\u00e1s interesado en licenciar este contenido, pincha <a href=\"https:\/\/profesional.elpais.com\/soluciones-sindicacion?utm_medium=interno&amp;utm_source=crosslinking&amp;utm_campaign=sindicacion_as_pie_articulos\" target=\"_blank\" rel=\"nofollow noopener\" title=\"https:\/\/profesional.elpais.com\/soluciones-sindicacion?utm_medium=interno&amp;utm_source=crosslinking&amp;utm_campaign=sindicacion_as_pie_articulos\">aqu\u00ed<\/a>!<\/p>\n<p><script async src=\"\/\/www.tiktok.com\/embed.js\"><\/script><\/p>\n","protected":false},"excerpt":{"rendered":"Arnold Schwarzenegger y Clint Eastwood son dos aut\u00e9nticas leyendas vivas de Hollywood. Ambos comparten varios aspectos de su&hellip;\n","protected":false},"author":2,"featured_media":261709,"comment_status":"","ping_status":"","sticky":false,"template":"","format":"standard","meta":{"footnotes":""},"categories":[169],"tags":[177,146,147,25,24,176,175,23],"class_list":{"0":"post-261708","1":"post","2":"type-post","3":"status-publish","4":"format-standard","5":"has-post-thumbnail","7":"category-cine","8":"tag-cine","9":"tag-entertainment","10":"tag-entretenimiento","11":"tag-es","12":"tag-espana","13":"tag-film","14":"tag-movies","15":"tag-spain"},"share_on_mastodon":{"url":"https:\/\/pubeurope.com\/@es\/115631944435261931","error":""},"_links":{"self":[{"href":"https:\/\/www.europesays.com\/es\/wp-json\/wp\/v2\/posts\/261708","targetHints":{"allow":["GET"]}}],"collection":[{"href":"https:\/\/www.europesays.com\/es\/wp-json\/wp\/v2\/posts"}],"about":[{"href":"https:\/\/www.europesays.com\/es\/wp-json\/wp\/v2\/types\/post"}],"author":[{"embeddable":true,"href":"https:\/\/www.europesays.com\/es\/wp-json\/wp\/v2\/users\/2"}],"replies":[{"embeddable":true,"href":"https:\/\/www.europesays.com\/es\/wp-json\/wp\/v2\/comments?post=261708"}],"version-history":[{"count":0,"href":"https:\/\/www.europesays.com\/es\/wp-json\/wp\/v2\/posts\/261708\/revisions"}],"wp:featuredmedia":[{"embeddable":true,"href":"https:\/\/www.europesays.com\/es\/wp-json\/wp\/v2\/media\/261709"}],"wp:attachment":[{"href":"https:\/\/www.europesays.com\/es\/wp-json\/wp\/v2\/media?parent=261708"}],"wp:term":[{"taxonomy":"category","embeddable":true,"href":"https:\/\/www.europesays.com\/es\/wp-json\/wp\/v2\/categories?post=261708"},{"taxonomy":"post_tag","embeddable":true,"href":"https:\/\/www.europesays.com\/es\/wp-json\/wp\/v2\/tags?post=261708"}],"curies":[{"name":"wp","href":"https:\/\/api.w.org\/{rel}","templated":true}]}}