{"id":261718,"date":"2025-11-29T08:08:08","date_gmt":"2025-11-29T08:08:08","guid":{"rendered":"https:\/\/www.europesays.com\/es\/261718\/"},"modified":"2025-11-29T08:08:08","modified_gmt":"2025-11-29T08:08:08","slug":"el-papa-rompe-la-tradicion-y-declina-rezar-durante-la-visita-a-la-mezquita-de-estambul","status":"publish","type":"post","link":"https:\/\/www.europesays.com\/es\/261718\/","title":{"rendered":"El Papa rompe la tradici\u00f3n y declina rezar durante la visita a la mezquita de Estambul"},"content":{"rendered":"<p style=\"\">El Papa<a href=\"https:\/\/www.abc.es\/sociedad\/papa-apoya-minoria-catolicos-turcos-vuestra-fuerza-20251128092829-nt.html\" target=\"_self\" data-voc-vtm-id=\"in-text-traffic\" title=\" Le\u00f3n XIV\" data-mrf-link=\"www.abc.es\" rel=\"nofollow noopener\"> Le\u00f3n XIV<\/a> ha decidido no rezar durante su visita a la Mezquita Azul de Estambul y ha roto la tradici\u00f3n comenzada por Benedicto XVI en este mismo lugar de reservar unos instantes para la oraci\u00f3n en silencio. El Pont\u00edfice <strong>ha declinado respetuosamente <\/strong> &#8230; <strong>la propuesta del muec\u00edn<\/strong> y ha continuado la visita con cordialidad. La decisi\u00f3n podr\u00eda estar ligada al deseo de no crispar los \u00e1nimos de nacionalistas turcos, que criticaron el hecho de que los Papas rezaran en este lugar.<\/p>\n<p class=\"voc-p\" style=\"\">\u00abMe explicaron que el Papa iba a rezar aqu\u00ed, y dije que no hab\u00eda problema\u00bb, explica a ABC el muec\u00edn de la Mezquita Azul de Estambul, quien ha acompa\u00f1ado al Papa durante su visita de 15 minutos a la mezquita m\u00e1s importante del pa\u00eds. \u00abPero cuando se lo ofrec\u00ed y le dije &#8216;Es la casa de Dios, si quiere puede rezar, le dije, si quiere puede tener un momento de culto\u00bb, y me dijo, <strong>&#8216;Est\u00e1 bien as\u00ed, continuemos la visita a la mezquita&#8217;<\/strong>\u00bb, ha a\u00f1adido. El muec\u00edn no ha criticado la decisi\u00f3n del Papa, ha dicho que \u00abnos da mucha alegr\u00eda que nos haya visitado, porque es importante estar juntos y conocernos\u00bb.<\/p>\n<p class=\"voc-p\" style=\"\">Aunque la oraci\u00f3n estaba prevista en el protocolo, lo cierto es que antes de comenzar el <a href=\"https:\/\/www.abc.es\/sociedad\/crisis-guerra-ucrania-empana-conmemoracion-1700-aniversario-20251128182652-nt.html\" target=\"_self\" data-voc-vtm-id=\"in-text-traffic\" title=\"viaje \" rel=\"nofollow noopener\">viaje <\/a> el portavoz del Vaticano hab\u00eda explicado que habr\u00eda que esperar a ver qu\u00e9 suced\u00eda durante la visita. Finalmente, la sala de prensa de la Santa Sede ha explicado que \u00abel Papa vivi\u00f3 la visita a la mezquita en silencio, en un esp\u00edritu de recogimiento y de escucha, con <strong>profundo respeto por el lugar y por la fe<\/strong> de quienes all\u00ed se re\u00fanen para orar\u00bb.<\/p>\n<p class=\"voc-p\" style=\"\">La visita del Papa Le\u00f3n a la mezquita m\u00e1s importante de Turqu\u00eda, la espectacular Mezquita Azul de Estambul es su gesto m\u00e1s importante para la <a href=\"https:\/\/www.abc.es\/sociedad\/papa-reclama-erdogan-favorezca-dialogo-presencia-mujer-20251127152127-nt.html\" target=\"_self\" data-voc-vtm-id=\"in-text-traffic\" title=\"normalizaci\u00f3n\" rel=\"nofollow noopener\">normalizaci\u00f3n<\/a> de las relaciones entre musulmanes y cristianos, pues es el cuarto pont\u00edfice consecutivo que la visita. A diferencia de sus dos predecesores no ha entrado en la antigua bas\u00edlica de Santa Sof\u00eda, pues en 2020 <strong>Erdogan la convirti\u00f3 en mezquita<\/strong> y desde entonces, unas cortinas celan sus antiguos mosaicos de la Virgen Mar\u00eda, Jes\u00fas y de los santos.<\/p>\n<p class=\"voc-p\" style=\"\">La espectacular mezquita azul, terminada de construir en 1617, se llama oficialmente <a href=\"https:\/\/www.abc.es\/sociedad\/papa-visitara-mezquita-importante-estambul-rezara-epicentro-20251027171623-nt.html\" target=\"_self\" data-voc-vtm-id=\"in-text-traffic\" title=\"\u00abMezquita del Sult\u00e1n Ahmed\u00bb\" rel=\"nofollow noopener\">\u00abMezquita del Sult\u00e1n Ahmed\u00bb<\/a> y como las grandes mezquitas otomanas de la \u00e9poca, evoca la belleza imponente de la antigua bas\u00edlica de Santa Sof\u00eda, situada a pocos metros de all\u00ed. En sus paredes y en su c\u00fapula hay 21.043 azulejos color turquesa que reflejan los rayos de sol que filtran las 260 ventanas del edificio. Es una de las pocas del mundo que cuentan con seis minaretes, s\u00f3lo uno menos que la Kaaba en La Meca.<\/p>\n<p class=\"voc-p\" style=\"\">El Papa ha entrado al filo de las nueve de la ma\u00f1ana hora de Estambul, acompa\u00f1ado por el ministro de Asuntos Religiosos, el muec\u00edn y la principal autoridad religiosa de la ciudad, el gran muft\u00ed. En la entrada <strong>se ha quitado los zapatos<\/strong> y ha caminado en calcetines por el suelo enmoquetado de burdeos y con bordados geom\u00e9tricos isl\u00e1micos.<\/p>\n<p class=\"voc-p\" style=\"\">Ha sido una visita espiritual, hecha de gestos m\u00e1s que de palabras, pues no ha habido discursos. El gran muft\u00ed le ha descrito el edificio, un lugar de gran fuerza espiritual tambi\u00e9n gracias a sus l\u00e1mparas suspendidas y sus decenas de c\u00fapulas. Tambi\u00e9n le ha se\u00f1alado unas \u00absuras\u00bb del Cor\u00e1n escritas cerca del mihrab que hablan de la Virgen Mar\u00eda. <\/p>\n<p>\nCuarto Papa en una mezquita\n<\/p>\n<p class=\"voc-p\" style=\"\">Con esta visita, Le\u00f3n XIV se convierte en el cuarto Papa que visita una mezquita, y en el tercero que entra en la Mezquita azul de Estambul. El primer Pont\u00edfice que lo hizo fue Juan Pablo II, que visit\u00f3 en el a\u00f1o 2001 la Gran Mezquita de Damasco, en Siria, y tambi\u00e9n se quit\u00f3 los zapatos a la entrada para caminar descalzo. El encuentro estuvo entonces rodeado de pol\u00e9mica por las cr\u00edticas de musulmanes a la posibilidad de que el Papa rezara en aquel lugar, donde se conserva la tumba de san Juan Bautista. Para no ponerle en apuros, el <strong>gran muft\u00ed de Damasco le invit\u00f3 a detenerse en silencio ante ese sepulcro<\/strong> \u00aby observar con calma la belleza de sus decoraciones\u00bb. Se daba por hecho que el Papa us\u00f3 ese silencio para rezar. <\/p>\n<p class=\"voc-p\" style=\"\">Algo muy diferente ocurri\u00f3 en la Mezquita Azul en 2006, cuando la visit\u00f3 Benedicto XVI. Entonces el gran muft\u00ed le mostr\u00f3 el bell\u00edsimo mihrab, que marca la direcci\u00f3n hacia donde se encuentra la Meca y hacia donde rezan los musulmanes. Entonces, fue el Papa quien propuso rezar juntos. \u00abGracias por este momento de oraci\u00f3n\u00bb, se despidi\u00f3 minutos m\u00e1s tarde del muft\u00ed. La visita de Benedicto hab\u00eda generado mucha pol\u00e9mica pues se produjo solo dos meses despu\u00e9s de su conferencia en Ratisbona, donde incluy\u00f3 una cita con palabras muy ofensivas con el Islam.<\/p>\n<p class=\"voc-p\" style=\"\">Tambi\u00e9n en este lugar el Papa Francisco coment\u00f3 informalmente al muft\u00ed el valor de la adoraci\u00f3n como \u00aboraci\u00f3n gratuita\u00bb y se detuvo ante el mihrab para rezar en silencio. \u00abEn aquel momento sent\u00ed la necesidad de orar\u00bb, explic\u00f3 el Papa durante la rueda de prensa a bordo del avi\u00f3n, mientras regresaba a Roma. \u00abLe dije: \u00ab\u00bfRezamos un poco?\u00bb. \u00abS\u00ed, s\u00ed\u00bb, dijo \u00e9l\u00bb. Y rec\u00e9 por Turqu\u00eda, por la paz, por el muft\u00ed&#8230; por todos&#8230;, por m\u00ed, que lo necesito&#8230; Rec\u00e9 de verdad. Y rec\u00e9 sobre todo por la paz. Dije: \u00abSe\u00f1or, terminemos con la guerra\u00bb. Fue un momento de oraci\u00f3n sincera\u00bb, asegur\u00f3.<\/p>\n<p class=\"voc-p\" style=\"\">Una vez concluida la visita a la mezquita, el Papa Le\u00f3n se ha trasladado a un encuentro privado con los patriarcas cristianos que viven en Turqu\u00eda. A diferencia de sus predecesores, su agenda no ha incluido una visita a la antigua Santa Sof\u00eda. Los cat\u00f3licos turcos no han dado importancia al hecho de que el Papa no visite Santa Sof\u00eda. \u00abNo estaba previsto que la visitara porque se ha seleccionado esta mezquita. Sus predecesores la visitaron porque era un museo\u00bb, explican a ABC fuentes de la Iglesia cat\u00f3lica de Estambul.<\/p>\n<p>\nSanta Sof\u00eda, ausente\n<\/p>\n<p class=\"voc-p\" style=\"\">Al llegar s\u00ed que ha visto los muros de Santa Sof\u00eda, la bas\u00edlica inaugurada en el a\u00f1o 537 como coraz\u00f3n cristiano del Imperio bizantina. Era la sede del Patriarca de Constantinopla, ortodoxo, la catedral m\u00e1s grande del mundo cristiano, y su c\u00fapula daba la bienvenida a los viajeros que llegaban por el B\u00f3sforo. Durante la \u00abCuarta Cruzada\u00bb, en 1204, fue saqueada y profanada por los cat\u00f3licos, que se apropiaron de ella hasta 1261 cuando fue recuperada por los bizantinos. <\/p>\n<p class=\"voc-p\" style=\"\">En 1453, con la conquista de Constantinopla, fue asediada y quienes se refugiaban dentro convertidos en esclavos. Luego, los otomanos la transformaron en mezquita, recubrieron con yeso sus mosaicos e instalaron una media luna en su c\u00faspide. <\/p>\n<p class=\"voc-p\" style=\"\">En 1934 Atat\u00fcrk la convirti\u00f3 en museo. En junio de 2020, Erdogan decret\u00f3 que volver\u00eda a ser una mezquita y desde entonces fueron cubiertos sus mosaicos cristianos. Fue un golpe maestro para este h\u00e1bil jugador, que no duda en aprovecharse del factor religioso para obtener beneficios pol\u00edticos. \u00abPienso en Santa Sof\u00eda, y estoy muy dolido\u00bb, dijo pocos d\u00edas despu\u00e9s el Papa Francisco desde la ventana del Palacio Apost\u00f3lico. No hubo respuesta. S\u00f3lo seis a\u00f1os antes, cuando la visit\u00f3, hab\u00eda escrito en el libro de visitas unas premonitorias palabras en griego: \u00abSanta Sof\u00eda de Dios\u00bb (\u00ab\u0391\u03b3\u03af\u03b1 \u03a3\u03bf\u03c6\u03af\u03b1 \u03c4\u03bf\u03c5 \u0398\u03b5\u03bf\u03cd\u00bb). <\/p>\n<p class=\"voc-p\" style=\"\">Aunque la Constituci\u00f3n turca recuerda que se trata de un pa\u00eds secular que te\u00f3ricamente garantiza las libertades de conciencia, de religi\u00f3n, de expresi\u00f3n y de culto, se impone el hecho de que el 98,2% de sus habitantes son musulmanes. No siempre ha sido as\u00ed. Cuando el italiano Paolo Bizzetti era obispo de Anatolia recordaba que cuando en 1923 naci\u00f3 la Turqu\u00eda moderna, el pa\u00eds contaba con unas 3.000 mezquitas y que cien a\u00f1os m\u00e1s tarde hay m\u00e1s de 80.000. \u00abHay muchos menos museos que mezquitas, no tiene sentido cerrar uno para abrir otra\u00bb, ironizaban algunos ante lo ocurrido en Santa Sof\u00eda.<\/p>\n","protected":false},"excerpt":{"rendered":"El Papa Le\u00f3n XIV ha decidido no rezar durante su visita a la Mezquita Azul de Estambul y&hellip;\n","protected":false},"author":2,"featured_media":261719,"comment_status":"","ping_status":"","sticky":false,"template":"","format":"standard","meta":{"footnotes":""},"categories":[42],"tags":[17,18,22150,17777,13,14,11,61,62,63,64,19,20,17657,9,10,15,16,12629,18116,105,12,8595,21,22,938,65,66,67],"class_list":{"0":"post-261718","1":"post","2":"type-post","3":"status-publish","4":"format-standard","5":"has-post-thumbnail","7":"category-internacional","8":"tag-breaking-news","9":"tag-breakingnews","10":"tag-declina","11":"tag-estambul","12":"tag-featured-news","13":"tag-featurednews","14":"tag-headlines","15":"tag-internacional","16":"tag-international","17":"tag-international-news","18":"tag-internationalnews","19":"tag-latest-news","20":"tag-latestnews","21":"tag-mezquita","22":"tag-news","23":"tag-noticias","24":"tag-noticias-destacadas","25":"tag-noticiasdestacadas","26":"tag-papa","27":"tag-rezar","28":"tag-rompe","29":"tag-titulares","30":"tag-tradicion","31":"tag-ultimas-noticias","32":"tag-ultimasnoticias","33":"tag-visita","34":"tag-world","35":"tag-world-news","36":"tag-worldnews"},"share_on_mastodon":{"url":"https:\/\/pubeurope.com\/@es\/115631967923195240","error":""},"_links":{"self":[{"href":"https:\/\/www.europesays.com\/es\/wp-json\/wp\/v2\/posts\/261718","targetHints":{"allow":["GET"]}}],"collection":[{"href":"https:\/\/www.europesays.com\/es\/wp-json\/wp\/v2\/posts"}],"about":[{"href":"https:\/\/www.europesays.com\/es\/wp-json\/wp\/v2\/types\/post"}],"author":[{"embeddable":true,"href":"https:\/\/www.europesays.com\/es\/wp-json\/wp\/v2\/users\/2"}],"replies":[{"embeddable":true,"href":"https:\/\/www.europesays.com\/es\/wp-json\/wp\/v2\/comments?post=261718"}],"version-history":[{"count":0,"href":"https:\/\/www.europesays.com\/es\/wp-json\/wp\/v2\/posts\/261718\/revisions"}],"wp:featuredmedia":[{"embeddable":true,"href":"https:\/\/www.europesays.com\/es\/wp-json\/wp\/v2\/media\/261719"}],"wp:attachment":[{"href":"https:\/\/www.europesays.com\/es\/wp-json\/wp\/v2\/media?parent=261718"}],"wp:term":[{"taxonomy":"category","embeddable":true,"href":"https:\/\/www.europesays.com\/es\/wp-json\/wp\/v2\/categories?post=261718"},{"taxonomy":"post_tag","embeddable":true,"href":"https:\/\/www.europesays.com\/es\/wp-json\/wp\/v2\/tags?post=261718"}],"curies":[{"name":"wp","href":"https:\/\/api.w.org\/{rel}","templated":true}]}}